{"id":20750,"date":"2026-09-03T23:53:59","date_gmt":"2026-09-03T23:53:59","guid":{"rendered":"https:\/\/radiostavanger.no\/?p=20750"},"modified":"2026-09-03T23:53:59","modified_gmt":"2026-09-03T23:53:59","slug":"meklingen-pa-stortinget-fortsetter-pa-overtid-radio-stavanger","status":"publish","type":"post","link":"https:\/\/radiostavanger.no\/?p=20750","title":{"rendered":"Meklingen p\u00e5 Stortinget fortsetter p\u00e5 overtid \u2013 Radio Stavanger"},"content":{"rendered":"<p><br \/>\n<\/p>\n<div id=\"mvp-content-main\">\n<p class=\"radioh-ingress\"><strong>Meklingen i l\u00f8nnsoppgj\u00f8ret for de ansatte i Stortingets administrasjon fortsetter p\u00e5 overtid natt til fredag.<\/strong>\n<\/p>\n<p><strong>Innenriks<\/strong>: Arbeidstakerorganisasjonene Unio, Norsk Tjenestemannslag (NTL) og Parat st\u00e5r p\u00e5 den ene siden og Stortingets administrasjon p\u00e5 den andre.\n<\/p>\n<p>Meklingen startet torsdag formiddag etter at forhandlingene om en ny tariffavtale for de ansatte p\u00e5 Stortinget br\u00f8t sammen tidligere i sommer.\n<\/p>\n<p>Stortinget har en egen direkte tariffavtale som forhandles selvstendig, men den f\u00f8lger i stor grad statens avtaleverk.\n<\/p>\n<p>Det er varslet plassoppsigelse for 337 av de rundt 520 ansatte p\u00e5 Stortinget.<\/p>\n<p>Dersom partene ikke finner en l\u00f8sning, kan 42 ansatte g\u00e5 ut i streik fredag morgen. Parat har varslet at \u00e5tte medlemmer tas ut, mens Unio tar ut ti og NTL 24 medlemmer. En streik kan i verste fall f\u00f8re til full stans i Stortingets arbeid.\n<\/p>\n<p>(\u00a9NTB)\n<\/p>\n<\/p><\/div>\n<p><script async defer crossorigin=\"anonymous\" data-lazy=\"w3tc\" data-src=\"https:\/\/connect.facebook.net\/nb_NO\/sdk.js#xfbml=1&#038;version=v18.0\"><\/script><br \/>\n<br \/><br \/>\n<br \/><a href=\"https:\/\/radioh.no\/meklingen-pa-stortinget-fortsetter-pa-overtid\/\">Kilde <\/a><\/p>","protected":false},"excerpt":{"rendered":"<p>Meklingen i l\u00f8nnsoppgj\u00f8ret for de ansatte i Stortingets administrasjon fortsetter p\u00e5 overtid natt til fredag. Innenriks: Arbeidstakerorganisasjonene Unio, Norsk Tjenestemannslag (NTL) og Parat st\u00e5r p\u00e5 den ene siden og Stortingets administrasjon p\u00e5 den andre. Meklingen startet torsdag formiddag etter at forhandlingene om en ny tariffavtale for de ansatte p\u00e5 Stortinget br\u00f8t sammen tidligere i sommer. [&hellip;]<\/p>","protected":false},"author":1,"featured_media":20751,"comment_status":"","ping_status":"","sticky":false,"template":"","format":"standard","meta":{"footnotes":""},"categories":[107],"tags":[],"tmauthors":[],"class_list":["post-20750","post","type-post","status-publish","format-standard","has-post-thumbnail","category-nyheter"],"_links":{"self":[{"href":"https:\/\/radiostavanger.no\/index.php?rest_route=\/wp\/v2\/posts\/20750","targetHints":{"allow":["GET"]}}],"collection":[{"href":"https:\/\/radiostavanger.no\/index.php?rest_route=\/wp\/v2\/posts"}],"about":[{"href":"https:\/\/radiostavanger.no\/index.php?rest_route=\/wp\/v2\/types\/post"}],"author":[{"embeddable":true,"href":"https:\/\/radiostavanger.no\/index.php?rest_route=\/wp\/v2\/users\/1"}],"replies":[{"embeddable":true,"href":"https:\/\/radiostavanger.no\/index.php?rest_route=%2Fwp%2Fv2%2Fcomments&post=20750"}],"version-history":[{"count":0,"href":"https:\/\/radiostavanger.no\/index.php?rest_route=\/wp\/v2\/posts\/20750\/revisions"}],"wp:featuredmedia":[{"embeddable":true,"href":"https:\/\/radiostavanger.no\/index.php?rest_route=\/wp\/v2\/media\/20751"}],"wp:attachment":[{"href":"https:\/\/radiostavanger.no\/index.php?rest_route=%2Fwp%2Fv2%2Fmedia&parent=20750"}],"wp:term":[{"taxonomy":"category","embeddable":true,"href":"https:\/\/radiostavanger.no\/index.php?rest_route=%2Fwp%2Fv2%2Fcategories&post=20750"},{"taxonomy":"post_tag","embeddable":true,"href":"https:\/\/radiostavanger.no\/index.php?rest_route=%2Fwp%2Fv2%2Ftags&post=20750"},{"taxonomy":"tmauthors","embeddable":true,"href":"https:\/\/radiostavanger.no\/index.php?rest_route=%2Fwp%2Fv2%2Ftmauthors&post=20750"}],"curies":[{"name":"wp","href":"https:\/\/api.w.org\/{rel}","templated":true}]}}