{"id":20752,"date":"2026-09-04T00:43:54","date_gmt":"2026-09-04T00:43:54","guid":{"rendered":"https:\/\/radiostavanger.no\/?p=20752"},"modified":"2026-09-04T00:43:54","modified_gmt":"2026-09-04T00:43:54","slug":"trump-raser-etter-valgkart-nei-fra-hoyesterett-radio-stavanger","status":"publish","type":"post","link":"https:\/\/radiostavanger.no\/?p=20752","title":{"rendered":"Trump raser etter valgkart-nei fra h\u00f8yesterett \u2013 Radio Stavanger"},"content":{"rendered":"<p><br \/>\n<\/p>\n<div id=\"mvp-content-main\">\n<p class=\"radioh-ingress\"><strong>H\u00f8yesterett i Missouri har blokkert et nytt kongresskart fra \u00e5 bli brukt ved mellomvalget i november. President Trump kaller kjennelsen latterlig og grunnlovsstridig.<\/strong>\n<\/p>\n<p><strong>USAs<\/strong>: Kjennelsen fra h\u00f8yesterett sl\u00e5r fast at kartet, som var tegnet av republikanerne, m\u00e5 godkjennes av velgerne i en folkeavstemning i november f\u00f8r det eventuelt kan tre i kraft.\n<\/p>\n<p>Kartet endrer de geografiske grensene for valgkretsene til fordel for det republikanske partiets kandidater.\n<\/p>\n<p>\u2013 Problemet er, if\u00f8lge juridiske eksperter, at kjennelsen ikke bare er forferdelig, latterlig og grunnlovsstridig, men det vil heller ikke v\u00e6re nok tid til \u00e5 endre kartet tilbake med valget som n\u00e6rmer seg i l\u00f8pet av sv\u00e6rt kort tid, skriver president Donald Trump p\u00e5 Truth Social.\n<\/p>\n<p>Det er ikke klart hvordan kjennelsen vil p\u00e5virke kandidater som stiller til valg i november. Delstaten avholdt prim\u00e6rvalg under det nye kartet forrige m\u00e5ned, og retten har ikke presisert hvordan de nominerte skal velges n\u00e5 som det gamle kartet er gjeninnf\u00f8rt.<\/p>\n<p>Kjennelsen vil bli anket til USAs f\u00f8derale h\u00f8yesterett, skriver delstatens republikanske statsadvokat, Catherine Hanaway, p\u00e5 X.\n<\/p>\n<p>\u2013 Denne avgj\u00f8relsen er klart i strid med f\u00f8deral lov og har kastet delstaten v\u00e5r ut i en fullstendig konstitusjonell krise, skriver statsadvokaten.\n<\/p>\n<p>Missouri var blant en rekke delstater som enten innf\u00f8rte nye kart eller tok initiativ til \u00e5 gj\u00f8re det, som del av en ekstraordin\u00e6r omtegningskamp midt i valgperioden. Den startet da Trump med hell oppfordret Texas-republikanerne til \u00e5 rive opp delstatens kongresskart.\n<\/p>\n<p>(\u00a9NTB)\n<\/p>\n<\/p><\/div>\n<p><script async defer crossorigin=\"anonymous\" data-lazy=\"w3tc\" data-src=\"https:\/\/connect.facebook.net\/nb_NO\/sdk.js#xfbml=1&#038;version=v18.0\"><\/script><br \/>\n<br \/><br \/>\n<br \/><a href=\"https:\/\/radioh.no\/trump-raser-etter-valgkart-nei-fra-hoyesterett\/\">Kilde <\/a><\/p>","protected":false},"excerpt":{"rendered":"<p>H\u00f8yesterett i Missouri har blokkert et nytt kongresskart fra \u00e5 bli brukt ved mellomvalget i november. President Trump kaller kjennelsen latterlig og grunnlovsstridig. USAs: Kjennelsen fra h\u00f8yesterett sl\u00e5r fast at kartet, som var tegnet av republikanerne, m\u00e5 godkjennes av velgerne i en folkeavstemning i november f\u00f8r det eventuelt kan tre i kraft. Kartet endrer de [&hellip;]<\/p>","protected":false},"author":1,"featured_media":0,"comment_status":"","ping_status":"","sticky":false,"template":"","format":"standard","meta":{"footnotes":""},"categories":[107],"tags":[],"tmauthors":[],"class_list":["post-20752","post","type-post","status-publish","format-standard","category-nyheter"],"_links":{"self":[{"href":"https:\/\/radiostavanger.no\/index.php?rest_route=\/wp\/v2\/posts\/20752","targetHints":{"allow":["GET"]}}],"collection":[{"href":"https:\/\/radiostavanger.no\/index.php?rest_route=\/wp\/v2\/posts"}],"about":[{"href":"https:\/\/radiostavanger.no\/index.php?rest_route=\/wp\/v2\/types\/post"}],"author":[{"embeddable":true,"href":"https:\/\/radiostavanger.no\/index.php?rest_route=\/wp\/v2\/users\/1"}],"replies":[{"embeddable":true,"href":"https:\/\/radiostavanger.no\/index.php?rest_route=%2Fwp%2Fv2%2Fcomments&post=20752"}],"version-history":[{"count":0,"href":"https:\/\/radiostavanger.no\/index.php?rest_route=\/wp\/v2\/posts\/20752\/revisions"}],"wp:attachment":[{"href":"https:\/\/radiostavanger.no\/index.php?rest_route=%2Fwp%2Fv2%2Fmedia&parent=20752"}],"wp:term":[{"taxonomy":"category","embeddable":true,"href":"https:\/\/radiostavanger.no\/index.php?rest_route=%2Fwp%2Fv2%2Fcategories&post=20752"},{"taxonomy":"post_tag","embeddable":true,"href":"https:\/\/radiostavanger.no\/index.php?rest_route=%2Fwp%2Fv2%2Ftags&post=20752"},{"taxonomy":"tmauthors","embeddable":true,"href":"https:\/\/radiostavanger.no\/index.php?rest_route=%2Fwp%2Fv2%2Ftmauthors&post=20752"}],"curies":[{"name":"wp","href":"https:\/\/api.w.org\/{rel}","templated":true}]}}