{"id":20759,"date":"2026-09-04T03:52:37","date_gmt":"2026-09-04T03:52:37","guid":{"rendered":"https:\/\/radiostavanger.no\/?p=20759"},"modified":"2026-09-04T03:52:37","modified_gmt":"2026-09-04T03:52:37","slug":"andre-hendelser-klepp-borestranden-politiet-no","status":"publish","type":"post","link":"https:\/\/radiostavanger.no\/?p=20759","title":{"rendered":"Andre hendelser: Klepp, Borestranden &#8211; Politiet.no"},"content":{"rendered":"<p><br \/> <\/p> <div hidden=\"\" id=\"S:4\"> <header class=\"flex flex-col\"><sds-heading level=\"h1\" size=\"xl\" class=\"mt-4 mb-3\">Andre hendelser<!-- -->: <!-- -->Klepp, Borestranden<\/sds-heading><sds-text size=\"md\"><!-- -->.\u00a0Saken\u00a0<!-- -->er avsluttet.<\/sds-text><\/header> <section class=\"flex flex-col mt-10\"><sds-heading level=\"h2\" size=\"md\"><\/sds-heading><\/p> <p><sds-icon size=\"md\" name=\"info-material-filled\" aria-hidden=\"\" color=\"var(--sds-color-alert-info-action-active)\" label=\"\"\/><sds-text size=\"md\"><\/sds-text><\/p> <ol aria-busy=\"true\" class=\"p-0 mt-4\"> <li class=\"flex flex-row mb-2 gap-3 before:content-none group\"> <p><span class=\"text-[1rem] leading-[1rem]\"><time datetime=\"2026-09-04T03:51:44.790Z\"><span class=\"font-bold\">05:51<\/span>\u00a0<\/time><\/span><sds-text class=\"my-3\" size=\"md\">En b\u00e5t 33 fot aluminium arbeidsb\u00e5t som HRS har hatt redningsaksjon p\u00e5 vil drive\/har drevet p\u00e5 land snarlig. HRS har ledet en bergingsoperasjon i natt. Iflg HRS er det ingen som er skadet. Det skal ha v\u00e6rt to personer i b\u00e5ten.<\/sds-text><\/p> <\/li> <\/ol> <\/section> <\/div> <p><br \/> <br \/><a href=\"https:\/\/www.politiet.no\/politiloggen\/hendelse\/26jkjs\/0\">Source link <\/a><\/p>","protected":false},"excerpt":{"rendered":"<p>Andre hendelser: Klepp, Borestranden.\u00a0Saken\u00a0er avsluttet. 05:51\u00a0En b\u00e5t 33 fot aluminium arbeidsb\u00e5t som HRS har hatt redningsaksjon p\u00e5 vil drive\/har drevet p\u00e5 land snarlig. HRS har ledet en bergingsoperasjon i natt. Iflg HRS er det ingen som er skadet. Det skal ha v\u00e6rt to personer i b\u00e5ten. Source link<\/p>","protected":false},"author":1,"featured_media":15813,"comment_status":"","ping_status":"","sticky":false,"template":"","format":"standard","meta":{"footnotes":""},"categories":[113],"tags":[],"tmauthors":[],"class_list":["post-20759","post","type-post","status-publish","format-standard","has-post-thumbnail","category-politilogg"],"_links":{"self":[{"href":"https:\/\/radiostavanger.no\/index.php?rest_route=\/wp\/v2\/posts\/20759","targetHints":{"allow":["GET"]}}],"collection":[{"href":"https:\/\/radiostavanger.no\/index.php?rest_route=\/wp\/v2\/posts"}],"about":[{"href":"https:\/\/radiostavanger.no\/index.php?rest_route=\/wp\/v2\/types\/post"}],"author":[{"embeddable":true,"href":"https:\/\/radiostavanger.no\/index.php?rest_route=\/wp\/v2\/users\/1"}],"replies":[{"embeddable":true,"href":"https:\/\/radiostavanger.no\/index.php?rest_route=%2Fwp%2Fv2%2Fcomments&post=20759"}],"version-history":[{"count":0,"href":"https:\/\/radiostavanger.no\/index.php?rest_route=\/wp\/v2\/posts\/20759\/revisions"}],"wp:featuredmedia":[{"embeddable":true,"href":"https:\/\/radiostavanger.no\/index.php?rest_route=\/wp\/v2\/media\/15813"}],"wp:attachment":[{"href":"https:\/\/radiostavanger.no\/index.php?rest_route=%2Fwp%2Fv2%2Fmedia&parent=20759"}],"wp:term":[{"taxonomy":"category","embeddable":true,"href":"https:\/\/radiostavanger.no\/index.php?rest_route=%2Fwp%2Fv2%2Fcategories&post=20759"},{"taxonomy":"post_tag","embeddable":true,"href":"https:\/\/radiostavanger.no\/index.php?rest_route=%2Fwp%2Fv2%2Ftags&post=20759"},{"taxonomy":"tmauthors","embeddable":true,"href":"https:\/\/radiostavanger.no\/index.php?rest_route=%2Fwp%2Fv2%2Ftmauthors&post=20759"}],"curies":[{"name":"wp","href":"https:\/\/api.w.org\/{rel}","templated":true}]}}