{"id":20773,"date":"2026-09-04T05:00:02","date_gmt":"2026-09-04T05:00:02","guid":{"rendered":"https:\/\/radiostavanger.no\/?p=20773"},"modified":"2026-09-04T05:00:02","modified_gmt":"2026-09-04T05:00:02","slug":"eu-gir-200-millioner-euro-til-gronland-radio-stavanger","status":"publish","type":"post","link":"https:\/\/radiostavanger.no\/?p=20773","title":{"rendered":"EU gir 200 millioner euro til Gr\u00f8nland \u2013 Radio Stavanger"},"content":{"rendered":"<p><br \/>\n<\/p>\n<div id=\"mvp-content-main\">\n<p class=\"radioh-ingress\"><strong>EU-kommisjonens leder Ursula von der Leyen ventes \u00e5 kunngj\u00f8re en finansieringspakke p\u00e5 200 millioner euro til Gr\u00f8nland under sitt bes\u00f8k i helgen.<\/strong>\n<\/p>\n<p><strong>Utenriks<\/strong>: Von der Leyen skal kunngj\u00f8re finansieringspakken for 2026 og 2027 under bes\u00f8ket s\u00f8ndag, skriver Financial Times, som viser til to kilder som har blitt informert om turen.\n<\/p>\n<p>Pengene skal investeres i kritiske r\u00e5materialer, fornybar energi, undersj\u00f8iske kabler, satellittforbindelser og datasentre, if\u00f8lge de to tjenestemennene.\n<\/p>\n<p>En del av midlene skal ogs\u00e5 g\u00e5 til den gr\u00f8nlandske regjeringen for \u00e5 forbedre administrasjonen.\n<\/p>\n<p>Pengene kommer i tillegg til eksisterende 225 millioner euro som allerede er tildelt Gr\u00f8nland fra det europeiske fellesbudsjettet for 2021 til 2027.<\/p>\n<p>If\u00f8lge avisen skal von der Leyen ogs\u00e5 undertegne en erkl\u00e6ring som tar sikte p\u00e5 \u00e5 styrke de \u00f8konomiske b\u00e5ndene mellom EU og den arktiske \u00f8ya.\n<\/p>\n<p>(\u00a9NTB)\n<\/p>\n<\/p><\/div>\n<p><script async defer crossorigin=\"anonymous\" data-lazy=\"w3tc\" data-src=\"https:\/\/connect.facebook.net\/nb_NO\/sdk.js#xfbml=1&#038;version=v18.0\"><\/script><br \/>\n<br \/><br \/>\n<br \/><a href=\"https:\/\/radioh.no\/financial-times-eu-gir-200-millioner-euro-til-gronland\/\">Kilde <\/a><\/p>","protected":false},"excerpt":{"rendered":"<p>EU-kommisjonens leder Ursula von der Leyen ventes \u00e5 kunngj\u00f8re en finansieringspakke p\u00e5 200 millioner euro til Gr\u00f8nland under sitt bes\u00f8k i helgen. Utenriks: Von der Leyen skal kunngj\u00f8re finansieringspakken for 2026 og 2027 under bes\u00f8ket s\u00f8ndag, skriver Financial Times, som viser til to kilder som har blitt informert om turen. Pengene skal investeres i kritiske [&hellip;]<\/p>","protected":false},"author":1,"featured_media":20774,"comment_status":"","ping_status":"","sticky":false,"template":"","format":"standard","meta":{"footnotes":""},"categories":[107],"tags":[],"tmauthors":[],"class_list":["post-20773","post","type-post","status-publish","format-standard","has-post-thumbnail","category-nyheter"],"_links":{"self":[{"href":"https:\/\/radiostavanger.no\/index.php?rest_route=\/wp\/v2\/posts\/20773","targetHints":{"allow":["GET"]}}],"collection":[{"href":"https:\/\/radiostavanger.no\/index.php?rest_route=\/wp\/v2\/posts"}],"about":[{"href":"https:\/\/radiostavanger.no\/index.php?rest_route=\/wp\/v2\/types\/post"}],"author":[{"embeddable":true,"href":"https:\/\/radiostavanger.no\/index.php?rest_route=\/wp\/v2\/users\/1"}],"replies":[{"embeddable":true,"href":"https:\/\/radiostavanger.no\/index.php?rest_route=%2Fwp%2Fv2%2Fcomments&post=20773"}],"version-history":[{"count":0,"href":"https:\/\/radiostavanger.no\/index.php?rest_route=\/wp\/v2\/posts\/20773\/revisions"}],"wp:featuredmedia":[{"embeddable":true,"href":"https:\/\/radiostavanger.no\/index.php?rest_route=\/wp\/v2\/media\/20774"}],"wp:attachment":[{"href":"https:\/\/radiostavanger.no\/index.php?rest_route=%2Fwp%2Fv2%2Fmedia&parent=20773"}],"wp:term":[{"taxonomy":"category","embeddable":true,"href":"https:\/\/radiostavanger.no\/index.php?rest_route=%2Fwp%2Fv2%2Fcategories&post=20773"},{"taxonomy":"post_tag","embeddable":true,"href":"https:\/\/radiostavanger.no\/index.php?rest_route=%2Fwp%2Fv2%2Ftags&post=20773"},{"taxonomy":"tmauthors","embeddable":true,"href":"https:\/\/radiostavanger.no\/index.php?rest_route=%2Fwp%2Fv2%2Ftmauthors&post=20773"}],"curies":[{"name":"wp","href":"https:\/\/api.w.org\/{rel}","templated":true}]}}