{"id":20780,"date":"2026-09-04T05:31:59","date_gmt":"2026-09-04T05:31:59","guid":{"rendered":"https:\/\/radiostavanger.no\/?p=20780"},"modified":"2026-09-04T05:31:59","modified_gmt":"2026-09-04T05:31:59","slug":"trafikk-stavanger-byfjordtunnelen-politiet-no-2","status":"publish","type":"post","link":"https:\/\/radiostavanger.no\/?p=20780","title":{"rendered":"Trafikk: Stavanger, Byfjordtunnelen &#8211; Politiet.no"},"content":{"rendered":"<p><br \/> <\/p> <div id=\"\"> <p><span class=\"text-[1rem] leading-[1rem]\"><time datetime=\"2026-09-04T05:29:33.837Z\"><span class=\"font-bold\">07:29<\/span>\u00a0<\/time><\/span><sds-text class=\"my-3\" size=\"md\">Kranbilen har f\u00e5tt tekniske problemer og trenger \u00e5 berges. Det er en stor kranbil, s\u00e5 det kan ta noe tid \u00e5 f\u00e5 den ut. Trafikken g\u00e5r i redusert fart.<\/sds-text><\/p> <\/div> <div id=\"\"> <p><span class=\"text-[1rem] leading-[1rem]\"><time datetime=\"2026-09-04T04:57:59.006Z\"><span class=\"font-bold\">06:57<\/span>\u00a0<\/time><\/span><sds-text class=\"my-3\" size=\"md\">Kl. 0648 fikk politiet melding om at Byfjordtunnelen er stengt, grunnet en st\u00f8rre kranbil som st\u00e5r i tunnelen. Bilberger er bestilt. Politiet er p\u00e5 vei ut. Det er \u00e5pnet et felt og det er redusert hastighet.<\/sds-text><\/p> <\/div> <p><br \/> <br \/><a href=\"https:\/\/www.politiet.no\/politiloggen\/hendelse\/2611q8\/1\">Source link <\/a><\/p>","protected":false},"excerpt":{"rendered":"<p>07:29\u00a0Kranbilen har f\u00e5tt tekniske problemer og trenger \u00e5 berges. Det er en stor kranbil, s\u00e5 det kan ta noe tid \u00e5 f\u00e5 den ut. Trafikken g\u00e5r i redusert fart. 06:57\u00a0Kl. 0648 fikk politiet melding om at Byfjordtunnelen er stengt, grunnet en st\u00f8rre kranbil som st\u00e5r i tunnelen. Bilberger er bestilt. Politiet er p\u00e5 vei ut. [&hellip;]<\/p>","protected":false},"author":1,"featured_media":15790,"comment_status":"","ping_status":"","sticky":false,"template":"","format":"standard","meta":{"footnotes":""},"categories":[113],"tags":[],"tmauthors":[],"class_list":["post-20780","post","type-post","status-publish","format-standard","has-post-thumbnail","category-politilogg"],"_links":{"self":[{"href":"https:\/\/radiostavanger.no\/index.php?rest_route=\/wp\/v2\/posts\/20780","targetHints":{"allow":["GET"]}}],"collection":[{"href":"https:\/\/radiostavanger.no\/index.php?rest_route=\/wp\/v2\/posts"}],"about":[{"href":"https:\/\/radiostavanger.no\/index.php?rest_route=\/wp\/v2\/types\/post"}],"author":[{"embeddable":true,"href":"https:\/\/radiostavanger.no\/index.php?rest_route=\/wp\/v2\/users\/1"}],"replies":[{"embeddable":true,"href":"https:\/\/radiostavanger.no\/index.php?rest_route=%2Fwp%2Fv2%2Fcomments&post=20780"}],"version-history":[{"count":0,"href":"https:\/\/radiostavanger.no\/index.php?rest_route=\/wp\/v2\/posts\/20780\/revisions"}],"wp:featuredmedia":[{"embeddable":true,"href":"https:\/\/radiostavanger.no\/index.php?rest_route=\/wp\/v2\/media\/15790"}],"wp:attachment":[{"href":"https:\/\/radiostavanger.no\/index.php?rest_route=%2Fwp%2Fv2%2Fmedia&parent=20780"}],"wp:term":[{"taxonomy":"category","embeddable":true,"href":"https:\/\/radiostavanger.no\/index.php?rest_route=%2Fwp%2Fv2%2Fcategories&post=20780"},{"taxonomy":"post_tag","embeddable":true,"href":"https:\/\/radiostavanger.no\/index.php?rest_route=%2Fwp%2Fv2%2Ftags&post=20780"},{"taxonomy":"tmauthors","embeddable":true,"href":"https:\/\/radiostavanger.no\/index.php?rest_route=%2Fwp%2Fv2%2Ftmauthors&post=20780"}],"curies":[{"name":"wp","href":"https:\/\/api.w.org\/{rel}","templated":true}]}}