{"id":20783,"date":"2026-09-04T06:14:59","date_gmt":"2026-09-04T06:14:59","guid":{"rendered":"https:\/\/radiostavanger.no\/?p=20783"},"modified":"2026-09-04T06:14:59","modified_gmt":"2026-09-04T06:14:59","slug":"rema-kan-fa-tomme-hyller-mulig-streik-fra-lordag-radio-stavanger","status":"publish","type":"post","link":"https:\/\/radiostavanger.no\/?p=20783","title":{"rendered":"Rema kan f\u00e5 tomme hyller \u2013 mulig streik fra l\u00f8rdag \u2013 Radio Stavanger"},"content":{"rendered":"<p><br \/>\n<\/p>\n<div id=\"mvp-content-main\">\n<p class=\"radioh-ingress\"><strong>Vareleveranser til Rema 1000-butikker over hele landet kan bli rammet av streik l\u00f8rdag morgen.<\/strong>\n<\/p>\n<p><strong>Innenriks<\/strong>: Partene har frist til midnatt fredag for \u00e5 komme til enighet om grossistavtalen, skriver E24.\n<\/p>\n<p>\u2013 Vi har ingen intensjon om \u00e5 ramme tredjepart, men en streik vil n\u00f8dvendigvis f\u00e5 konsekvenser. For Rema 1000 vil stans i vareflyten raskt kunne merkes i butikkhyllene, sier forhandlingsleder Mohammed Malik i Fellesforbundet.\n<\/p>\n<p>Fellesforbundet og Yrkestrafikkforbundet forhandler med NHO Service og Handel for \u00e5 komme fram til en avtale. Om meklingen ikke n\u00e5r fram, g\u00e5r til sammen 700 medlemmer ut i streik.\n<\/p>\n<p>411 av dem jobber i Rema Distribusjon. Ogs\u00e5 Thon Hotels og Felleskj\u00f8pet vil bli rammet.<\/p>\n<p>Rema 1000 forbereder seg p\u00e5 at vareflyten kan bli rammet.\n<\/p>\n<p>\u2013 Vi er forberedt og foretar l\u00f8pende vurderinger for \u00e5 opprettholde ansvarlig drift og leveranser, innen rammene av lovverket og arbeidslivets spilleregler som gjelder i denne situasjonen, sier direkt\u00f8r for kommunikasjon og samfunnskontakt Marte Ramuz Eriksen.\n<\/p>\n<p>Fagforbundene krever \u00f8kt kj\u00f8pekraft og forskuttering av syke-, pleie- og foreldrepenger fra arbeidsgiver slik at ansatte skal slippe \u00e5 vente p\u00e5 utbetaling fra Nav.\n<\/p>\n<p>(\u00a9NTB)\n<\/p>\n<\/p><\/div>\n<p><script async defer crossorigin=\"anonymous\" data-lazy=\"w3tc\" data-src=\"https:\/\/connect.facebook.net\/nb_NO\/sdk.js#xfbml=1&#038;version=v18.0\"><\/script><br \/>\n<br \/><br \/>\n<br \/><a href=\"https:\/\/radioh.no\/ekspertgruppe-skal-gjennomga-nav-sv-kritisk-til-gruppens-sammensetning\/\">Kilde <\/a><\/p>","protected":false},"excerpt":{"rendered":"<p>Vareleveranser til Rema 1000-butikker over hele landet kan bli rammet av streik l\u00f8rdag morgen. Innenriks: Partene har frist til midnatt fredag for \u00e5 komme til enighet om grossistavtalen, skriver E24. \u2013 Vi har ingen intensjon om \u00e5 ramme tredjepart, men en streik vil n\u00f8dvendigvis f\u00e5 konsekvenser. For Rema 1000 vil stans i vareflyten raskt kunne [&hellip;]<\/p>","protected":false},"author":1,"featured_media":20784,"comment_status":"","ping_status":"","sticky":false,"template":"","format":"standard","meta":{"footnotes":""},"categories":[107],"tags":[],"tmauthors":[],"class_list":["post-20783","post","type-post","status-publish","format-standard","has-post-thumbnail","category-nyheter"],"_links":{"self":[{"href":"https:\/\/radiostavanger.no\/index.php?rest_route=\/wp\/v2\/posts\/20783","targetHints":{"allow":["GET"]}}],"collection":[{"href":"https:\/\/radiostavanger.no\/index.php?rest_route=\/wp\/v2\/posts"}],"about":[{"href":"https:\/\/radiostavanger.no\/index.php?rest_route=\/wp\/v2\/types\/post"}],"author":[{"embeddable":true,"href":"https:\/\/radiostavanger.no\/index.php?rest_route=\/wp\/v2\/users\/1"}],"replies":[{"embeddable":true,"href":"https:\/\/radiostavanger.no\/index.php?rest_route=%2Fwp%2Fv2%2Fcomments&post=20783"}],"version-history":[{"count":0,"href":"https:\/\/radiostavanger.no\/index.php?rest_route=\/wp\/v2\/posts\/20783\/revisions"}],"wp:featuredmedia":[{"embeddable":true,"href":"https:\/\/radiostavanger.no\/index.php?rest_route=\/wp\/v2\/media\/20784"}],"wp:attachment":[{"href":"https:\/\/radiostavanger.no\/index.php?rest_route=%2Fwp%2Fv2%2Fmedia&parent=20783"}],"wp:term":[{"taxonomy":"category","embeddable":true,"href":"https:\/\/radiostavanger.no\/index.php?rest_route=%2Fwp%2Fv2%2Fcategories&post=20783"},{"taxonomy":"post_tag","embeddable":true,"href":"https:\/\/radiostavanger.no\/index.php?rest_route=%2Fwp%2Fv2%2Ftags&post=20783"},{"taxonomy":"tmauthors","embeddable":true,"href":"https:\/\/radiostavanger.no\/index.php?rest_route=%2Fwp%2Fv2%2Ftmauthors&post=20783"}],"curies":[{"name":"wp","href":"https:\/\/api.w.org\/{rel}","templated":true}]}}