{"id":20787,"date":"2026-09-04T06:26:32","date_gmt":"2026-09-04T06:26:32","guid":{"rendered":"https:\/\/radiostavanger.no\/?p=20787"},"modified":"2026-09-04T06:26:32","modified_gmt":"2026-09-04T06:26:32","slug":"trump-har-utnevnt-ny-statssekretaer-med-ansvar-for-haeren-radio-stavanger","status":"publish","type":"post","link":"https:\/\/radiostavanger.no\/?p=20787","title":{"rendered":"Trump har utnevnt ny statssekret\u00e6r med ansvar for h\u00e6ren \u2013 Radio Stavanger"},"content":{"rendered":"<p><br \/>\n<\/p>\n<div id=\"mvp-content-main\">\n<p class=\"radioh-ingress\"><strong>Etter at Dan Driscoll trakk seg fra en av toppjobbene i Pentagon, har president Donald Trump funnet en erstatter.<\/strong>\n<\/p>\n<p><strong>Utenriks<\/strong>: P\u00e5 sitt nettsted Truth Social skrev Trump torsdag at han \u00f8nsker Adam Telle som fungerende statssekret\u00e6r med ansvar for h\u00e6ren. Den engelske stillingstittelen er Secretary of the Army.\n<\/p>\n<p>Telle har inntil n\u00e5 v\u00e6rt assisterende statssekret\u00e6r. Han overtar etter Driscoll, som nylig gikk av etter 18 m\u00e5neder i jobben.\n<\/p>\n<p>\u2013 Han er en stor patriot, skriver Trump om Telle.\n<\/p>\n<p>Bakgrunnen for at Driscoll leverte inn sin avskjedss\u00f8knad, er if\u00f8lge Wall Street Journal flere m\u00e5neder med konflikt med forsvarsminister Pete Hegseth. Uenigheten skal ha dreid seg om retningen for h\u00e6ren og Hegseths avskjedigelse av en rekke h\u00f8ytst\u00e5ende offiserer.<\/p>\n<p>If\u00f8lge nyhetsbyr\u00e5et AP har Telle inntil n\u00e5 hatt ansvar for h\u00e6rens ingeni\u00f8rarbeid. Han har blant annet jobbet med tiltak for \u00e5 h\u00e5ndtere flommer. Midt i den p\u00e5g\u00e5ende konflikten mellom USA og Iran f\u00e5r han n\u00e5 et hovedansvar for h\u00e6rens milit\u00e6re styrker.\n<\/p>\n<p>(\u00a9NTB)\n<\/p>\n<\/p><\/div>\n<p><script async defer crossorigin=\"anonymous\" data-lazy=\"w3tc\" data-src=\"https:\/\/connect.facebook.net\/nb_NO\/sdk.js#xfbml=1&#038;version=v18.0\"><\/script><br \/>\n<br \/><br \/>\n<br \/><a href=\"https:\/\/radioh.no\/trump-har-utnevnt-ny-statssekretaer-med-ansvar-for-haeren\/\">Kilde <\/a><\/p>","protected":false},"excerpt":{"rendered":"<p>Etter at Dan Driscoll trakk seg fra en av toppjobbene i Pentagon, har president Donald Trump funnet en erstatter. Utenriks: P\u00e5 sitt nettsted Truth Social skrev Trump torsdag at han \u00f8nsker Adam Telle som fungerende statssekret\u00e6r med ansvar for h\u00e6ren. Den engelske stillingstittelen er Secretary of the Army. Telle har inntil n\u00e5 v\u00e6rt assisterende statssekret\u00e6r. [&hellip;]<\/p>","protected":false},"author":1,"featured_media":20788,"comment_status":"","ping_status":"","sticky":false,"template":"","format":"standard","meta":{"footnotes":""},"categories":[107],"tags":[],"tmauthors":[],"class_list":["post-20787","post","type-post","status-publish","format-standard","has-post-thumbnail","category-nyheter"],"_links":{"self":[{"href":"https:\/\/radiostavanger.no\/index.php?rest_route=\/wp\/v2\/posts\/20787","targetHints":{"allow":["GET"]}}],"collection":[{"href":"https:\/\/radiostavanger.no\/index.php?rest_route=\/wp\/v2\/posts"}],"about":[{"href":"https:\/\/radiostavanger.no\/index.php?rest_route=\/wp\/v2\/types\/post"}],"author":[{"embeddable":true,"href":"https:\/\/radiostavanger.no\/index.php?rest_route=\/wp\/v2\/users\/1"}],"replies":[{"embeddable":true,"href":"https:\/\/radiostavanger.no\/index.php?rest_route=%2Fwp%2Fv2%2Fcomments&post=20787"}],"version-history":[{"count":0,"href":"https:\/\/radiostavanger.no\/index.php?rest_route=\/wp\/v2\/posts\/20787\/revisions"}],"wp:featuredmedia":[{"embeddable":true,"href":"https:\/\/radiostavanger.no\/index.php?rest_route=\/wp\/v2\/media\/20788"}],"wp:attachment":[{"href":"https:\/\/radiostavanger.no\/index.php?rest_route=%2Fwp%2Fv2%2Fmedia&parent=20787"}],"wp:term":[{"taxonomy":"category","embeddable":true,"href":"https:\/\/radiostavanger.no\/index.php?rest_route=%2Fwp%2Fv2%2Fcategories&post=20787"},{"taxonomy":"post_tag","embeddable":true,"href":"https:\/\/radiostavanger.no\/index.php?rest_route=%2Fwp%2Fv2%2Ftags&post=20787"},{"taxonomy":"tmauthors","embeddable":true,"href":"https:\/\/radiostavanger.no\/index.php?rest_route=%2Fwp%2Fv2%2Ftmauthors&post=20787"}],"curies":[{"name":"wp","href":"https:\/\/api.w.org\/{rel}","templated":true}]}}