{"id":20791,"date":"2026-09-04T06:38:29","date_gmt":"2026-09-04T06:38:29","guid":{"rendered":"https:\/\/radiostavanger.no\/?p=20791"},"modified":"2026-09-04T06:38:29","modified_gmt":"2026-09-04T06:38:29","slug":"veldig-synd-radio-stavanger","status":"publish","type":"post","link":"https:\/\/radiostavanger.no\/?p=20791","title":{"rendered":"\u2013 Veldig synd \u2013 Radio Stavanger"},"content":{"rendered":"<p><br \/>\n<\/p>\n<div id=\"mvp-content-main\">\n<p class=\"radioh-ingress\"><strong>\u2013 Veldig synd, sier konsernsjef Geir Karlsen. I august hadde Norwegian-konsernet 2,9 millioner passasjerer.<\/strong>\n<\/p>\n<p><strong>Innenriks<\/strong>: 2,5 millioner av passasjerene reiste med Norwegian, og 359.000 med Wider\u00f8e.\n<\/p>\n<p>\u2013 August var en m\u00e5ned med solid ettersp\u00f8rsel og god drift. Jeg er veldig forn\u00f8yd med at vi hadde b\u00e5de \u00f8kt kapasitet og h\u00f8yere fyllingsgrad sammenlignet med samme m\u00e5ned i fjor, sier konsernsjef i Norwegian, Geir Karlsen, i en pressemelding.\n<\/p>\n<p>Flygelederstreik i august f\u00f8rte til flere dager med kaos p\u00e5 norske flyplasser.\n<\/p>\n<p>\u2013 Dessverre f\u00f8rte flygelederstreiken i slutten av m\u00e5neden til kanselleringer og forsinkelser for mer enn 20.000 av v\u00e5re passasjerer. Dette er selvsagt veldig synd.<\/p>\n<p>Tross kanselleringer hadde flyselskapet en \u00f8kning p\u00e5 4 prosent fra samme periode i fjor n\u00e5r det gjelder faktisk passasjertrafikk.\n<\/p>\n<p>Norwegian hadde i gjennomsnitt 94 fly i drift i august.\n<\/p>\n<p>(\u00a9NTB)\n<\/p>\n<\/p><\/div>\n<p><script async defer crossorigin=\"anonymous\" data-lazy=\"w3tc\" data-src=\"https:\/\/connect.facebook.net\/nb_NO\/sdk.js#xfbml=1&#038;version=v18.0\"><\/script><br \/>\n<br \/><br \/>\n<br \/><a href=\"https:\/\/radioh.no\/20-000-norwegian-passasjerer-ble-pavirket-av-flygelederstreiken-veldig-synd\/\">Kilde <\/a><\/p>","protected":false},"excerpt":{"rendered":"<p>\u2013 Veldig synd, sier konsernsjef Geir Karlsen. I august hadde Norwegian-konsernet 2,9 millioner passasjerer. Innenriks: 2,5 millioner av passasjerene reiste med Norwegian, og 359.000 med Wider\u00f8e. \u2013 August var en m\u00e5ned med solid ettersp\u00f8rsel og god drift. Jeg er veldig forn\u00f8yd med at vi hadde b\u00e5de \u00f8kt kapasitet og h\u00f8yere fyllingsgrad sammenlignet med samme m\u00e5ned [&hellip;]<\/p>","protected":false},"author":1,"featured_media":20792,"comment_status":"","ping_status":"","sticky":false,"template":"","format":"standard","meta":{"footnotes":""},"categories":[107],"tags":[],"tmauthors":[],"class_list":["post-20791","post","type-post","status-publish","format-standard","has-post-thumbnail","category-nyheter"],"_links":{"self":[{"href":"https:\/\/radiostavanger.no\/index.php?rest_route=\/wp\/v2\/posts\/20791","targetHints":{"allow":["GET"]}}],"collection":[{"href":"https:\/\/radiostavanger.no\/index.php?rest_route=\/wp\/v2\/posts"}],"about":[{"href":"https:\/\/radiostavanger.no\/index.php?rest_route=\/wp\/v2\/types\/post"}],"author":[{"embeddable":true,"href":"https:\/\/radiostavanger.no\/index.php?rest_route=\/wp\/v2\/users\/1"}],"replies":[{"embeddable":true,"href":"https:\/\/radiostavanger.no\/index.php?rest_route=%2Fwp%2Fv2%2Fcomments&post=20791"}],"version-history":[{"count":0,"href":"https:\/\/radiostavanger.no\/index.php?rest_route=\/wp\/v2\/posts\/20791\/revisions"}],"wp:featuredmedia":[{"embeddable":true,"href":"https:\/\/radiostavanger.no\/index.php?rest_route=\/wp\/v2\/media\/20792"}],"wp:attachment":[{"href":"https:\/\/radiostavanger.no\/index.php?rest_route=%2Fwp%2Fv2%2Fmedia&parent=20791"}],"wp:term":[{"taxonomy":"category","embeddable":true,"href":"https:\/\/radiostavanger.no\/index.php?rest_route=%2Fwp%2Fv2%2Fcategories&post=20791"},{"taxonomy":"post_tag","embeddable":true,"href":"https:\/\/radiostavanger.no\/index.php?rest_route=%2Fwp%2Fv2%2Ftags&post=20791"},{"taxonomy":"tmauthors","embeddable":true,"href":"https:\/\/radiostavanger.no\/index.php?rest_route=%2Fwp%2Fv2%2Ftmauthors&post=20791"}],"curies":[{"name":"wp","href":"https:\/\/api.w.org\/{rel}","templated":true}]}}