{"id":20810,"date":"2026-09-04T08:39:21","date_gmt":"2026-09-04T08:39:21","guid":{"rendered":"https:\/\/radiostavanger.no\/?p=20810"},"modified":"2026-09-04T08:39:21","modified_gmt":"2026-09-04T08:39:21","slug":"hektisk-manetsommer-flere-fremmede-arter-til-norskekysten-radio-stavanger","status":"publish","type":"post","link":"https:\/\/radiostavanger.no\/?p=20810","title":{"rendered":"Hektisk manetsommer \u2013 flere fremmede arter til norskekysten \u2013 Radio Stavanger"},"content":{"rendered":"<p><br \/>\n<\/p>\n<div id=\"mvp-content-main\">\n<p class=\"radioh-ingress\"><strong>Kysten har blitt farget r\u00f8d og bl\u00e5 av brennmaneter i sommer. Flere sjeldne gjester har tatt turen til norske farvann.<\/strong>\n<\/p>\n<p><strong>Innenriks<\/strong>: Du har kanskje sett dem i sommer? R\u00f8de eller bl\u00e5 gel\u00e9lignende skapninger som f\u00e5r pulsen til \u00e5 stige n\u00e5r du bader i havet.\n<\/p>\n<p>Det skjer hver sommer, og i \u00e5r var intet unntak. I en ny artikkel fra Havforskningsinstituttet (HI) var Skagerrakkysten preget av \u00abmasseforekomster\u00bb av brennmaneter f\u00f8rste uken i juli.\n<\/p>\n<p>\u2013 Manetsommeren har v\u00e6rt veldig hektisk, sier havforsker Tone Falkenhaug i HI.\n<\/p>\n<p>\u2013 S\u00e6rlig bl\u00e5 brennmanet var det uvanlig mye av, sier Falkenhaug.<\/p>\n<p>Den bl\u00e5 maneten har i l\u00f8pet av sommerm\u00e5nedene blitt observert s\u00e5 langt nord som Slettnes i Finnmark.\n<\/p>\n<p>Det er ikke mange \u00e5r siden skapningen var et sjeldent syn langs norskekysten, men de siste 10-20 \u00e5rene har forekomsten \u00f8kt.\n<\/p>\n<h2>Sjelden seiler<\/h2>\n<p>\nBlant de mer sjeldne gjester har Norge f\u00e5tt bes\u00f8k av bidevindseileren.\n<\/p>\n<p>Bidevindseileren har f\u00e5tt navnet sitt etter den b\u00e5tlignende kammen, som den bruker til \u00e5 seile med vinden.\n<\/p>\n<p>Maneten ble f\u00f8rst observert i 2011, f\u00f8r den igjen dukket opp i 2023. Den er ikke farlig for mennesker.<\/p>\n<p>I \u00e5r har Falkenhaug f\u00e5tt meldinger om bidevindseileren langs J\u00e6rstrendene i Rogaland og \u00e9n observasjon fra Oslofjorden.\n<\/p>\n<p>\u2013 Enda bidevindseileren lever i alle verdenshav, lever den prim\u00e6rt i varmere havomr\u00e5der. Det er sjelden den kommer s\u00e5 langt nord, men uvanlig vind og str\u00f8mforhold kan f\u00f8re den langt av sted, sier Falkenhaug.\n<\/p>\n<h2>Liten, men kraftig<\/h2>\n<p>\nUtover sensommeren kom det flere observasjoner av fremmedarten klamremanet.\n<\/p>\n<p>Maneten er liten, men den har en kraftig gift. Hos mennesker kan den for\u00e5rsake alvorlige symptomer som sterk smerte, muskelkramper, pustevansker og hevelser.\n<\/p>\n<p>\u2013 Klamremaneten forekommer ofte alene og kan holde seg p\u00e5 plass over lengre tid. \u00abKlebeplater\u00bb p\u00e5 tentaklene lar den knipe seg fast i \u00e5legress og tang p\u00e5 dagtid. P\u00e5 natten sv\u00f8mmer den til overflaten for \u00e5 fange mat, sier Falkenhaug.<\/p>\n<p>Ogs\u00e5 den amerikanske lobemaneten har meldt sin ankomst i Norge.\n<\/p>\n<p>Den ble oppdaget i norske farvann i 2005, og har v\u00e6rt et vanlig syn siden. Den amerikanske lobemaneten kan verken svi eller stikke, og er dermed ikke farlig for mennesker.\n<\/p>\n<p>(\u00a9NTB)\n<\/p>\n<\/p><\/div>\n<p><script async defer crossorigin=\"anonymous\" data-lazy=\"w3tc\" data-src=\"https:\/\/connect.facebook.net\/nb_NO\/sdk.js#xfbml=1&#038;version=v18.0\"><\/script><br \/>\n<br \/><br \/>\n<br \/><a href=\"https:\/\/radioh.no\/hektisk-manetsommer-flere-fremmede-arter-til-norskekysten\/\">Kilde <\/a><\/p>","protected":false},"excerpt":{"rendered":"<p>Kysten har blitt farget r\u00f8d og bl\u00e5 av brennmaneter i sommer. Flere sjeldne gjester har tatt turen til norske farvann. Innenriks: Du har kanskje sett dem i sommer? R\u00f8de eller bl\u00e5 gel\u00e9lignende skapninger som f\u00e5r pulsen til \u00e5 stige n\u00e5r du bader i havet. Det skjer hver sommer, og i \u00e5r var intet unntak. I [&hellip;]<\/p>","protected":false},"author":1,"featured_media":20811,"comment_status":"","ping_status":"","sticky":false,"template":"","format":"standard","meta":{"footnotes":""},"categories":[107],"tags":[],"tmauthors":[],"class_list":["post-20810","post","type-post","status-publish","format-standard","has-post-thumbnail","category-nyheter"],"_links":{"self":[{"href":"https:\/\/radiostavanger.no\/index.php?rest_route=\/wp\/v2\/posts\/20810","targetHints":{"allow":["GET"]}}],"collection":[{"href":"https:\/\/radiostavanger.no\/index.php?rest_route=\/wp\/v2\/posts"}],"about":[{"href":"https:\/\/radiostavanger.no\/index.php?rest_route=\/wp\/v2\/types\/post"}],"author":[{"embeddable":true,"href":"https:\/\/radiostavanger.no\/index.php?rest_route=\/wp\/v2\/users\/1"}],"replies":[{"embeddable":true,"href":"https:\/\/radiostavanger.no\/index.php?rest_route=%2Fwp%2Fv2%2Fcomments&post=20810"}],"version-history":[{"count":0,"href":"https:\/\/radiostavanger.no\/index.php?rest_route=\/wp\/v2\/posts\/20810\/revisions"}],"wp:featuredmedia":[{"embeddable":true,"href":"https:\/\/radiostavanger.no\/index.php?rest_route=\/wp\/v2\/media\/20811"}],"wp:attachment":[{"href":"https:\/\/radiostavanger.no\/index.php?rest_route=%2Fwp%2Fv2%2Fmedia&parent=20810"}],"wp:term":[{"taxonomy":"category","embeddable":true,"href":"https:\/\/radiostavanger.no\/index.php?rest_route=%2Fwp%2Fv2%2Fcategories&post=20810"},{"taxonomy":"post_tag","embeddable":true,"href":"https:\/\/radiostavanger.no\/index.php?rest_route=%2Fwp%2Fv2%2Ftags&post=20810"},{"taxonomy":"tmauthors","embeddable":true,"href":"https:\/\/radiostavanger.no\/index.php?rest_route=%2Fwp%2Fv2%2Ftmauthors&post=20810"}],"curies":[{"name":"wp","href":"https:\/\/api.w.org\/{rel}","templated":true}]}}