{"id":20814,"date":"2026-09-04T09:02:38","date_gmt":"2026-09-04T09:02:38","guid":{"rendered":"https:\/\/radiostavanger.no\/?p=20814"},"modified":"2026-09-04T09:02:38","modified_gmt":"2026-09-04T09:02:38","slug":"hvorfor-ikke-radio-stavanger","status":"publish","type":"post","link":"https:\/\/radiostavanger.no\/?p=20814","title":{"rendered":"\u2013 Hvorfor ikke? \u2013 Radio Stavanger"},"content":{"rendered":"<p><br \/>\n<\/p>\n<div id=\"mvp-content-main\">\n<p class=\"radioh-ingress\"><strong>I framtiden skal ski-VM arrangeres hvert \u00e5r det ikke er OL. TV 2-ekspert mener FIS m\u00e5 skru til oppfinnsomheten.<\/strong>\n<\/p>\n<p><strong>Sport<\/strong>: Tidligere har ski-VM blitt arrangert annethvert \u00e5r i oddetalls\u00e5rene. Fra 2032 blir det oftere, og Det internasjonale skiforbundet (FIS) har \u00e5pnet for et \u00abbonus-VM\u00bb i 2028.\n<\/p>\n<p>\u2013 I utgangspunktet er jeg positiv til at det skal skje mer i det som kalles mesterskapsfrie sesonger. De har manglet et naturlig h\u00f8ydepunkt utenom Tour de Ski, sier Petter Skinstad til NTB.\n<\/p>\n<p>Han er TV 2s langrennsekspert.\n<\/p>\n<p>\u2013 P\u00e5 den andre siden er jeg litt redd for at det blir veldig mange like VM, sier han og tar sats med en rekke forslag til nyvinninger som kan v\u00e6re med i mesterskapene:<\/p>\n<h2>* Miksstafetter<\/h2>\n<p>\n\u2013 Det tror jeg vil tvinge seg inn p\u00e5 et OL-program.\n<\/p>\n<h2>* Annerledes sprinter<\/h2>\n<p>\n\u2013 Det kan gj\u00f8res mer ut av sprinter. Hva med bysprint og kveldsrenn?\n<\/p>\n<h2>* Langl\u00f8p<\/h2>\n<p>\n\u2013 Hvorfor ikke ha langl\u00f8p?\n<\/p>\n<h2>* Motbakkel\u00f8p<\/h2>\n<p>\n\u2013 I Alpene er det gode muligheter for motbakkel\u00f8p.\n<\/p>\n<h2>* Invitere vanlige folk?<\/h2>\n<p>\n\u2013 VM i gatel\u00f8p g\u00e5r parallelt med at vanlige folk kan delta. Hvorfor ikke ha et s\u00e5kalt \u00abpopular race\u00bb? Et ski-VM hvor vanlige folk kan melde seg p\u00e5?<\/p>\n<p>I VM i gatel\u00f8p i K\u00f8benhavn er det en fellesstart p\u00e5 5-kilometeren, to minutter etter at Jakob Ingebrigtsen og resten av eliten har startet.\n<\/p>\n<p>Langrennseksperten \u00f8nsker seg st\u00f8rre feiring av skisporten i mesterskap for \u00e5 vekke entusiasme.\n<\/p>\n<p>\u2013 Jeg h\u00e5per at FIS kan v\u00e6re litt oppfinnsomme og framoverlente sammen med arrang\u00f8rer og se p\u00e5 forskjellige l\u00f8sninger.\n<\/p>\n<p>N\u00e5r NTB sp\u00f8r ham om sannsynligheten for at noe av dette kan skje, svarer han:\n<\/p>\n<p>\u2013 I idretten som i alt annet er det egentlig bare fantasien og penger som er begrensningen. Man kan f\u00e5 til alt om man vil. Alt er mulig, sier han.<\/p>\n<p>Torsdagens nyhet vekket trolig jubel i kombinertleiren. Den tradisjonsrike sporten mistet nylig status som OL-gren.\n<\/p>\n<p>Langrennsstjerne Johannes H\u00f8sflot Kl\u00e6bo er derimot skeptisk.\n<\/p>\n<p>\u2013 Et VM skal v\u00e6re sjeldent nok til \u00e5 bety noe. Jeg er ikke overbevist om at skiskyting gj\u00f8r det riktig med \u00e5rlig VM. Det kan redusere verdien av verdensmesterskapet, sier Kl\u00e6bo til NRK.\n<\/p>\n<p>(\u00a9NTB)\n<\/p>\n<\/p><\/div>\n<p><script async defer crossorigin=\"anonymous\" data-lazy=\"w3tc\" data-src=\"https:\/\/connect.facebook.net\/nb_NO\/sdk.js#xfbml=1&#038;version=v18.0\"><\/script><br \/>\n<br \/><br \/>\n<br \/><a href=\"https:\/\/radioh.no\/ekspert-lanserer-ville-vm-forslag-hvorfor-ikke\/\">Kilde <\/a><\/p>","protected":false},"excerpt":{"rendered":"<p>I framtiden skal ski-VM arrangeres hvert \u00e5r det ikke er OL. TV 2-ekspert mener FIS m\u00e5 skru til oppfinnsomheten. Sport: Tidligere har ski-VM blitt arrangert annethvert \u00e5r i oddetalls\u00e5rene. Fra 2032 blir det oftere, og Det internasjonale skiforbundet (FIS) har \u00e5pnet for et \u00abbonus-VM\u00bb i 2028. \u2013 I utgangspunktet er jeg positiv til at det [&hellip;]<\/p>","protected":false},"author":1,"featured_media":20815,"comment_status":"","ping_status":"","sticky":false,"template":"","format":"standard","meta":{"footnotes":""},"categories":[107],"tags":[],"tmauthors":[],"class_list":["post-20814","post","type-post","status-publish","format-standard","has-post-thumbnail","category-nyheter"],"_links":{"self":[{"href":"https:\/\/radiostavanger.no\/index.php?rest_route=\/wp\/v2\/posts\/20814","targetHints":{"allow":["GET"]}}],"collection":[{"href":"https:\/\/radiostavanger.no\/index.php?rest_route=\/wp\/v2\/posts"}],"about":[{"href":"https:\/\/radiostavanger.no\/index.php?rest_route=\/wp\/v2\/types\/post"}],"author":[{"embeddable":true,"href":"https:\/\/radiostavanger.no\/index.php?rest_route=\/wp\/v2\/users\/1"}],"replies":[{"embeddable":true,"href":"https:\/\/radiostavanger.no\/index.php?rest_route=%2Fwp%2Fv2%2Fcomments&post=20814"}],"version-history":[{"count":0,"href":"https:\/\/radiostavanger.no\/index.php?rest_route=\/wp\/v2\/posts\/20814\/revisions"}],"wp:featuredmedia":[{"embeddable":true,"href":"https:\/\/radiostavanger.no\/index.php?rest_route=\/wp\/v2\/media\/20815"}],"wp:attachment":[{"href":"https:\/\/radiostavanger.no\/index.php?rest_route=%2Fwp%2Fv2%2Fmedia&parent=20814"}],"wp:term":[{"taxonomy":"category","embeddable":true,"href":"https:\/\/radiostavanger.no\/index.php?rest_route=%2Fwp%2Fv2%2Fcategories&post=20814"},{"taxonomy":"post_tag","embeddable":true,"href":"https:\/\/radiostavanger.no\/index.php?rest_route=%2Fwp%2Fv2%2Ftags&post=20814"},{"taxonomy":"tmauthors","embeddable":true,"href":"https:\/\/radiostavanger.no\/index.php?rest_route=%2Fwp%2Fv2%2Ftmauthors&post=20814"}],"curies":[{"name":"wp","href":"https:\/\/api.w.org\/{rel}","templated":true}]}}