{"id":20826,"date":"2026-09-04T10:03:12","date_gmt":"2026-09-04T10:03:12","guid":{"rendered":"https:\/\/radiostavanger.no\/?p=20826"},"modified":"2026-09-04T10:03:12","modified_gmt":"2026-09-04T10:03:12","slug":"flere-religiose-toppledere-deltar-i-kong-haralds-gravferd-radio-stavanger","status":"publish","type":"post","link":"https:\/\/radiostavanger.no\/?p=20826","title":{"rendered":"Flere religi\u00f8se toppledere deltar i kong Haralds gravferd \u2013 Radio Stavanger"},"content":{"rendered":"<p><br \/>\n<\/p>\n<div id=\"mvp-content-main\">\n<p class=\"radioh-ingress\"><strong>Flere religioner og livssyn vil representeres av sine ledere under kong Haralds gravferd.<\/strong>\n<\/p>\n<p><strong>Innenriks<\/strong>: Samarbeidsr\u00e5det for tros- og livssynssamfunn (STL) best\u00e5r av de \u00f8verste religi\u00f8se lederne og livssynslederne i Norge. De deler hvem som vil delta i gravferden:\n<\/p>\n<p>\u2013 Det er en \u00e6re \u00e5 f\u00e5 v\u00e6re med \u00e5 ta avskjed med Hans Majestet Kong Harald. Han har betydd mye for livssynsmangfoldet i Norge, sier generalsekret\u00e6r Birte Nordahl.\n<\/p>\n<p>STLs liste viser at mange religioner og livssyn vil v\u00e6re til stede under gravferden. Blant annet islam, buddhisme, j\u00f8dedommen og Human-etisk forbund.\n<\/p>\n<p>Norges Kristne R\u00e5d vil ogs\u00e5 sende en rekke ledere fra ulike grupperinger og grener innen kristendommen.<\/p>\n<p>\u2013 Vi setter stor pris p\u00e5 \u00e5 bli invitert. Det er mange hensyn \u00e5 ta, og mange som skal representeres ved en anledning som denne. At Norges Kristne R\u00e5d er blant dem, opplever vi som stort, og det betyr mye for oss, sier generalsekret\u00e6r Henrik Erhard Hermansen.\n<\/p>\n<p>(\u00a9NTB)\n<\/p>\n<\/p><\/div>\n<p><script async defer crossorigin=\"anonymous\" data-lazy=\"w3tc\" data-src=\"https:\/\/connect.facebook.net\/nb_NO\/sdk.js#xfbml=1&#038;version=v18.0\"><\/script><br \/>\n<br \/><br \/>\n<br \/><a href=\"https:\/\/radioh.no\/flere-religiose-toppledere-deltar-i-kong-haralds-gravferd\/\">Kilde <\/a><\/p>","protected":false},"excerpt":{"rendered":"<p>Flere religioner og livssyn vil representeres av sine ledere under kong Haralds gravferd. Innenriks: Samarbeidsr\u00e5det for tros- og livssynssamfunn (STL) best\u00e5r av de \u00f8verste religi\u00f8se lederne og livssynslederne i Norge. De deler hvem som vil delta i gravferden: \u2013 Det er en \u00e6re \u00e5 f\u00e5 v\u00e6re med \u00e5 ta avskjed med Hans Majestet Kong Harald. [&hellip;]<\/p>","protected":false},"author":1,"featured_media":20827,"comment_status":"","ping_status":"","sticky":false,"template":"","format":"standard","meta":{"footnotes":""},"categories":[107],"tags":[],"tmauthors":[],"class_list":["post-20826","post","type-post","status-publish","format-standard","has-post-thumbnail","category-nyheter"],"_links":{"self":[{"href":"https:\/\/radiostavanger.no\/index.php?rest_route=\/wp\/v2\/posts\/20826","targetHints":{"allow":["GET"]}}],"collection":[{"href":"https:\/\/radiostavanger.no\/index.php?rest_route=\/wp\/v2\/posts"}],"about":[{"href":"https:\/\/radiostavanger.no\/index.php?rest_route=\/wp\/v2\/types\/post"}],"author":[{"embeddable":true,"href":"https:\/\/radiostavanger.no\/index.php?rest_route=\/wp\/v2\/users\/1"}],"replies":[{"embeddable":true,"href":"https:\/\/radiostavanger.no\/index.php?rest_route=%2Fwp%2Fv2%2Fcomments&post=20826"}],"version-history":[{"count":0,"href":"https:\/\/radiostavanger.no\/index.php?rest_route=\/wp\/v2\/posts\/20826\/revisions"}],"wp:featuredmedia":[{"embeddable":true,"href":"https:\/\/radiostavanger.no\/index.php?rest_route=\/wp\/v2\/media\/20827"}],"wp:attachment":[{"href":"https:\/\/radiostavanger.no\/index.php?rest_route=%2Fwp%2Fv2%2Fmedia&parent=20826"}],"wp:term":[{"taxonomy":"category","embeddable":true,"href":"https:\/\/radiostavanger.no\/index.php?rest_route=%2Fwp%2Fv2%2Fcategories&post=20826"},{"taxonomy":"post_tag","embeddable":true,"href":"https:\/\/radiostavanger.no\/index.php?rest_route=%2Fwp%2Fv2%2Ftags&post=20826"},{"taxonomy":"tmauthors","embeddable":true,"href":"https:\/\/radiostavanger.no\/index.php?rest_route=%2Fwp%2Fv2%2Ftmauthors&post=20826"}],"curies":[{"name":"wp","href":"https:\/\/api.w.org\/{rel}","templated":true}]}}