{"id":20830,"date":"2026-09-04T10:21:04","date_gmt":"2026-09-04T10:21:04","guid":{"rendered":"https:\/\/radiostavanger.no\/?p=20830"},"modified":"2026-09-04T10:21:04","modified_gmt":"2026-09-04T10:21:04","slug":"tirsdagens-debatten-avlyses-radio-stavanger","status":"publish","type":"post","link":"https:\/\/radiostavanger.no\/?p=20830","title":{"rendered":"Tirsdagens \u00abDebatten\u00bb avlyses \u2013 Radio Stavanger"},"content":{"rendered":"<p><br \/>\n<\/p>\n<div id=\"mvp-content-main\">\n<p class=\"radioh-ingress\"><strong>NRK avlyser tirsdagens \u00abDebatten\u00bb-sending p\u00e5 grunn av forberedelser til kongens begravelse.<\/strong>\n<\/p>\n<p><strong>Innenriks<\/strong>: Det bekrefter NRKs TV-sjef Jan Erik \u00c5dland overfor Medier24.\n<\/p>\n<p>\u2013 Debatten utg\u00e5r tirsdag p\u00e5 grunn av forberedelser til kongens begravelse, hvor NRK har s\u00e6rlige forpliktelser nasjonalt og internasjonalt, sier \u00c5dland.\n<\/p>\n<p>Han sier at torsdagens sending vil g\u00e5 som normalt.\n<\/p>\n<p>(\u00a9NTB)<\/p>\n<\/p><\/div>\n<p><script async defer crossorigin=\"anonymous\" data-lazy=\"w3tc\" data-src=\"https:\/\/connect.facebook.net\/nb_NO\/sdk.js#xfbml=1&#038;version=v18.0\"><\/script><br \/>\n<br \/><br \/>\n<br \/><a href=\"https:\/\/radioh.no\/tirsdagens-debatten-avlyses\/\">Kilde <\/a><\/p>","protected":false},"excerpt":{"rendered":"<p>NRK avlyser tirsdagens \u00abDebatten\u00bb-sending p\u00e5 grunn av forberedelser til kongens begravelse. Innenriks: Det bekrefter NRKs TV-sjef Jan Erik \u00c5dland overfor Medier24. \u2013 Debatten utg\u00e5r tirsdag p\u00e5 grunn av forberedelser til kongens begravelse, hvor NRK har s\u00e6rlige forpliktelser nasjonalt og internasjonalt, sier \u00c5dland. Han sier at torsdagens sending vil g\u00e5 som normalt. (\u00a9NTB) Kilde<\/p>","protected":false},"author":1,"featured_media":20831,"comment_status":"","ping_status":"","sticky":false,"template":"","format":"standard","meta":{"footnotes":""},"categories":[107],"tags":[],"tmauthors":[],"class_list":["post-20830","post","type-post","status-publish","format-standard","has-post-thumbnail","category-nyheter"],"_links":{"self":[{"href":"https:\/\/radiostavanger.no\/index.php?rest_route=\/wp\/v2\/posts\/20830","targetHints":{"allow":["GET"]}}],"collection":[{"href":"https:\/\/radiostavanger.no\/index.php?rest_route=\/wp\/v2\/posts"}],"about":[{"href":"https:\/\/radiostavanger.no\/index.php?rest_route=\/wp\/v2\/types\/post"}],"author":[{"embeddable":true,"href":"https:\/\/radiostavanger.no\/index.php?rest_route=\/wp\/v2\/users\/1"}],"replies":[{"embeddable":true,"href":"https:\/\/radiostavanger.no\/index.php?rest_route=%2Fwp%2Fv2%2Fcomments&post=20830"}],"version-history":[{"count":0,"href":"https:\/\/radiostavanger.no\/index.php?rest_route=\/wp\/v2\/posts\/20830\/revisions"}],"wp:featuredmedia":[{"embeddable":true,"href":"https:\/\/radiostavanger.no\/index.php?rest_route=\/wp\/v2\/media\/20831"}],"wp:attachment":[{"href":"https:\/\/radiostavanger.no\/index.php?rest_route=%2Fwp%2Fv2%2Fmedia&parent=20830"}],"wp:term":[{"taxonomy":"category","embeddable":true,"href":"https:\/\/radiostavanger.no\/index.php?rest_route=%2Fwp%2Fv2%2Fcategories&post=20830"},{"taxonomy":"post_tag","embeddable":true,"href":"https:\/\/radiostavanger.no\/index.php?rest_route=%2Fwp%2Fv2%2Ftags&post=20830"},{"taxonomy":"tmauthors","embeddable":true,"href":"https:\/\/radiostavanger.no\/index.php?rest_route=%2Fwp%2Fv2%2Ftmauthors&post=20830"}],"curies":[{"name":"wp","href":"https:\/\/api.w.org\/{rel}","templated":true}]}}