{"id":20832,"date":"2026-09-04T10:26:55","date_gmt":"2026-09-04T10:26:55","guid":{"rendered":"https:\/\/radiostavanger.no\/?p=20832"},"modified":"2026-09-04T10:26:55","modified_gmt":"2026-09-04T10:26:55","slug":"bat-pa-grunn-pa-borestranden-nrk-rogaland-lokale-nyheter-tv-og-radio","status":"publish","type":"post","link":"https:\/\/radiostavanger.no\/?p=20832","title":{"rendered":"B\u00e5t p\u00e5 grunn p\u00e5 Borestranden \u2013 NRK Rogaland \u2013 Lokale nyheter, TV og radio"},"content":{"rendered":"<p><br \/>\n<br \/><img decoding=\"async\" src=\"https:\/\/gfx.nrk.no\/ULuMz1EpvIJrc6oqtgaTCAu9-whABdOea5QZBF4Fklmg.jpg\" \/><\/p>\n<div>\n<p>En 33 fot lang aluminium arbeidsb\u00e5t har trolig g\u00e5tt p\u00e5 grunn ved Borestranden i Klepp fredags morgen.<\/p>\n<p>Hovedredningssentralen (HRS) har ledet en bergingsaksjon rundt b\u00e5ten i g\u00e5r kveld og i natt.<\/p>\n<p>Det var to personer ombord i b\u00e5ten, da de fikk motorproblemer utenfor Orre sent i g\u00e5r kveld.<\/p>\n<p>Begge de to ombord i b\u00e5ten ble reddet ut.<\/p>\n<p>Ingen skal v\u00e6re skadet, men b\u00e5ten ble liggende p\u00e5 rek p\u00e5 grunn av h\u00f8ye b\u00f8lger og sterk vind, opplyser HRS.<\/p>\n<\/div>\n<p><br \/>\n<br \/><a href=\"https:\/\/www.nrk.no\/rogaland\/bat-pa-grunn-pa-borestranden-1.18013742\">Kildelink <\/a><\/p>","protected":false},"excerpt":{"rendered":"<p>En 33 fot lang aluminium arbeidsb\u00e5t har trolig g\u00e5tt p\u00e5 grunn ved Borestranden i Klepp fredags morgen. Hovedredningssentralen (HRS) har ledet en bergingsaksjon rundt b\u00e5ten i g\u00e5r kveld og i natt. Det var to personer ombord i b\u00e5ten, da de fikk motorproblemer utenfor Orre sent i g\u00e5r kveld. Begge de to ombord i b\u00e5ten ble [&hellip;]<\/p>","protected":false},"author":1,"featured_media":20833,"comment_status":"","ping_status":"","sticky":false,"template":"","format":"standard","meta":{"footnotes":""},"categories":[108],"tags":[],"tmauthors":[],"class_list":["post-20832","post","type-post","status-publish","format-standard","has-post-thumbnail","category-lokalnyheter"],"_links":{"self":[{"href":"https:\/\/radiostavanger.no\/index.php?rest_route=\/wp\/v2\/posts\/20832","targetHints":{"allow":["GET"]}}],"collection":[{"href":"https:\/\/radiostavanger.no\/index.php?rest_route=\/wp\/v2\/posts"}],"about":[{"href":"https:\/\/radiostavanger.no\/index.php?rest_route=\/wp\/v2\/types\/post"}],"author":[{"embeddable":true,"href":"https:\/\/radiostavanger.no\/index.php?rest_route=\/wp\/v2\/users\/1"}],"replies":[{"embeddable":true,"href":"https:\/\/radiostavanger.no\/index.php?rest_route=%2Fwp%2Fv2%2Fcomments&post=20832"}],"version-history":[{"count":0,"href":"https:\/\/radiostavanger.no\/index.php?rest_route=\/wp\/v2\/posts\/20832\/revisions"}],"wp:featuredmedia":[{"embeddable":true,"href":"https:\/\/radiostavanger.no\/index.php?rest_route=\/wp\/v2\/media\/20833"}],"wp:attachment":[{"href":"https:\/\/radiostavanger.no\/index.php?rest_route=%2Fwp%2Fv2%2Fmedia&parent=20832"}],"wp:term":[{"taxonomy":"category","embeddable":true,"href":"https:\/\/radiostavanger.no\/index.php?rest_route=%2Fwp%2Fv2%2Fcategories&post=20832"},{"taxonomy":"post_tag","embeddable":true,"href":"https:\/\/radiostavanger.no\/index.php?rest_route=%2Fwp%2Fv2%2Ftags&post=20832"},{"taxonomy":"tmauthors","embeddable":true,"href":"https:\/\/radiostavanger.no\/index.php?rest_route=%2Fwp%2Fv2%2Ftmauthors&post=20832"}],"curies":[{"name":"wp","href":"https:\/\/api.w.org\/{rel}","templated":true}]}}