{"id":20834,"date":"2026-09-04T10:33:58","date_gmt":"2026-09-04T10:33:58","guid":{"rendered":"https:\/\/radiostavanger.no\/?p=20834"},"modified":"2026-09-04T10:33:58","modified_gmt":"2026-09-04T10:33:58","slug":"regjeringen-defilerte-forbi-kongens-bare-radio-stavanger","status":"publish","type":"post","link":"https:\/\/radiostavanger.no\/?p=20834","title":{"rendered":"Regjeringen defilerte forbi kongens b\u00e5re \u2013 Radio Stavanger"},"content":{"rendered":"<p><br \/>\n<\/p>\n<div id=\"mvp-content-main\">\n<p class=\"radioh-ingress\"><strong>Med Jonas Gahr St\u00f8re i spissen samlet regjeringen seg i Slottskapellet fredag formiddag. \u2013 Det var et vakkert \u00f8yeblikk, sa statsministeren.<\/strong>\n<\/p>\n<p><strong>Innenriks<\/strong>: I likhet med tusenvis av nordmenn \u00f8nsket ogs\u00e5 regjeringen \u00e5 ta farvel og vise respekt ved \u00e5 g\u00e5 sakte forbi kong Haralds b\u00e5re.\n<\/p>\n<p>I tur og orden gikk statsministeren og de 19 statsr\u00e5dene fram til kisten, stoppet opp og bukket.\n<\/p>\n<p>Defileringen fant sted etter at kong Haakon hadde ledet sitt f\u00f8rste ordin\u00e6re statsr\u00e5d p\u00e5 Slottet. Kronprinsesse Ingrid Alexandra var ogs\u00e5 til stede, opplyser Kongehuset.\n<\/p>\n<h2>Formelt og ledig<\/h2>\n<p>\nKong Haakon har jevnlig de siste \u00e5rene deltatt i statsr\u00e5d ved siden av kong Harald.<\/p>\n<p>\u2013 Vi merker at kongen har det med seg fra sin far at han kombinerer det veldig formelle med en ledig tone. Det var et fint \u00f8yeblikk, sier St\u00f8re til NRK.\n<\/p>\n<p>N\u00e5 har ogs\u00e5 kronprinsesse Ingrid Alexandra avlagt ed til Stortinget, ble regjeringen informert om i statsr\u00e5d. Det har hun gjort i brevs form.\n<\/p>\n<p>\u2013 S\u00e5 hvis kongen er forhindret, kan kronprinsessen holde statsr\u00e5d, sier St\u00f8re.\n<\/p>\n<h2>Vil minnes \u00f8yeblikket foran kisten<\/h2>\n<p>\nEtter at statsr\u00e5det var over, gikk regjeringsmedlemmene til Slottskapellet for \u00e5 defilere. Der fikk de tatt et siste farvel f\u00f8r gravferdsdagen.\n<\/p>\n<p>\u2013 Det er det ene \u00f8yeblikket du st\u00e5r alene foran kisten og kan tenke: N\u00e5 tar jeg farvel. Det var en verdig og god opplevelse, sier St\u00f8re.<\/p>\n<p>Statsministeren gikk f\u00f8rst, fulgt av helseminister Jan Christian Vestre, som ogs\u00e5 er nestleder i Arbeiderpartiet og derfor nummer to i regjeringen. Deretter fulgte finansminister Jens Stoltenberg og resten av statsr\u00e5dene.\n<\/p>\n<p>St\u00f8re tar med seg minner fra Slottskapellet som vakkert pyntet og helt stille.\n<\/p>\n<p>\u2013 Det er noe du ikke m\u00f8ter noe sted, stillheten. S\u00e5nn b\u00f8r det v\u00e6re. Dette h\u00f8ytidelige \u00f8yeblikket, n\u00e5r du st\u00e5r der helt alene og du kan bukke til b\u00e5ren, sier han.\n<\/p>\n<p>Ved Slottet fortsetter de lange k\u00f8ene, og kapellet holder \u00e5pent \u00e5tte timer daglig for publikum fram til tirsdag, dagen f\u00f8r gravferden.\n<\/p>\n<p>(\u00a9NTB)<\/p>\n<\/p><\/div>\n<p><script async defer crossorigin=\"anonymous\" data-lazy=\"w3tc\" data-src=\"https:\/\/connect.facebook.net\/nb_NO\/sdk.js#xfbml=1&#038;version=v18.0\"><\/script><br \/>\n<br \/><br \/>\n<br \/><a href=\"https:\/\/radioh.no\/regjeringen-defilerte-forbi-kongens-bare\/\">Kilde <\/a><\/p>","protected":false},"excerpt":{"rendered":"<p>Med Jonas Gahr St\u00f8re i spissen samlet regjeringen seg i Slottskapellet fredag formiddag. \u2013 Det var et vakkert \u00f8yeblikk, sa statsministeren. Innenriks: I likhet med tusenvis av nordmenn \u00f8nsket ogs\u00e5 regjeringen \u00e5 ta farvel og vise respekt ved \u00e5 g\u00e5 sakte forbi kong Haralds b\u00e5re. I tur og orden gikk statsministeren og de 19 statsr\u00e5dene [&hellip;]<\/p>","protected":false},"author":1,"featured_media":20835,"comment_status":"","ping_status":"","sticky":false,"template":"","format":"standard","meta":{"footnotes":""},"categories":[107],"tags":[],"tmauthors":[],"class_list":["post-20834","post","type-post","status-publish","format-standard","has-post-thumbnail","category-nyheter"],"_links":{"self":[{"href":"https:\/\/radiostavanger.no\/index.php?rest_route=\/wp\/v2\/posts\/20834","targetHints":{"allow":["GET"]}}],"collection":[{"href":"https:\/\/radiostavanger.no\/index.php?rest_route=\/wp\/v2\/posts"}],"about":[{"href":"https:\/\/radiostavanger.no\/index.php?rest_route=\/wp\/v2\/types\/post"}],"author":[{"embeddable":true,"href":"https:\/\/radiostavanger.no\/index.php?rest_route=\/wp\/v2\/users\/1"}],"replies":[{"embeddable":true,"href":"https:\/\/radiostavanger.no\/index.php?rest_route=%2Fwp%2Fv2%2Fcomments&post=20834"}],"version-history":[{"count":0,"href":"https:\/\/radiostavanger.no\/index.php?rest_route=\/wp\/v2\/posts\/20834\/revisions"}],"wp:featuredmedia":[{"embeddable":true,"href":"https:\/\/radiostavanger.no\/index.php?rest_route=\/wp\/v2\/media\/20835"}],"wp:attachment":[{"href":"https:\/\/radiostavanger.no\/index.php?rest_route=%2Fwp%2Fv2%2Fmedia&parent=20834"}],"wp:term":[{"taxonomy":"category","embeddable":true,"href":"https:\/\/radiostavanger.no\/index.php?rest_route=%2Fwp%2Fv2%2Fcategories&post=20834"},{"taxonomy":"post_tag","embeddable":true,"href":"https:\/\/radiostavanger.no\/index.php?rest_route=%2Fwp%2Fv2%2Ftags&post=20834"},{"taxonomy":"tmauthors","embeddable":true,"href":"https:\/\/radiostavanger.no\/index.php?rest_route=%2Fwp%2Fv2%2Ftmauthors&post=20834"}],"curies":[{"name":"wp","href":"https:\/\/api.w.org\/{rel}","templated":true}]}}