{"id":20849,"date":"2026-09-04T12:19:16","date_gmt":"2026-09-04T12:19:16","guid":{"rendered":"https:\/\/radiostavanger.no\/?p=20849"},"modified":"2026-09-04T12:19:16","modified_gmt":"2026-09-04T12:19:16","slug":"la-bunadskniven-bli-igjen-hjemme-under-gravferden-radio-stavanger","status":"publish","type":"post","link":"https:\/\/radiostavanger.no\/?p=20849","title":{"rendered":"\u2013 La bunadskniven bli igjen hjemme under gravferden \u2013 Radio Stavanger"},"content":{"rendered":"<p><br \/>\n<\/p>\n<div id=\"mvp-content-main\">\n<p class=\"radioh-ingress\"><strong>Man skal ikke v\u00e6re redd for \u00e5 ta med barn til Oslo sentrum under kong Haralds gravferd, sier politiet.<\/strong>\n<\/p>\n<p><strong>Innenriks<\/strong>: \u2013 Ja, det er trygt. Velkommen til Oslo til en historisk nasjonal begivenhet, sier Oslos politimester Ida Melbo \u00d8ystese om \u00e5 reise til Oslo og ta med barn under gravferden.\n<\/p>\n<p>Hun sier planverket legger opp til \u00e5 gi plass til b\u00e5de nasjonens sorg samtidig som innbyggere f\u00e5r ta del i arrangementene.\n<\/p>\n<p>\u2013 Samtidig som vi selvf\u00f8lgelig skal ta vare p\u00e5 sikkerheten for de fremm\u00f8tte og for de gjestene som kommer hit.\n<\/p>\n<h2>\u2013 Legg kniven hjemme<\/h2>\n<p>\nSikkerhetsoppbudet i hovedstaden kommer til \u00e5 v\u00e6re massivt under gravferden. Hele sentrum stenges for bil- og elsparkesykkeltrafikk. Det blir sikkerhetskontroller og flyforbud.<\/p>\n<p>\u2013 Et godt r\u00e5d hvis du har tenkt \u00e5 ha p\u00e5 deg bunad den dagen \u2013 s\u00e5 la kniven bli igjen hjemme, sier \u00d8ystese.\n<\/p>\n<p>Sammen med PST og politidirekt\u00f8ren sier hun at politiet er godt forberedt p\u00e5 den kongelige begravelsen.\n<\/p>\n<p>\u2013 Det har forel\u00f8pig ikke v\u00e6rt noen u\u00f8nskede hendelser s\u00e5 langt, sier hun.\n<\/p>\n<p>Rundt 20.000 fulgte kongens b\u00e5re fra Rikshospitalet til Slottet.\n<\/p>\n<p>\u2013 Vi m\u00e5 iverksette et bredt spekter av sikkerhetstiltak, b\u00e5de de som er synlige og mindre synlige, sikkerhetstiltak som er p\u00e5 bakken, i lufta og i cyberdomenet, sier politidirekt\u00f8r H\u00e5kon Skulstad.<\/p>\n<h2>Uendret trusselniv\u00e5<\/h2>\n<p>\nPST-sjef Beate Gang\u00e5s sier at politiet ikke ser vesentlige endringer i trusselniv\u00e5et n\u00e5.\n<\/p>\n<p>\u2013 Vi f\u00f8lger hele tiden med, b\u00e5de med v\u00e5re egne innhentingsmetoder, tips utenfra og kanskje i \u00f8kende grad etter hvert som det er s\u00e5 stor oppmerksomhet rundt det, sier Gang\u00e5s.\n<\/p>\n<p>Hun sier PST f\u00f8lger opp informasjon om hets, hatefulle ytringer, trusler mot myndighetspersoner og kongefamilien.\n<\/p>\n<p>\u2013 Vi gj\u00f8r alt vi kan for \u00e5 motvirke de truslene som vi ser komme, sier Gang\u00e5s.\n<\/p>\n<p>Det kan bli justeringer helt fram til i siste liten, opplyser politiet.<\/p>\n<p>(\u00a9NTB)\n<\/p>\n<\/p><\/div>\n<p><script async defer crossorigin=\"anonymous\" data-lazy=\"w3tc\" data-src=\"https:\/\/connect.facebook.net\/nb_NO\/sdk.js#xfbml=1&#038;version=v18.0\"><\/script><br \/>\n<br \/><br \/>\n<br \/><a href=\"https:\/\/radioh.no\/oslo-politiet-la-bunadskniven-bli-igjen-hjemme-under-gravferden\/\">Kilde <\/a><\/p>","protected":false},"excerpt":{"rendered":"<p>Man skal ikke v\u00e6re redd for \u00e5 ta med barn til Oslo sentrum under kong Haralds gravferd, sier politiet. Innenriks: \u2013 Ja, det er trygt. Velkommen til Oslo til en historisk nasjonal begivenhet, sier Oslos politimester Ida Melbo \u00d8ystese om \u00e5 reise til Oslo og ta med barn under gravferden. Hun sier planverket legger opp [&hellip;]<\/p>","protected":false},"author":1,"featured_media":20850,"comment_status":"","ping_status":"","sticky":false,"template":"","format":"standard","meta":{"footnotes":""},"categories":[107],"tags":[],"tmauthors":[],"class_list":["post-20849","post","type-post","status-publish","format-standard","has-post-thumbnail","category-nyheter"],"_links":{"self":[{"href":"https:\/\/radiostavanger.no\/index.php?rest_route=\/wp\/v2\/posts\/20849","targetHints":{"allow":["GET"]}}],"collection":[{"href":"https:\/\/radiostavanger.no\/index.php?rest_route=\/wp\/v2\/posts"}],"about":[{"href":"https:\/\/radiostavanger.no\/index.php?rest_route=\/wp\/v2\/types\/post"}],"author":[{"embeddable":true,"href":"https:\/\/radiostavanger.no\/index.php?rest_route=\/wp\/v2\/users\/1"}],"replies":[{"embeddable":true,"href":"https:\/\/radiostavanger.no\/index.php?rest_route=%2Fwp%2Fv2%2Fcomments&post=20849"}],"version-history":[{"count":0,"href":"https:\/\/radiostavanger.no\/index.php?rest_route=\/wp\/v2\/posts\/20849\/revisions"}],"wp:featuredmedia":[{"embeddable":true,"href":"https:\/\/radiostavanger.no\/index.php?rest_route=\/wp\/v2\/media\/20850"}],"wp:attachment":[{"href":"https:\/\/radiostavanger.no\/index.php?rest_route=%2Fwp%2Fv2%2Fmedia&parent=20849"}],"wp:term":[{"taxonomy":"category","embeddable":true,"href":"https:\/\/radiostavanger.no\/index.php?rest_route=%2Fwp%2Fv2%2Fcategories&post=20849"},{"taxonomy":"post_tag","embeddable":true,"href":"https:\/\/radiostavanger.no\/index.php?rest_route=%2Fwp%2Fv2%2Ftags&post=20849"},{"taxonomy":"tmauthors","embeddable":true,"href":"https:\/\/radiostavanger.no\/index.php?rest_route=%2Fwp%2Fv2%2Ftmauthors&post=20849"}],"curies":[{"name":"wp","href":"https:\/\/api.w.org\/{rel}","templated":true}]}}