{"id":20862,"date":"2026-09-04T13:54:17","date_gmt":"2026-09-04T13:54:17","guid":{"rendered":"https:\/\/radiostavanger.no\/?p=20862"},"modified":"2026-09-04T13:54:17","modified_gmt":"2026-09-04T13:54:17","slug":"kreftsyke-arild-hermstad-kommer-i-gravferden-til-kong-harald-radio-stavanger","status":"publish","type":"post","link":"https:\/\/radiostavanger.no\/?p=20862","title":{"rendered":"Kreftsyke Arild Hermstad kommer i gravferden til kong Harald \u2013 Radio Stavanger"},"content":{"rendered":"<p><br \/>\n<\/p>\n<div id=\"mvp-content-main\">\n<p class=\"radioh-ingress\"><strong>MDG-leder Arild Hermstad kommer i gravferden til kong Harald den 9. september. Han har v\u00e6rt sykmeldt siden midten av juni.<\/strong>\n<\/p>\n<p><strong>Innenriks<\/strong>: Det bekrefter MDG til Nettavisen.\n<\/p>\n<p>Hermstad f\u00e5r behandling for den alvorlige kreftformen leukemi, alts\u00e5 blodkreft. I starten av august kom det fram at han var p\u00e5 bedringens vei.\n<\/p>\n<p>Ingrid Liland har fungert som leder av partiet siden det kom fram at Hermstad var syk.\n<\/p>\n<p>I gravferden har MDG to plasser.<\/p>\n<p>(\u00a9NTB)\n<\/p>\n<\/p><\/div>\n<p><script async defer crossorigin=\"anonymous\" data-lazy=\"w3tc\" data-src=\"https:\/\/connect.facebook.net\/nb_NO\/sdk.js#xfbml=1&#038;version=v18.0\"><\/script><br \/>\n<br \/><br \/>\n<br \/><a href=\"https:\/\/radioh.no\/mdg-leder-arild-hermstad-alvorlig-kreftsyk-jeg-foler-meg-i-veldig-trygge-hender\/\">Kilde <\/a><\/p>","protected":false},"excerpt":{"rendered":"<p>MDG-leder Arild Hermstad kommer i gravferden til kong Harald den 9. september. Han har v\u00e6rt sykmeldt siden midten av juni. Innenriks: Det bekrefter MDG til Nettavisen. Hermstad f\u00e5r behandling for den alvorlige kreftformen leukemi, alts\u00e5 blodkreft. I starten av august kom det fram at han var p\u00e5 bedringens vei. Ingrid Liland har fungert som leder [&hellip;]<\/p>","protected":false},"author":1,"featured_media":20863,"comment_status":"","ping_status":"","sticky":false,"template":"","format":"standard","meta":{"footnotes":""},"categories":[107],"tags":[],"tmauthors":[],"class_list":["post-20862","post","type-post","status-publish","format-standard","has-post-thumbnail","category-nyheter"],"_links":{"self":[{"href":"https:\/\/radiostavanger.no\/index.php?rest_route=\/wp\/v2\/posts\/20862","targetHints":{"allow":["GET"]}}],"collection":[{"href":"https:\/\/radiostavanger.no\/index.php?rest_route=\/wp\/v2\/posts"}],"about":[{"href":"https:\/\/radiostavanger.no\/index.php?rest_route=\/wp\/v2\/types\/post"}],"author":[{"embeddable":true,"href":"https:\/\/radiostavanger.no\/index.php?rest_route=\/wp\/v2\/users\/1"}],"replies":[{"embeddable":true,"href":"https:\/\/radiostavanger.no\/index.php?rest_route=%2Fwp%2Fv2%2Fcomments&post=20862"}],"version-history":[{"count":0,"href":"https:\/\/radiostavanger.no\/index.php?rest_route=\/wp\/v2\/posts\/20862\/revisions"}],"wp:featuredmedia":[{"embeddable":true,"href":"https:\/\/radiostavanger.no\/index.php?rest_route=\/wp\/v2\/media\/20863"}],"wp:attachment":[{"href":"https:\/\/radiostavanger.no\/index.php?rest_route=%2Fwp%2Fv2%2Fmedia&parent=20862"}],"wp:term":[{"taxonomy":"category","embeddable":true,"href":"https:\/\/radiostavanger.no\/index.php?rest_route=%2Fwp%2Fv2%2Fcategories&post=20862"},{"taxonomy":"post_tag","embeddable":true,"href":"https:\/\/radiostavanger.no\/index.php?rest_route=%2Fwp%2Fv2%2Ftags&post=20862"},{"taxonomy":"tmauthors","embeddable":true,"href":"https:\/\/radiostavanger.no\/index.php?rest_route=%2Fwp%2Fv2%2Ftmauthors&post=20862"}],"curies":[{"name":"wp","href":"https:\/\/api.w.org\/{rel}","templated":true}]}}