{"id":20866,"date":"2026-09-04T14:06:54","date_gmt":"2026-09-04T14:06:54","guid":{"rendered":"https:\/\/radiostavanger.no\/?p=20866"},"modified":"2026-09-04T14:06:54","modified_gmt":"2026-09-04T14:06:54","slug":"dagens-rakettoppskyting-pa-andoya-er-avlyst-radio-stavanger","status":"publish","type":"post","link":"https:\/\/radiostavanger.no\/?p=20866","title":{"rendered":"Dagens rakettoppskyting p\u00e5 And\u00f8ya er avlyst \u2013 Radio Stavanger"},"content":{"rendered":"<p><br \/>\n<\/p>\n<div id=\"mvp-content-main\">\n<p class=\"radioh-ingress\"><strong>Isar Aerospace har nok en gang avlyst oppskytingen av Spectrum 2 fra And\u00f8ya Spaceport. Dette var sjette gang selskapet fors\u00f8kte \u00e5 sende raketten opp i bane.<\/strong>\n<\/p>\n<p><strong>Innenriks<\/strong>: Avlysingen bekreftes av administrerende direkt\u00f8r ved And\u00f8ya Space Center, Ketil Olsen, til NRK. Forrige fors\u00f8k var 15. juni.\n<\/p>\n<p>Isar Aerospace har forel\u00f8pig ikke oppgitt \u00e5rsaken til at oppskytningen ble avbrutt, men det bl\u00e5ser mye p\u00e5 And\u00f8ya fredag, og Meteorologisk institutt har utstedt gult farevarsel for kuling.\n<\/p>\n<p>Politiet opplyser til NRK at ferdselsforbudet i omr\u00e5det er opphevet.\n<\/p>\n<p>Raketten er lastet med norske og utenlandske satellitter, og m\u00e5let er \u00e5 styrke norsk og europeisk tilgang til verdensrommet.<\/p>\n<p>Daglig leder i Isar, Daniel Metzler, h\u00e5pet i forkant at oppskytningen skulle skje f\u00f8r kong Haralds gravferd onsdag, etter et l\u00f8fte gitt til dav\u00e6rende kronprins Haakon i 2023, skriver kanalen.\n<\/p>\n<p>(\u00a9NTB)\n<\/p>\n<\/p><\/div>\n<p><script async defer crossorigin=\"anonymous\" data-lazy=\"w3tc\" data-src=\"https:\/\/connect.facebook.net\/nb_NO\/sdk.js#xfbml=1&#038;version=v18.0\"><\/script><br \/>\n<br \/><br \/>\n<br \/><a href=\"https:\/\/radioh.no\/nytt-forsok-pa-rakettoppskytning-pa-andoya\/\">Kilde <\/a><\/p>","protected":false},"excerpt":{"rendered":"<p>Isar Aerospace har nok en gang avlyst oppskytingen av Spectrum 2 fra And\u00f8ya Spaceport. Dette var sjette gang selskapet fors\u00f8kte \u00e5 sende raketten opp i bane. Innenriks: Avlysingen bekreftes av administrerende direkt\u00f8r ved And\u00f8ya Space Center, Ketil Olsen, til NRK. Forrige fors\u00f8k var 15. juni. Isar Aerospace har forel\u00f8pig ikke oppgitt \u00e5rsaken til at oppskytningen [&hellip;]<\/p>","protected":false},"author":1,"featured_media":20867,"comment_status":"","ping_status":"","sticky":false,"template":"","format":"standard","meta":{"footnotes":""},"categories":[107],"tags":[],"tmauthors":[],"class_list":["post-20866","post","type-post","status-publish","format-standard","has-post-thumbnail","category-nyheter"],"_links":{"self":[{"href":"https:\/\/radiostavanger.no\/index.php?rest_route=\/wp\/v2\/posts\/20866","targetHints":{"allow":["GET"]}}],"collection":[{"href":"https:\/\/radiostavanger.no\/index.php?rest_route=\/wp\/v2\/posts"}],"about":[{"href":"https:\/\/radiostavanger.no\/index.php?rest_route=\/wp\/v2\/types\/post"}],"author":[{"embeddable":true,"href":"https:\/\/radiostavanger.no\/index.php?rest_route=\/wp\/v2\/users\/1"}],"replies":[{"embeddable":true,"href":"https:\/\/radiostavanger.no\/index.php?rest_route=%2Fwp%2Fv2%2Fcomments&post=20866"}],"version-history":[{"count":0,"href":"https:\/\/radiostavanger.no\/index.php?rest_route=\/wp\/v2\/posts\/20866\/revisions"}],"wp:featuredmedia":[{"embeddable":true,"href":"https:\/\/radiostavanger.no\/index.php?rest_route=\/wp\/v2\/media\/20867"}],"wp:attachment":[{"href":"https:\/\/radiostavanger.no\/index.php?rest_route=%2Fwp%2Fv2%2Fmedia&parent=20866"}],"wp:term":[{"taxonomy":"category","embeddable":true,"href":"https:\/\/radiostavanger.no\/index.php?rest_route=%2Fwp%2Fv2%2Fcategories&post=20866"},{"taxonomy":"post_tag","embeddable":true,"href":"https:\/\/radiostavanger.no\/index.php?rest_route=%2Fwp%2Fv2%2Ftags&post=20866"},{"taxonomy":"tmauthors","embeddable":true,"href":"https:\/\/radiostavanger.no\/index.php?rest_route=%2Fwp%2Fv2%2Ftmauthors&post=20866"}],"curies":[{"name":"wp","href":"https:\/\/api.w.org\/{rel}","templated":true}]}}