{"id":20874,"date":"2026-09-04T15:06:54","date_gmt":"2026-09-04T15:06:54","guid":{"rendered":"https:\/\/radiostavanger.no\/?p=20874"},"modified":"2026-09-04T15:06:54","modified_gmt":"2026-09-04T15:06:54","slug":"tobias-9-sparte-i-to-ar-sa-klippet-helten-alt-nrk-sorlandet-lokale-nyheter-tv-og-radio","status":"publish","type":"post","link":"https:\/\/radiostavanger.no\/?p=20874","title":{"rendered":"Tobias (9) sparte i to \u00e5r \u2013 s\u00e5 klippet helten alt \u2013 NRK S\u00f8rlandet \u2013 Lokale nyheter, TV og radio"},"content":{"rendered":"<p><br \/>\n<\/p>\n<div data-main-content=\"\" data-ec-list=\"article_body\" data-ec-name=\"br\u00f8dtekst\">\n<p>\u2013 Jeg ble sjokkert, ogs\u00e5 ble jeg litt sur, sier Tobias Sannes Frigstad.<\/p>\n<p>De siste to \u00e5rene har han spart ut sitt lyse h\u00e5r for \u00e5 ligne mest mulig p\u00e5 Erling Braut Haaland.<\/p>\n<p>\u2013 Fordi jeg synes det var kult, og fordi Haaland har det.<\/p>\n<div id=\"1.18014087.a519ea8b\" class=\"g100 col fln s10 sl12 sl18 sg6 sg9 inlinesanitycontent-reference\"><!-- include: \/serum\/render?id=1.18014087&size=10&perspective=RICH&alignment=AUTO&parentSize=10 -->\n    <link rel=\"stylesheet\" type=\"text\/css\" href=\"https:\/\/static.dh.nrk.no\/modul\/bildekollasj\/main-1828006b51f60ff8932f.css\"\/><!-- prettier-ignore-attribute --><dh-bildekollasj-v1 class=\"widget \" data-name=\"dh-bildekollasj\" data-self-id=\"1.18014087\"><\/p>\n<figure class=\"dhbk__kollasj\">\n<div class=\"dhbk__galleri-container dhbk__no-fullwidth\">\n<div class=\"dhbk__overlappende-bilder\"><picture><source srcset=\"https:\/\/gfx.nrk.no\/fis77jfaLXXaYhg7xms5uAlU1JAcr4hvAyxsy5d7jaDg 450w,https:\/\/gfx.nrk.no\/fis77jfaLXXaYhg7xms5uAwB5_kRpavLkyxsy5d7jaDg 768w,https:\/\/gfx.nrk.no\/fis77jfaLXXaYhg7xms5uAl5nPuvk7DhIyxsy5d7jaDg 1080w,https:\/\/gfx.nrk.no\/fis77jfaLXXaYhg7xms5uAHuigJZay8wIyxsy5d7jaDg 1280w,https:\/\/gfx.nrk.no\/fis77jfaLXXaYhg7xms5uA2UV_Okzlua4yxsy5d7jaDg 1600w,https:\/\/gfx.nrk.no\/fis77jfaLXXaYhg7xms5uAgtGr5XBcR8gyxsy5d7jaDg 1920w,https:\/\/gfx.nrk.no\/fis77jfaLXXaYhg7xms5uAWvmhPzPlooEyxsy5d7jaDg 2560w,https:\/\/gfx.nrk.no\/fis77jfaLXXaYhg7xms5uAKg0XCcAasJQyxsy5d7jaDg 3840w\" sizes=\"(min-width: 900px) 50vw, 100vw\" width=\"3840\" height=\"3840\"><img alt=\"Barn med langt lyst h\u00e5r i norsk landslagsdrakt st\u00e5r utend\u00f8rs. (Bildebeskrivelsen er laget av en KI-tjeneste)\" sizes=\"(min-width: 900px) 600px, 100vw\" loading=\"lazy\"\/><\/source><\/picture><picture><source srcset=\"https:\/\/gfx.nrk.no\/aGR3GlW24JmSf2t01bL-5gUHPqvVXS2OBa6GmpFwgvTA 450w,https:\/\/gfx.nrk.no\/aGR3GlW24JmSf2t01bL-5gys730SejTVda6GmpFwgvTA 768w,https:\/\/gfx.nrk.no\/aGR3GlW24JmSf2t01bL-5gCCQINwwIavZa6GmpFwgvTA 1080w,https:\/\/gfx.nrk.no\/aGR3GlW24JmSf2t01bL-5gOAATFWwkfQBa6GmpFwgvTA 1280w,https:\/\/gfx.nrk.no\/aGR3GlW24JmSf2t01bL-5go8E5o9BM8T9a6GmpFwgvTA 1600w,https:\/\/gfx.nrk.no\/aGR3GlW24JmSf2t01bL-5gfmPHmPxXv8ta6GmpFwgvTA 1920w,https:\/\/gfx.nrk.no\/aGR3GlW24JmSf2t01bL-5gxOPbe8dZ5uRa6GmpFwgvTA 2560w,https:\/\/gfx.nrk.no\/aGR3GlW24JmSf2t01bL-5gVgjMi6xNmIJa6GmpFwgvTA 3840w\" sizes=\"(min-width: 900px) 50vw, 100vw\" width=\"3840\" height=\"3840\"><img alt=\"Et barn i norsk landslagsdrakt st\u00e5r utend\u00f8rs i en gate med klesstativer i bakgrunnen. (Bildebeskrivelsen er laget av en KI-tjeneste)\" sizes=\"(min-width: 900px) 600px, 100vw\" loading=\"lazy\"\/><\/source><\/picture><\/div>\n<\/div><figcaption>\n<p>Frigstad har spart h\u00e5ret i mer enn to \u00e5r.<\/p>\n<p><small>FOTO: Siv Kristin S\u00e6llmann<\/small><\/figcaption><\/figure>\n<p><\/dh-bildekollasj-v1>\n  <\/div>\n<p>Men for omtrent to uker siden avsl\u00f8rte fotballspilleren en helt ny \u00ablook\u00bb.<\/p>\n<p>Han hadde klippet alt h\u00e5ret av.<\/p>\n<p>Tobias har gjort alt for \u00e5 ligne p\u00e5 Haaland, ogs\u00e5 p\u00e5 fotballbanen. N\u00e5 m\u00e5 ni\u00e5ringen g\u00e5 den tunge veien til fris\u00f8ren.<\/p>\n<p><!-- \/\/ Reference Autonomous --><\/p>\n<h2>Ikke den eneste<\/h2>\n<p>At vi klipper oss som v\u00e5re forbilder, det er ikke noe nytt.<\/p>\n<p>Fris\u00f8r Kamil Stuchlik jobber p\u00e5 The Man Cave Barber Lounge i Kristiansand, og har sett dette f\u00f8r.<\/p>\n<div id=\"1.18013909.404fcee4\" class=\"g100 col fc s10 sl12 sl18 sg6 sg9 image-reference image-reference--F11\"><!-- include: \/serum\/render?id=1.18013909&size=10&perspective=RICH&alignment=CENTER&type=image&aspect=F11&parentSize=10 --><!-- START: \/templates\/image\/image-rich.jsp --><\/p>\n<figure class=\"image widget rich\">\n<div class=\"responsive-img F11\"><img decoding=\"async\" sizes=\"(min-width:1180px) 639px, (min-width:720px) 56vw, 100vw\" srcset=\"https:\/\/gfx.nrk.no\/E__6rf5J0RjnEcytP5my5AlymM3YVTLR8qV2HBzsT_rQ.jpg 80w, https:\/\/gfx.nrk.no\/E__6rf5J0RjnEcytP5my5AcK2P7oqOseMqV2HBzsT_rQ.jpg 160w, https:\/\/gfx.nrk.no\/E__6rf5J0RjnEcytP5my5AzW8Xdrr2P-AqV2HBzsT_rQ.jpg 350w, https:\/\/gfx.nrk.no\/E__6rf5J0RjnEcytP5my5A8q8VDNltkCgqV2HBzsT_rQ.jpg 450w, https:\/\/gfx.nrk.no\/E__6rf5J0RjnEcytP5my5AM8GdJy7iTccqV2HBzsT_rQ.jpg 650w, https:\/\/gfx.nrk.no\/E__6rf5J0RjnEcytP5my5AztRzhAKuih4qV2HBzsT_rQ.jpg 1000w, https:\/\/gfx.nrk.no\/E__6rf5J0RjnEcytP5my5AWCzouSL9_wMqV2HBzsT_rQ.jpg 1200w, https:\/\/gfx.nrk.no\/E__6rf5J0RjnEcytP5my5A0xOxERS5igoqV2HBzsT_rQ.jpg 1600w, https:\/\/gfx.nrk.no\/E__6rf5J0RjnEcytP5my5AGLEaLMfroAQqV2HBzsT_rQ.jpg 2000w\" src=\"data:image\/gif;base64,R0lGODlhAQABAIAAAAAAAP\/\/\/yH5BAEAAAAALAAAAAABAAEAAAIBRAA7\" loading=\"eager\" alt=\"En fris\u00f8r klipper h\u00e5ret til en gutt i en fris\u00f8rsalong. (Bildebeskrivelsen er laget av en KI-tjeneste)\" title=\"Foto: Siv Kristin S\u00e6llmann \/ NRK\"\/><\/div><figcaption>\n<small>Foto: Siv Kristin S\u00e6llmann \/ NRK<\/small><br \/>\n<\/figcaption><\/figure>\n<p><!-- END: \/templates\/image\/image-rich.jsp -->\n<\/div>\n<p>\u2013 Da jeg jobbet tilbake i tiden, var h\u00e5rklippen til Beckham popul\u00e6rt.<\/p>\n<p>En s\u00e5kalt \u00abbuzzcut\u00bb, lik p\u00e5 den Haaland n\u00e5 har skaffet seg. Alts\u00e5 at man barberer alt h\u00e5ret av.<\/p>\n<div id=\"1.18014064.a1f6aed2\" class=\"g100 col fc s10 sl12 sl18 sg6 sg9 image-reference image-reference--F11\"><!-- include: \/serum\/render?id=1.18014064&size=10&perspective=RICH&alignment=CENTER&caption=P%C3%A5+2000-tallet+klippet+David+Beckham+h%C3%A5ret+helt+kort.+Den+nyere%2C+litt+lengre+sveisen+hans+har+ogs%C3%A5+v%C3%A6rt+en+hit+blant+menn+i+alle+aldre.+&type=image&aspect=F11&parentSize=10 --><!-- START: \/templates\/image\/image-rich.jsp --><\/p>\n<figure class=\"image widget rich\">\n<div class=\"responsive-img F11\"><img decoding=\"async\" sizes=\"(min-width:1180px) 639px, (min-width:720px) 56vw, 100vw\" srcset=\"https:\/\/gfx.nrk.no\/TpqKK5XXbVE_ZZ2Ks3Or3QoYWQF4sqyDDFk7bbWGNIAg.jpg 80w, https:\/\/gfx.nrk.no\/TpqKK5XXbVE_ZZ2Ks3Or3QGcFF0DMeBuPFk7bbWGNIAg.jpg 160w, https:\/\/gfx.nrk.no\/TpqKK5XXbVE_ZZ2Ks3Or3QKBZU60CzJ3_Fk7bbWGNIAg.jpg 350w, https:\/\/gfx.nrk.no\/TpqKK5XXbVE_ZZ2Ks3Or3QVfWL0r0UmevFk7bbWGNIAg.jpg 450w, https:\/\/gfx.nrk.no\/TpqKK5XXbVE_ZZ2Ks3Or3Q44yUE_igwq_Fk7bbWGNIAg.jpg 650w, https:\/\/gfx.nrk.no\/TpqKK5XXbVE_ZZ2Ks3Or3QYAgO3IKNxE_Fk7bbWGNIAg.jpg 1000w, https:\/\/gfx.nrk.no\/TpqKK5XXbVE_ZZ2Ks3Or3QUIckdvmlJYrFk7bbWGNIAg.jpg 1200w, https:\/\/gfx.nrk.no\/TpqKK5XXbVE_ZZ2Ks3Or3QwLzkf9F5YlLFk7bbWGNIAg.jpg 1600w, https:\/\/gfx.nrk.no\/TpqKK5XXbVE_ZZ2Ks3Or3Q1XWakdskSovFk7bbWGNIAg.jpg 2000w\" src=\"data:image\/gif;base64,R0lGODlhAQABAIAAAAAAAP\/\/\/yH5BAEAAAAALAAAAAABAAEAAAIBRAA7\" loading=\"eager\" alt=\"David Beckham med kortklipt h\u00e5r og plaster bak \u00f8ret, if\u00f8rt r\u00f8d fotballdrakt. (Bildebeskrivelsen er laget av en KI-tjeneste)\" title=\"Foto: DAN CHUNG \/ X00814,NTB\"\/><\/div><figcaption>\n<p class=\"\">P\u00e5 2000-tallet klippet David Beckham h\u00e5ret helt kort. Den nyere, litt lengre sveisen hans har ogs\u00e5 v\u00e6rt en hit blant menn i alle aldre. <\/p>\n<p><small>Foto: DAN CHUNG \/ X00814,NTB<\/small><br \/>\n<\/figcaption><\/figure>\n<p><!-- END: \/templates\/image\/image-rich.jsp -->\n<\/div>\n<p>Stuchlik tror den norske fotballspilleren er i gang med \u00e5 skape en ny trendb\u00f8lge, slik David Beckham gjorde i sin tid.<\/p>\n<h2>Redd for \u00e5 miste \u00abkraften\u00bb<\/h2>\n<p>Da Haaland la ut videoen hvor han klipper h\u00e5ret, fikk det store reaksjoner over hele verden.<\/p>\n<p>Ogs\u00e5 i huset til Tobias.<\/p>\n<p>\u2013 Jeg var veldig sjokkert, og litt lei meg, sier han.<\/p>\n<div id=\"1.17998673.abd11e05\" class=\"g100 col fc s10 sl12 sl18 sg6 sg9 image-reference image-reference--F11\"><!-- include: \/serum\/render?id=1.17998673&size=10&perspective=RICH&alignment=CENTER&caption=Haaland+la+ut+en+video+p%C3%A5+sin+egen+YouTube-profil%2C+hvor+h%C3%A5rklippen+ble+filmet.+&type=image&aspect=F11&parentSize=10 --><!-- START: \/templates\/image\/image-rich.jsp --><\/p>\n<figure class=\"image widget rich\">\n<div class=\"responsive-img F11\"><img decoding=\"async\" sizes=\"(min-width:1180px) 639px, (min-width:720px) 56vw, 100vw\" srcset=\"https:\/\/gfx.nrk.no\/YF5FLo1kKb4aGK-KlPp-pgTHu9PKtJGOh233SbACj0LQ.png 80w, https:\/\/gfx.nrk.no\/YF5FLo1kKb4aGK-KlPp-pg0jkfXJvBXFN233SbACj0LQ.png 160w, https:\/\/gfx.nrk.no\/YF5FLo1kKb4aGK-KlPp-pg7q71LhpN0Vl233SbACj0LQ.png 350w, https:\/\/gfx.nrk.no\/YF5FLo1kKb4aGK-KlPp-pgCKoVyLG-cEd233SbACj0LQ.png 450w, https:\/\/gfx.nrk.no\/YF5FLo1kKb4aGK-KlPp-pgV-Il4douvet233SbACj0LQ.png 650w, https:\/\/gfx.nrk.no\/YF5FLo1kKb4aGK-KlPp-pggSxOWmd-bfN233SbACj0LQ.png 1000w, https:\/\/gfx.nrk.no\/YF5FLo1kKb4aGK-KlPp-pgziTYpCnQq9Z233SbACj0LQ.png 1200w, https:\/\/gfx.nrk.no\/YF5FLo1kKb4aGK-KlPp-pgGTFKMo9f2Qd233SbACj0LQ.png 1600w, https:\/\/gfx.nrk.no\/YF5FLo1kKb4aGK-KlPp-pglLPRjZ43p8l233SbACj0LQ.png 2000w\" src=\"data:image\/gif;base64,R0lGODlhAQABAIAAAAAAAP\/\/\/yH5BAEAAAAALAAAAAABAAEAAAIBRAA7\" loading=\"eager\" alt=\"Erling Braut Haaland fotografert innend\u00f8rs foran hvite gardiner. (Bildebeskrivelsen er laget av en KI-tjeneste)\" title=\"Faksimile: Erling Braut Haaland \/ X\"\/><\/div><figcaption>\n<p class=\"\">Haaland la ut en video p\u00e5 sin egen YouTube-profil, hvor h\u00e5rklippen ble filmet. <\/p>\n<p><small>Faksimile: Erling Braut Haaland \/ X<\/small><br \/>\n<\/figcaption><\/figure>\n<p><!-- END: \/templates\/image\/image-rich.jsp -->\n<\/div>\n<p>Sosiale medier har fleipet mye om at Haalands m\u00e5lteft l\u00e5 i nettopp h\u00e5ret. Tobias er enig.<\/p>\n<p>\u2013 Ja, det syns jeg faktisk, sier han.<\/p>\n<p>Derfor er Tobias litt bekymret for selv \u00e5 miste kraften i skuddfoten i jakten p\u00e5 \u00e5 ligne p\u00e5 helten.<\/p>\n<p>\u2013 S\u00e5 vi f\u00e5r se om jeg f\u00e5r noen m\u00e5l p\u00e5 den kampen i dag, da.<\/p>\n<p><!-- \/\/ Reference Autonomous --><\/p>\n<h2>Tror det blir trend<\/h2>\n<p>I fris\u00f8rstolen sprayer Stuchlik vann p\u00e5 de lyse lokkene til Tobias. N\u00e5 skal de bort.<\/p>\n<p>Sidene barberes. Toppen stusses.<\/p>\n<p>\u2013 Jeg har hatt veldig kort h\u00e5r f\u00f8r, sier han.<\/p>\n<div id=\"1.18014133.ad940e25\" class=\"g100 col fln s10 sl12 sl18 sg6 sg9 inlinesanitycontent-reference\"><!-- include: \/serum\/render?id=1.18014133&size=10&perspective=RICH&alignment=AUTO&parentSize=10 -->\n    <link rel=\"stylesheet\" type=\"text\/css\" href=\"https:\/\/static.dh.nrk.no\/modul\/bildekollasj\/main-1828006b51f60ff8932f.css\"\/><!-- prettier-ignore-attribute --><dh-bildekollasj-v1 class=\"widget should-popout\" data-name=\"dh-bildekollasj\" data-self-id=\"1.18014133\"><\/p>\n<figure class=\"dhbk__kollasj\">\n<div class=\"dhbk__to-hoydebilder\" style=\"--forskyvning: 0%\">\n<div class=\"dhbk__image-wrapper\" style=\"--aspect: 4 \/ 5\"><picture><source srcset=\"https:\/\/gfx.nrk.no\/BuAdRT88a7Zt92FHt78z_ggfom7-O5XQR6t_G7ZMDFrw 450w,https:\/\/gfx.nrk.no\/BuAdRT88a7Zt92FHt78z_go5m2EN_vZr96t_G7ZMDFrw 768w,https:\/\/gfx.nrk.no\/BuAdRT88a7Zt92FHt78z_gFnBWqNznZEN6t_G7ZMDFrw 1080w,https:\/\/gfx.nrk.no\/BuAdRT88a7Zt92FHt78z_gbRFsixB3Xc16t_G7ZMDFrw 1280w,https:\/\/gfx.nrk.no\/BuAdRT88a7Zt92FHt78z_gybN3Fg4mK6V6t_G7ZMDFrw 1600w,https:\/\/gfx.nrk.no\/BuAdRT88a7Zt92FHt78z_gx8qJLVaepzB6t_G7ZMDFrw 1920w,https:\/\/gfx.nrk.no\/BuAdRT88a7Zt92FHt78z_gJ3ss9NpDGu56t_G7ZMDFrw 2560w,https:\/\/gfx.nrk.no\/BuAdRT88a7Zt92FHt78z_ggd00d5g0sQp6t_G7ZMDFrw 3840w\" sizes=\"(min-width: 900px) 50vw, 100vw\" width=\"3840\" height=\"4800\"><img alt=\"Fris\u00f8r sprayer vann i h\u00e5ret p\u00e5 en kunde i en fris\u00f8rsalong. (Bildebeskrivelsen er laget av en KI-tjeneste)\" sizes=\"(min-width: 900px) 600px, 100vw\" loading=\"lazy\"\/><\/source><\/picture><\/div>\n<div class=\"dhbk__image-wrapper\" style=\"--aspect: 4 \/ 5\"><picture><source srcset=\"https:\/\/gfx.nrk.no\/x1xVeFk8H50ngHHrEOPDagCOqAN5Q8dFQxMRewuce4Vw 450w,https:\/\/gfx.nrk.no\/x1xVeFk8H50ngHHrEOPDagwxUj_YdBQHUxMRewuce4Vw 768w,https:\/\/gfx.nrk.no\/x1xVeFk8H50ngHHrEOPDagzlbEOvHbitcxMRewuce4Vw 1080w,https:\/\/gfx.nrk.no\/x1xVeFk8H50ngHHrEOPDagNwt61KyZH14xMRewuce4Vw 1280w,https:\/\/gfx.nrk.no\/x1xVeFk8H50ngHHrEOPDagy85Nh84C4VIxMRewuce4Vw 1600w,https:\/\/gfx.nrk.no\/x1xVeFk8H50ngHHrEOPDagYasJ9xg7NO4xMRewuce4Vw 1920w,https:\/\/gfx.nrk.no\/x1xVeFk8H50ngHHrEOPDagqVa_XRVOMecxMRewuce4Vw 2560w,https:\/\/gfx.nrk.no\/x1xVeFk8H50ngHHrEOPDagEcdJaEWX0DUxMRewuce4Vw 3840w\" sizes=\"(min-width: 900px) 50vw, 100vw\" width=\"3840\" height=\"4800\"><img alt=\"En fris\u00f8r klipper h\u00e5ret til en ung gutt i en fris\u00f8rsalong. (Bildebeskrivelsen er laget av en KI-tjeneste)\" sizes=\"(min-width: 900px) 600px, 100vw\" loading=\"lazy\"\/><\/source><\/picture><\/div>\n<\/div><figcaption><small>FOTO: Siv Kristin S\u00e6llmann<\/small><\/figcaption><\/figure>\n<p><\/dh-bildekollasj-v1>\n  <\/div>\n<p>Tobias tror flere kommer til \u00e5 ville klippe seg kort n\u00e5, akkurat som Haaland.<\/p>\n<p>Fris\u00f8ren er enig.<\/p>\n<p>\u2013 Jeg tror jeg er en av de f\u00f8rste som har klippet vekk det lange h\u00e5ret.<\/p>\n<h2>Aerodynamisk<\/h2>\n<p>Etter en stund i fris\u00f8rstolen ser Tobias en ny gutt i speilet.<\/p>\n<p>\u2013 Jeg synes det var veldig kult, sier han forn\u00f8yd.<\/p>\n<div id=\"1.18013896.3eb72547\" class=\"g100 col fc s10 sl12 sl18 sg6 sg9 image-reference image-reference--F11\"><!-- include: \/serum\/render?id=1.18013896&size=10&perspective=RICH&alignment=CENTER&type=image&aspect=F11&parentSize=10 --><!-- START: \/templates\/image\/image-rich.jsp --><\/p>\n<figure class=\"image widget rich\">\n<div class=\"responsive-img F11\"><img decoding=\"async\" sizes=\"(min-width:1180px) 639px, (min-width:720px) 56vw, 100vw\" srcset=\"https:\/\/gfx.nrk.no\/AgEn1z4KsZaewI_CvWCCmAKINiURgAr6Sujwk7ijoT7Q.jpg 80w, https:\/\/gfx.nrk.no\/AgEn1z4KsZaewI_CvWCCmAK92Rps9vN6Wujwk7ijoT7Q.jpg 160w, https:\/\/gfx.nrk.no\/AgEn1z4KsZaewI_CvWCCmAhY-daLLZAJiujwk7ijoT7Q.jpg 350w, https:\/\/gfx.nrk.no\/AgEn1z4KsZaewI_CvWCCmAFoo6kQfiwl-ujwk7ijoT7Q.jpg 450w, https:\/\/gfx.nrk.no\/AgEn1z4KsZaewI_CvWCCmAwJbaSFUdcHWujwk7ijoT7Q.jpg 650w, https:\/\/gfx.nrk.no\/AgEn1z4KsZaewI_CvWCCmAE7NQRWCKnKmujwk7ijoT7Q.jpg 1000w, https:\/\/gfx.nrk.no\/AgEn1z4KsZaewI_CvWCCmA1sDvE5WQ5bOujwk7ijoT7Q.jpg 1200w, https:\/\/gfx.nrk.no\/AgEn1z4KsZaewI_CvWCCmA_23SZQ_XxjOujwk7ijoT7Q.jpg 1600w, https:\/\/gfx.nrk.no\/AgEn1z4KsZaewI_CvWCCmAUwgZVpP0DtSujwk7ijoT7Q.jpg 2000w\" src=\"data:image\/gif;base64,R0lGODlhAQABAIAAAAAAAP\/\/\/yH5BAEAAAAALAAAAAABAAEAAAIBRAA7\" loading=\"eager\" alt=\"Fris\u00f8r klipper h\u00e5r p\u00e5 en gutt i en fris\u00f8rsalong. I bakgrunnen ses en annen fris\u00f8r i arbeid. (Bildebeskrivelsen er laget av en KI-tjeneste)\" title=\"Foto: Siv Kristin S\u00e6llmann \/ NRK\"\/><\/div><figcaption>\n<small>Foto: Siv Kristin S\u00e6llmann \/ NRK<\/small><br \/>\n<\/figcaption><\/figure>\n<p><!-- END: \/templates\/image\/image-rich.jsp -->\n<\/div>\n<p>Fris\u00f8r Stuchlik tror ikke den nye sveisen vil st\u00e5 til hinder for \u00e5 score m\u00e5l i fremtiden.<\/p>\n<p>\u2013 Det er mer aerodynamisk, definitivt. Du kommer til \u00e5 v\u00e6re raskere, sier han.<\/p>\n<p><!-- \/\/ Reference Autonomous --><\/p>\n<p><!-- include: \/serum\/render?id=1.16930046&size=18&perspective=RICH&alignment=AUTO --><!-- START: \/templates\/section\/section.jsp --><\/p>\n<p><!-- END: \/templates\/section\/section.jsp -->\n<\/div>\n<p>\n<span class=\"article-publish-date publish-date \"><br \/>\n<span class=\"article-dateline-annotation\">Publisert<\/span><br \/>\n<time class=\"datetime-absolute datePublished\" datetime=\"2026-09-04T16:38:09+02:00\"><br \/>\n04.09.2026, kl. 16.38<br \/>\n<\/time><br \/>\n<\/span>\n<\/p>\n<p><br \/>\n<br \/><a href=\"https:\/\/www.nrk.no\/sorlandet\/tobias-_9_-sparte-i-to-ar-_-sa-klippet-helten-alt-1.18013888\">Kildelink <\/a><\/p>","protected":false},"excerpt":{"rendered":"<p>\u2013 Jeg ble sjokkert, ogs\u00e5 ble jeg litt sur, sier Tobias Sannes Frigstad. De siste to \u00e5rene har han spart ut sitt lyse h\u00e5r for \u00e5 ligne mest mulig p\u00e5 Erling Braut Haaland. \u2013 Fordi jeg synes det var kult, og fordi Haaland har det. Frigstad har spart h\u00e5ret i mer enn to \u00e5r. FOTO: [&hellip;]<\/p>","protected":false},"author":1,"featured_media":20875,"comment_status":"","ping_status":"","sticky":false,"template":"","format":"standard","meta":{"footnotes":""},"categories":[108],"tags":[],"tmauthors":[],"class_list":["post-20874","post","type-post","status-publish","format-standard","has-post-thumbnail","category-lokalnyheter"],"_links":{"self":[{"href":"https:\/\/radiostavanger.no\/index.php?rest_route=\/wp\/v2\/posts\/20874","targetHints":{"allow":["GET"]}}],"collection":[{"href":"https:\/\/radiostavanger.no\/index.php?rest_route=\/wp\/v2\/posts"}],"about":[{"href":"https:\/\/radiostavanger.no\/index.php?rest_route=\/wp\/v2\/types\/post"}],"author":[{"embeddable":true,"href":"https:\/\/radiostavanger.no\/index.php?rest_route=\/wp\/v2\/users\/1"}],"replies":[{"embeddable":true,"href":"https:\/\/radiostavanger.no\/index.php?rest_route=%2Fwp%2Fv2%2Fcomments&post=20874"}],"version-history":[{"count":0,"href":"https:\/\/radiostavanger.no\/index.php?rest_route=\/wp\/v2\/posts\/20874\/revisions"}],"wp:featuredmedia":[{"embeddable":true,"href":"https:\/\/radiostavanger.no\/index.php?rest_route=\/wp\/v2\/media\/20875"}],"wp:attachment":[{"href":"https:\/\/radiostavanger.no\/index.php?rest_route=%2Fwp%2Fv2%2Fmedia&parent=20874"}],"wp:term":[{"taxonomy":"category","embeddable":true,"href":"https:\/\/radiostavanger.no\/index.php?rest_route=%2Fwp%2Fv2%2Fcategories&post=20874"},{"taxonomy":"post_tag","embeddable":true,"href":"https:\/\/radiostavanger.no\/index.php?rest_route=%2Fwp%2Fv2%2Ftags&post=20874"},{"taxonomy":"tmauthors","embeddable":true,"href":"https:\/\/radiostavanger.no\/index.php?rest_route=%2Fwp%2Fv2%2Ftmauthors&post=20874"}],"curies":[{"name":"wp","href":"https:\/\/api.w.org\/{rel}","templated":true}]}}