{"id":20891,"date":"2026-09-04T16:34:55","date_gmt":"2026-09-04T16:34:55","guid":{"rendered":"https:\/\/radiostavanger.no\/?p=20891"},"modified":"2026-09-04T16:34:55","modified_gmt":"2026-09-04T16:34:55","slug":"sabotasjeforsoket-i-tyskland-mistenker-klimaaktivist-radio-stavanger","status":"publish","type":"post","link":"https:\/\/radiostavanger.no\/?p=20891","title":{"rendered":"Sabotasjefors\u00f8ket i Tyskland \u2013 mistenker klimaaktivist \u2013 Radio Stavanger"},"content":{"rendered":"<p><br \/>\n<\/p>\n<div id=\"mvp-content-main\">\n<p class=\"radioh-ingress\"><strong>Tyske myndigheter mener en 48 \u00e5r gammel mann st\u00e5r bak sabotasjefors\u00f8ket mot str\u00f8mnettet i Tyskland.<\/strong>\n<\/p>\n<p><strong>Utenriks<\/strong>: \u2013 Vi leter etter en 48 \u00e5r gammel mann som angivelig skrev et brev der han tok p\u00e5 seg ansvaret, sier Tysklands innenriksminister Alexander Dobrindt, if\u00f8lge det tyske nyhetsbyr\u00e5et DPA.\n<\/p>\n<p>For tredje gang denne uken etterforsker tysk politi et mulig sabotasjefors\u00f8k mot str\u00f8mnettet. Torsdag ble det funnet en mistenkelig gjenstand ved en transformatorstasjon i byen Dormagen.\n<\/p>\n<p>\u2013 Vi m\u00e5 anta at det er snakk om klimaekstremisme, sier Dobrindt.\n<\/p>\n<p>Under en ransakelse av hjemmet hans fant politiet det som mistenkes \u00e5 v\u00e6re sprengstoff, opplyser tjenestemenn.<\/p>\n<p>Tirsdag ble det funnet lignende gjenstander ved transformatorstasjoner i Bergheim i Nordrhein-Westfalen og i J\u00e4nschwalde i Brandenburg.\n<\/p>\n<p>Tysk politi etterforsker de tre tilfellene som mistenkelige angrep mot kritisk infrastruktur.\n<\/p>\n<p>\u2013 Vi kan ikke utelukke at den mistenkte har medsammensvorne, sier Dobrindt.\n<\/p>\n<p>(\u00a9NTB)\n<\/p>\n<\/p><\/div>\n<p><script async defer crossorigin=\"anonymous\" data-lazy=\"w3tc\" data-src=\"https:\/\/connect.facebook.net\/nb_NO\/sdk.js#xfbml=1&#038;version=v18.0\"><\/script><br \/>\n<br \/><br \/>\n<br \/><a href=\"https:\/\/radioh.no\/sabotasjeforsoket-i-tyskland-mistenker-klimaaktivist\/\">Kilde <\/a><\/p>","protected":false},"excerpt":{"rendered":"<p>Tyske myndigheter mener en 48 \u00e5r gammel mann st\u00e5r bak sabotasjefors\u00f8ket mot str\u00f8mnettet i Tyskland. Utenriks: \u2013 Vi leter etter en 48 \u00e5r gammel mann som angivelig skrev et brev der han tok p\u00e5 seg ansvaret, sier Tysklands innenriksminister Alexander Dobrindt, if\u00f8lge det tyske nyhetsbyr\u00e5et DPA. For tredje gang denne uken etterforsker tysk politi et [&hellip;]<\/p>","protected":false},"author":1,"featured_media":20892,"comment_status":"","ping_status":"","sticky":false,"template":"","format":"standard","meta":{"footnotes":""},"categories":[107],"tags":[],"tmauthors":[],"class_list":["post-20891","post","type-post","status-publish","format-standard","has-post-thumbnail","category-nyheter"],"_links":{"self":[{"href":"https:\/\/radiostavanger.no\/index.php?rest_route=\/wp\/v2\/posts\/20891","targetHints":{"allow":["GET"]}}],"collection":[{"href":"https:\/\/radiostavanger.no\/index.php?rest_route=\/wp\/v2\/posts"}],"about":[{"href":"https:\/\/radiostavanger.no\/index.php?rest_route=\/wp\/v2\/types\/post"}],"author":[{"embeddable":true,"href":"https:\/\/radiostavanger.no\/index.php?rest_route=\/wp\/v2\/users\/1"}],"replies":[{"embeddable":true,"href":"https:\/\/radiostavanger.no\/index.php?rest_route=%2Fwp%2Fv2%2Fcomments&post=20891"}],"version-history":[{"count":0,"href":"https:\/\/radiostavanger.no\/index.php?rest_route=\/wp\/v2\/posts\/20891\/revisions"}],"wp:featuredmedia":[{"embeddable":true,"href":"https:\/\/radiostavanger.no\/index.php?rest_route=\/wp\/v2\/media\/20892"}],"wp:attachment":[{"href":"https:\/\/radiostavanger.no\/index.php?rest_route=%2Fwp%2Fv2%2Fmedia&parent=20891"}],"wp:term":[{"taxonomy":"category","embeddable":true,"href":"https:\/\/radiostavanger.no\/index.php?rest_route=%2Fwp%2Fv2%2Fcategories&post=20891"},{"taxonomy":"post_tag","embeddable":true,"href":"https:\/\/radiostavanger.no\/index.php?rest_route=%2Fwp%2Fv2%2Ftags&post=20891"},{"taxonomy":"tmauthors","embeddable":true,"href":"https:\/\/radiostavanger.no\/index.php?rest_route=%2Fwp%2Fv2%2Ftmauthors&post=20891"}],"curies":[{"name":"wp","href":"https:\/\/api.w.org\/{rel}","templated":true}]}}