{"id":20901,"date":"2026-09-04T18:25:57","date_gmt":"2026-09-04T18:25:57","guid":{"rendered":"https:\/\/radiostavanger.no\/?p=20901"},"modified":"2026-09-04T18:25:57","modified_gmt":"2026-09-04T18:25:57","slug":"iuel-tok-farvel-med-diamond-league-sirkuset-endte-sist-i-belgia-radio-stavanger","status":"publish","type":"post","link":"https:\/\/radiostavanger.no\/?p=20901","title":{"rendered":"Iuel tok farvel med Diamond League-sirkuset \u2013 endte sist i Belgia \u2013 Radio Stavanger"},"content":{"rendered":"<p><br \/>\n<\/p>\n<div id=\"mvp-content-main\">\n<p class=\"radioh-ingress\"><strong>Amalie Iuel l\u00f8p inn til 8.-plass p\u00e5 400 meter hekk i karrierens siste Diamond League-start i belgiske Brussel fredag.<\/strong>\n<\/p>\n<p><strong>Sport<\/strong>: Iuel er inne i sine siste dager som friidrettsut\u00f8ver. Tidlig i juni satte hun personlig rekord med 54,05 under et stevne i Roma.\n<\/p>\n<p>Veteranen har jaktet p\u00e5 \u00e5 sl\u00e5 Line Klosters norske rekord p\u00e5 53,91 sekunder i lang tid. Fredag ble det 54,90 i Brussel.\n<\/p>\n<p>32-\u00e5ringen ble nummer sju i EM-finalen i Birmingham i forrige m\u00e5ned. I samme mesterskap tok hun stafettgull p\u00e5 4 x 400 meter sammen med Karsten Warholm, Henriette J\u00e6ger og Andreas Ofstad Kulseng.\n<\/p>\n<p>Den rene kvinnestafetten over den samme distansen endte samtidig i skuffelse.<\/p>\n<p>Iuel har v\u00e6rt tydelig p\u00e5 at hun \u00f8nsker seg mer tid med familien, og at det er \u00e5rsaken til at karrieren n\u00e5 stanses. Friidrettsprofilen og kj\u00e6resten Aksel Lund Svindal har uttrykt at de gjerne vil ha flere barn.\n<\/p>\n<p>Fra f\u00f8r har de s\u00f8nnen Storm.\n<\/p>\n<p>(\u00a9NTB)\n<\/p>\n<\/p><\/div>\n<p><script async defer crossorigin=\"anonymous\" data-lazy=\"w3tc\" data-src=\"https:\/\/connect.facebook.net\/nb_NO\/sdk.js#xfbml=1&#038;version=v18.0\"><\/script><br \/>\n<br \/><br \/>\n<br \/><a href=\"https:\/\/radioh.no\/iuel-tok-farvel-med-diamond-league-sirkuset-endte-sist-i-belgia\/\">Kilde <\/a><\/p>","protected":false},"excerpt":{"rendered":"<p>Amalie Iuel l\u00f8p inn til 8.-plass p\u00e5 400 meter hekk i karrierens siste Diamond League-start i belgiske Brussel fredag. Sport: Iuel er inne i sine siste dager som friidrettsut\u00f8ver. Tidlig i juni satte hun personlig rekord med 54,05 under et stevne i Roma. Veteranen har jaktet p\u00e5 \u00e5 sl\u00e5 Line Klosters norske rekord p\u00e5 53,91 [&hellip;]<\/p>","protected":false},"author":1,"featured_media":20902,"comment_status":"","ping_status":"","sticky":false,"template":"","format":"standard","meta":{"footnotes":""},"categories":[107],"tags":[],"tmauthors":[],"class_list":["post-20901","post","type-post","status-publish","format-standard","has-post-thumbnail","category-nyheter"],"_links":{"self":[{"href":"https:\/\/radiostavanger.no\/index.php?rest_route=\/wp\/v2\/posts\/20901","targetHints":{"allow":["GET"]}}],"collection":[{"href":"https:\/\/radiostavanger.no\/index.php?rest_route=\/wp\/v2\/posts"}],"about":[{"href":"https:\/\/radiostavanger.no\/index.php?rest_route=\/wp\/v2\/types\/post"}],"author":[{"embeddable":true,"href":"https:\/\/radiostavanger.no\/index.php?rest_route=\/wp\/v2\/users\/1"}],"replies":[{"embeddable":true,"href":"https:\/\/radiostavanger.no\/index.php?rest_route=%2Fwp%2Fv2%2Fcomments&post=20901"}],"version-history":[{"count":0,"href":"https:\/\/radiostavanger.no\/index.php?rest_route=\/wp\/v2\/posts\/20901\/revisions"}],"wp:featuredmedia":[{"embeddable":true,"href":"https:\/\/radiostavanger.no\/index.php?rest_route=\/wp\/v2\/media\/20902"}],"wp:attachment":[{"href":"https:\/\/radiostavanger.no\/index.php?rest_route=%2Fwp%2Fv2%2Fmedia&parent=20901"}],"wp:term":[{"taxonomy":"category","embeddable":true,"href":"https:\/\/radiostavanger.no\/index.php?rest_route=%2Fwp%2Fv2%2Fcategories&post=20901"},{"taxonomy":"post_tag","embeddable":true,"href":"https:\/\/radiostavanger.no\/index.php?rest_route=%2Fwp%2Fv2%2Ftags&post=20901"},{"taxonomy":"tmauthors","embeddable":true,"href":"https:\/\/radiostavanger.no\/index.php?rest_route=%2Fwp%2Fv2%2Ftmauthors&post=20901"}],"curies":[{"name":"wp","href":"https:\/\/api.w.org\/{rel}","templated":true}]}}