{"id":20915,"date":"2026-09-04T20:16:31","date_gmt":"2026-09-04T20:16:31","guid":{"rendered":"https:\/\/radiostavanger.no\/?p=20915"},"modified":"2026-09-04T20:16:31","modified_gmt":"2026-09-04T20:16:31","slug":"sterk-kuling-mot-karmoy-advarer-smabater-radio-stavanger","status":"publish","type":"post","link":"https:\/\/radiostavanger.no\/?p=20915","title":{"rendered":"Sterk kuling mot Karm\u00f8y \u2013 advarer sm\u00e5b\u00e5ter \u2013 Radio Stavanger"},"content":{"rendered":"<p><br \/>\n<\/p>\n<div id=\"mvp-content-main\">\n<p class=\"radioh-ingress\"><strong>Det ventes kraftig vind langs kysten mot Karm\u00f8y natt til l\u00f8rdag. P\u00e5 det sterkeste kan vinden komme opp i sterk kuling p\u00e5 20 meter i sekundet. Sm\u00e5b\u00e5ter frar\u00e5des \u00e5 g\u00e5 ut.<\/strong>\n<\/p>\n<p><b>V\u00c6R:<\/b> Det er sendt ut kulingvarsel for kyststrekningen mellom Obrestad og Karm\u00f8y.\n<\/p>\n<p>Fra natt til l\u00f8rdag ventes vestlig stiv kuling p\u00e5 15 meter i sekundet. L\u00f8rdag morgen kan vinden periodevis \u00f8ke til sterk kuling p\u00e5 20 meter i sekundet.\n<\/p>\n<h4>Advarer sm\u00e5b\u00e5ter<\/h4>\n<p>Varslet er s\u00e6rlig rettet mot folk som planlegger \u00e5 ferdes p\u00e5 sj\u00f8en.\n<\/p>\n<p>\u2013 Det er farlig \u00e5 v\u00e6re ute i sm\u00e5b\u00e5t, heter det i varselet.<\/p>\n<p>Ved motorstopp kan sterk vind f\u00f8re til at b\u00e5ter driver raskt mot land.\n<\/p>\n<h4>Bedring utover l\u00f8rdagen<\/h4>\n<p>I l\u00f8pet av l\u00f8rdag formiddag dreier vinden mot nordvest.\n<\/p>\n<p>Det er ventet at vinden gradvis avtar l\u00f8rdag ettermiddag.\n<\/p>\n<p>B\u00e5tfolk langs Karm\u00f8y og resten av den utsatte kyststrekningen oppfordres til \u00e5 f\u00f8lge oppdaterte v\u00e6rmeldinger f\u00f8r de legger ut p\u00e5 sj\u00f8en.\n<\/p>\n<\/p><\/div>\n<p><script async defer crossorigin=\"anonymous\" data-lazy=\"w3tc\" data-src=\"https:\/\/connect.facebook.net\/nb_NO\/sdk.js#xfbml=1&#038;version=v18.0\"><\/script><br \/>\n<br \/><br \/>\n<br \/><a href=\"https:\/\/radioh.no\/sterk-kuling-mot-karmoy-advarer-smabater\/\">Kilde <\/a><\/p>","protected":false},"excerpt":{"rendered":"<p>Det ventes kraftig vind langs kysten mot Karm\u00f8y natt til l\u00f8rdag. P\u00e5 det sterkeste kan vinden komme opp i sterk kuling p\u00e5 20 meter i sekundet. Sm\u00e5b\u00e5ter frar\u00e5des \u00e5 g\u00e5 ut. V\u00c6R: Det er sendt ut kulingvarsel for kyststrekningen mellom Obrestad og Karm\u00f8y. Fra natt til l\u00f8rdag ventes vestlig stiv kuling p\u00e5 15 meter i [&hellip;]<\/p>","protected":false},"author":1,"featured_media":20916,"comment_status":"","ping_status":"","sticky":false,"template":"","format":"standard","meta":{"footnotes":""},"categories":[107],"tags":[],"tmauthors":[],"class_list":["post-20915","post","type-post","status-publish","format-standard","has-post-thumbnail","category-nyheter"],"_links":{"self":[{"href":"https:\/\/radiostavanger.no\/index.php?rest_route=\/wp\/v2\/posts\/20915","targetHints":{"allow":["GET"]}}],"collection":[{"href":"https:\/\/radiostavanger.no\/index.php?rest_route=\/wp\/v2\/posts"}],"about":[{"href":"https:\/\/radiostavanger.no\/index.php?rest_route=\/wp\/v2\/types\/post"}],"author":[{"embeddable":true,"href":"https:\/\/radiostavanger.no\/index.php?rest_route=\/wp\/v2\/users\/1"}],"replies":[{"embeddable":true,"href":"https:\/\/radiostavanger.no\/index.php?rest_route=%2Fwp%2Fv2%2Fcomments&post=20915"}],"version-history":[{"count":0,"href":"https:\/\/radiostavanger.no\/index.php?rest_route=\/wp\/v2\/posts\/20915\/revisions"}],"wp:featuredmedia":[{"embeddable":true,"href":"https:\/\/radiostavanger.no\/index.php?rest_route=\/wp\/v2\/media\/20916"}],"wp:attachment":[{"href":"https:\/\/radiostavanger.no\/index.php?rest_route=%2Fwp%2Fv2%2Fmedia&parent=20915"}],"wp:term":[{"taxonomy":"category","embeddable":true,"href":"https:\/\/radiostavanger.no\/index.php?rest_route=%2Fwp%2Fv2%2Fcategories&post=20915"},{"taxonomy":"post_tag","embeddable":true,"href":"https:\/\/radiostavanger.no\/index.php?rest_route=%2Fwp%2Fv2%2Ftags&post=20915"},{"taxonomy":"tmauthors","embeddable":true,"href":"https:\/\/radiostavanger.no\/index.php?rest_route=%2Fwp%2Fv2%2Ftmauthors&post=20915"}],"curies":[{"name":"wp","href":"https:\/\/api.w.org\/{rel}","templated":true}]}}