{"id":20934,"date":"2026-09-05T02:51:15","date_gmt":"2026-09-05T02:51:15","guid":{"rendered":"https:\/\/radiostavanger.no\/?p=20934"},"modified":"2026-09-05T02:51:15","modified_gmt":"2026-09-05T02:51:15","slug":"trump-skal-til-dallas-samme-dag-som-kong-haralds-gravferd-radio-stavanger","status":"publish","type":"post","link":"https:\/\/radiostavanger.no\/?p=20934","title":{"rendered":"Trump skal til Dallas samme dag som kong Haralds gravferd \u2013 Radio Stavanger"},"content":{"rendered":"<p><br \/>\n<\/p>\n<div id=\"mvp-content-main\">\n<p class=\"radioh-ingress\"><strong>USAs president Donald Trump opplyser at han skal delta i et republikansk arrangement i Dallas i Texas samme dag som kong Haralds gravferd i Oslo.<\/strong>\n<\/p>\n<p><strong>USAs<\/strong>: Arrangementet g\u00e5r over to dager, 9. og 10. september, og Trump skriver p\u00e5 Truth Social at han skal v\u00e6re til stede i Dallas begge dagene.\n<\/p>\n<p>\u2013 Det st\u00f8rste folkem\u00f8tet av dem alle! Jeg skal tale den f\u00f8rste kvelden. Vi ses i Dallas, skriver Trump.\n<\/p>\n<p>Kong Haralds gravferd holdes i Oslo domkirke klokken 13 onsdag 9. september. Det har hittil v\u00e6rt uklart om Trump selv eller visepresident J.D. Vance vil representere USA.\n<\/p>\n<p>Det hvite hus har s\u00e5 langt ikke sagt noe om hvem som skal representere USA.<\/p>\n<p>(\u00a9NTB)\n<\/p>\n<\/p><\/div>\n<p><script async defer crossorigin=\"anonymous\" data-lazy=\"w3tc\" data-src=\"https:\/\/connect.facebook.net\/nb_NO\/sdk.js#xfbml=1&#038;version=v18.0\"><\/script><br \/>\n<br \/><br \/>\n<br \/><a href=\"https:\/\/radioh.no\/trump-skal-til-dallas-samme-dag-som-kong-haralds-gravferd\/\">Kilde <\/a><\/p>","protected":false},"excerpt":{"rendered":"<p>USAs president Donald Trump opplyser at han skal delta i et republikansk arrangement i Dallas i Texas samme dag som kong Haralds gravferd i Oslo. USAs: Arrangementet g\u00e5r over to dager, 9. og 10. september, og Trump skriver p\u00e5 Truth Social at han skal v\u00e6re til stede i Dallas begge dagene. \u2013 Det st\u00f8rste folkem\u00f8tet [&hellip;]<\/p>","protected":false},"author":1,"featured_media":20935,"comment_status":"","ping_status":"","sticky":false,"template":"","format":"standard","meta":{"footnotes":""},"categories":[107],"tags":[],"tmauthors":[],"class_list":["post-20934","post","type-post","status-publish","format-standard","has-post-thumbnail","category-nyheter"],"_links":{"self":[{"href":"https:\/\/radiostavanger.no\/index.php?rest_route=\/wp\/v2\/posts\/20934","targetHints":{"allow":["GET"]}}],"collection":[{"href":"https:\/\/radiostavanger.no\/index.php?rest_route=\/wp\/v2\/posts"}],"about":[{"href":"https:\/\/radiostavanger.no\/index.php?rest_route=\/wp\/v2\/types\/post"}],"author":[{"embeddable":true,"href":"https:\/\/radiostavanger.no\/index.php?rest_route=\/wp\/v2\/users\/1"}],"replies":[{"embeddable":true,"href":"https:\/\/radiostavanger.no\/index.php?rest_route=%2Fwp%2Fv2%2Fcomments&post=20934"}],"version-history":[{"count":0,"href":"https:\/\/radiostavanger.no\/index.php?rest_route=\/wp\/v2\/posts\/20934\/revisions"}],"wp:featuredmedia":[{"embeddable":true,"href":"https:\/\/radiostavanger.no\/index.php?rest_route=\/wp\/v2\/media\/20935"}],"wp:attachment":[{"href":"https:\/\/radiostavanger.no\/index.php?rest_route=%2Fwp%2Fv2%2Fmedia&parent=20934"}],"wp:term":[{"taxonomy":"category","embeddable":true,"href":"https:\/\/radiostavanger.no\/index.php?rest_route=%2Fwp%2Fv2%2Fcategories&post=20934"},{"taxonomy":"post_tag","embeddable":true,"href":"https:\/\/radiostavanger.no\/index.php?rest_route=%2Fwp%2Fv2%2Ftags&post=20934"},{"taxonomy":"tmauthors","embeddable":true,"href":"https:\/\/radiostavanger.no\/index.php?rest_route=%2Fwp%2Fv2%2Ftmauthors&post=20934"}],"curies":[{"name":"wp","href":"https:\/\/api.w.org\/{rel}","templated":true}]}}