{"id":20944,"date":"2026-09-05T06:40:11","date_gmt":"2026-09-05T06:40:11","guid":{"rendered":"https:\/\/radiostavanger.no\/?p=20944"},"modified":"2026-09-05T06:40:11","modified_gmt":"2026-09-05T06:40:11","slug":"ingebrigtsen-stupte-inn-til-4-plass-i-diamond-league-finalen-nrk-sport-sportsnyheter-resultater-og-sendeplan","status":"publish","type":"post","link":"https:\/\/radiostavanger.no\/?p=20944","title":{"rendered":"Ingebrigtsen stupte inn til 4.- plass i Diamond League-finalen \u2013 NRK Sport \u2013 Sportsnyheter, resultater og sendeplan"},"content":{"rendered":"<p><br \/>\n<\/p>\n<div data-main-content=\"\" data-ec-list=\"article_body\" data-ec-name=\"br\u00f8dtekst\">\n<p>Etter \u00e5 ha stupt i m\u00e5l til ein 4.-plass i finalen i Brussel gjekk Jakob Ingebrigtsen i strupen p\u00e5 sine konkurrentar.<\/p>\n<p><strong>\u2013 Fy faen, for ein gjeng med taparar eg spring mot. Eg taper, eg er ikkje god nok. Eg gir det eit \u00e6rleg fors\u00f8k og spring for \u00e5 vinne, men eg er ikkje sterk nok. Det er litt s\u00e5nn det er no, men fy faen for ein gjeng med taparar, small det fr\u00e5 25-\u00e5ringen etter m\u00e5lgang.<\/strong><\/p>\n<p><em>\u2013 Kva meiner du?<\/em><\/p>\n<p>\u2013 Nei, dei sit berre og ventar og er livredde heile gjengen. Eg gler meg s\u00e5 sinnssjukt til eg kjem tilbake om nokon m\u00e5nader. D\u00e5 skal eg springe fletta av alle.<\/p>\n<p>25-\u00e5ringen starta offensivt under finalen p\u00e5 fredagens 1500 meter i den belgiske hovudstaden og la seg i ryggen p\u00e5 haren.<\/p>\n<div id=\"1.18015054.a50dc00a\" class=\"g100 col fc s10 sl12 sl18 sg6 sg9 image-reference image-reference--F169\"><!-- include: \/serum\/render?id=1.18015054&size=10&perspective=RICH&alignment=CENTER&caption=I+FRONT%3A+Ingebrigtsen+leia+store+delar+av+1500-meteren+under+Diamond+League-finalen+i+Brussel%2C+men+klarte+ikkje+%C3%A5+halde+av+for+konkurrentane+dei+siste+50+meterane.++&type=image&aspect=F169&parentSize=10 --><!-- START: \/templates\/image\/image-rich.jsp --><\/p>\n<figure class=\"image widget rich\">\n<div class=\"responsive-img F169\"><img decoding=\"async\" sizes=\"(min-width:1180px) 639px, (min-width:720px) 56vw, 100vw\" srcset=\"https:\/\/gfx.nrk.no\/VOImS0xfI-fHb6QzrK0sTgtVdv5AOqTXBIrpltsAdPEw.jpg 80w, https:\/\/gfx.nrk.no\/VOImS0xfI-fHb6QzrK0sTgIjSsi9DfrS5IrpltsAdPEw.jpg 160w, https:\/\/gfx.nrk.no\/VOImS0xfI-fHb6QzrK0sTgEONCwP-d2QFIrpltsAdPEw.jpg 350w, https:\/\/gfx.nrk.no\/VOImS0xfI-fHb6QzrK0sTgLdoqDCg0xGRIrpltsAdPEw.jpg 450w, https:\/\/gfx.nrk.no\/VOImS0xfI-fHb6QzrK0sTgPyqqaUOETx1IrpltsAdPEw.jpg 650w, https:\/\/gfx.nrk.no\/VOImS0xfI-fHb6QzrK0sTgkfnk-DgCB5hIrpltsAdPEw.jpg 1000w, https:\/\/gfx.nrk.no\/VOImS0xfI-fHb6QzrK0sTgxYTcWAR3aslIrpltsAdPEw.jpg 1200w, https:\/\/gfx.nrk.no\/VOImS0xfI-fHb6QzrK0sTgTQtmpjrGca1IrpltsAdPEw.jpg 1600w, https:\/\/gfx.nrk.no\/VOImS0xfI-fHb6QzrK0sTgUfgip8EEXVJIrpltsAdPEw.jpg 2000w\" src=\"data:image\/gif;base64,R0lGODlhAQABAIAAAAAAAP\/\/\/yH5BAEAAAAALAAAAAABAAEAAAIBRAA7\" loading=\"eager\" alt=\"Jakob Ingebrigtsen leder et l\u00f8psfelt under et friidrettsstevne p\u00e5 en l\u00f8pebane. (Bildebeskrivelsen er laget av en KI-tjeneste)\" title=\"Foto: JOHN THYS \/ AFP,NTB\"\/><\/div><figcaption>\n<p class=\"\">I FRONT: Ingebrigtsen leia store delar av 1500-meteren under Diamond League-finalen i Brussel, men klarte ikkje \u00e5 halde av for konkurrentane dei siste 50 meterane. <\/p>\n<p><small>Foto: JOHN THYS \/ AFP,NTB<\/small><br \/>\n<\/figcaption><\/figure>\n<p><!-- END: \/templates\/image\/image-rich.jsp -->\n<\/div>\n<p>\u2013 Den mest offensive starten vi har sett fr\u00e5 Ingebrigtsen etter comebacket, sa Jann Post p\u00e5 NRK si sending fr\u00e5 finalen i Brussel.<\/p>\n<p>Men mot slutten klarte ikkje nordmannen \u00e5 halde oppe tempoet og m\u00e5tte sj\u00e5 konkurrentane passere han dei siste 50 meter.<\/p>\n<p>25-\u00e5ringen stupte til slutt i m\u00e5l til ein 4.-plass bak Phanuel Koech fr\u00e5 Kenya, Ethan Strand fr\u00e5 USA og vinnar Cameron Myers fr\u00e5 Australia.<\/p>\n<p>Ingebrigtsen sitt resultat var sesongbeste p\u00e5 distansen med 3.30,52. Cameron Myers fr\u00e5 Australia vant p\u00e5 tida 3.30,14.<\/p>\n<p>Men m\u00e5ten dei vann p\u00e5 imponerte ikkje Ingebrigtsen.<\/p>\n<p>\u2013 Niv\u00e5et er som det er, men eg synest det er g\u00f8y om folk utfordrar meg n\u00e5r eg er i front. At folk gir det eit \u00e6rleg fors\u00f8k og g\u00f8nnar p\u00e5, og det er ikkje eit snev av det.<\/p>\n<p><strong>\u2013 No kan eg ikkje snakke meg sj\u00f8lv opp akkurat i dag, men \u00abJesus\u00bb for ein gjeng. Haren gjer ein dritd\u00e5rleg jobb f\u00f8re meg. Dei andre er mykje betre enn meg akkurat no, men herregud. S\u00e5 kjem dei liksom n\u00e5r det er 50 meter igjen, sukkar ein oppgitt Ingebrigtsen.<\/strong><\/p>\n<p>Og etter kveldens finale i Brussel kjem nordmannen med ei \u00e5tvaring til sine konkurrentar.<\/p>\n<div id=\"1.18015062.a66e0ba3\" class=\"g100 col fc s10 sl12 sl18 sg6 sg9 image-reference image-reference--F169\"><!-- include: \/serum\/render?id=1.18015062&size=10&perspective=RICH&alignment=CENTER&caption=N%C3%85DELAUS%3A+Jakob+Ingebrigtsen+gjekk+rett+i+strupen+p%C3%A5+sine+konkurrentar+i+NRK-intervjuet+etter+finalen+p%C3%A5+1500+meter+i+Brussel.+&type=image&aspect=F169&parentSize=10 --><!-- START: \/templates\/image\/image-rich.jsp --><\/p>\n<figure class=\"image widget rich\">\n<div class=\"responsive-img F169\"><img decoding=\"async\" sizes=\"(min-width:1180px) 639px, (min-width:720px) 56vw, 100vw\" srcset=\"https:\/\/gfx.nrk.no\/mJhsm6PwnuqFxmg9kbJPZwinepykDC-UlMyub8euMMXQ.jpg 80w, https:\/\/gfx.nrk.no\/mJhsm6PwnuqFxmg9kbJPZwqalE7ZvhaDdMyub8euMMXQ.jpg 160w, https:\/\/gfx.nrk.no\/mJhsm6PwnuqFxmg9kbJPZwDmSAWCwz579Myub8euMMXQ.jpg 350w, https:\/\/gfx.nrk.no\/mJhsm6PwnuqFxmg9kbJPZwc0Y6fZ5jl8tMyub8euMMXQ.jpg 450w, https:\/\/gfx.nrk.no\/mJhsm6PwnuqFxmg9kbJPZwFEgwyR6YbNBMyub8euMMXQ.jpg 650w, https:\/\/gfx.nrk.no\/mJhsm6PwnuqFxmg9kbJPZwMZRw0BjDq7FMyub8euMMXQ.jpg 1000w, https:\/\/gfx.nrk.no\/mJhsm6PwnuqFxmg9kbJPZwVdQw8ppKgF5Myub8euMMXQ.jpg 1200w, https:\/\/gfx.nrk.no\/mJhsm6PwnuqFxmg9kbJPZwrTrKYyT0c5ZMyub8euMMXQ.jpg 1600w, https:\/\/gfx.nrk.no\/mJhsm6PwnuqFxmg9kbJPZwAR4869lEad1Myub8euMMXQ.jpg 2000w\" src=\"data:image\/gif;base64,R0lGODlhAQABAIAAAAAAAP\/\/\/yH5BAEAAAAALAAAAAABAAEAAAIBRAA7\" loading=\"eager\" alt=\"Ingebrigtsen i intervju\" title=\"Foto: Ida Nys\u00e6ter Rasch \/ NRK\"\/><\/div><figcaption>\n<p class=\"\">N\u00c5DELAUS: Jakob Ingebrigtsen gjekk rett i strupen p\u00e5 sine konkurrentar i NRK-intervjuet etter finalen p\u00e5 1500 meter i Brussel. <\/p>\n<p><small>Foto: Ida Nys\u00e6ter Rasch \/ NRK<\/small><br \/>\n<\/figcaption><\/figure>\n<p><!-- END: \/templates\/image\/image-rich.jsp -->\n<\/div>\n<p>\u2013 Det er ikkje noko som motiverer meg meir enn \u00e5 springe mot denne gjengen her og sj\u00e5 at; Viss eg berre gjer det eg skal og f\u00e5r gjort det eg skal, skjerpe meg og ta meg saman \u2013 s\u00e5 kan eg f*** meg springe i ring rundt dei, smiler Ingebrigtsen.<\/p>\n<h2>Overraske over reaksjonen til Ingebrigtsen<\/h2>\n<p>Friidrettsekspert i NRK Vebj\u00f8rn Rodal er lettare sjokkert over utbl\u00e5singa Ingebrigtsen serverar mot sin konkurrentar.<\/p>\n<p>\u2013 Vanlegvis vant til \u00e5 sj\u00e5 l\u00f8parar i den situasjonen at du er positiv og overvelda, og boblar over av entusiasme etter \u00e5 ha kome i m\u00e5l og gjort eit ok resultat.<\/p>\n<div id=\"1.17967482.a6c298a9\" class=\"g100 col fc s10 sl12 sl18 sg6 sg9 image-reference image-reference--F169\"><!-- include: \/serum\/render?id=1.17967482&size=10&perspective=RICH&alignment=CENTER&caption=OVERRASKA%3A+NRKs+friidrettsekspert+Vebj%C3%B8rn+Rodal+hadde+ikkje+venta+ein+s%C3%A5+hard+utbl%C3%A5sing+fr%C3%A5+Ingebrigtsen+etter+Diamond+League-finalen.++&type=image&aspect=F169&parentSize=10 --><!-- START: \/templates\/image\/image-rich.jsp --><\/p>\n<figure class=\"image widget rich\">\n<div class=\"responsive-img F169\"><img decoding=\"async\" sizes=\"(min-width:1180px) 639px, (min-width:720px) 56vw, 100vw\" srcset=\"https:\/\/gfx.nrk.no\/V7Rgcf5ZHUMhQM2XtwsUPwVIOeQolf7m3Tb1pVaBIIzQ.jpg 80w, https:\/\/gfx.nrk.no\/V7Rgcf5ZHUMhQM2XtwsUPwAmjbyw-VvOXTb1pVaBIIzQ.jpg 160w, https:\/\/gfx.nrk.no\/V7Rgcf5ZHUMhQM2XtwsUPwp4tmU8jFmarTb1pVaBIIzQ.jpg 350w, https:\/\/gfx.nrk.no\/V7Rgcf5ZHUMhQM2XtwsUPwA_tf7UoKFhfTb1pVaBIIzQ.jpg 450w, https:\/\/gfx.nrk.no\/V7Rgcf5ZHUMhQM2XtwsUPwcDUgjZM14_XTb1pVaBIIzQ.jpg 650w, https:\/\/gfx.nrk.no\/V7Rgcf5ZHUMhQM2XtwsUPwJI6ShwPNr8_Tb1pVaBIIzQ.jpg 1000w, https:\/\/gfx.nrk.no\/V7Rgcf5ZHUMhQM2XtwsUPwM04SB8tqa6vTb1pVaBIIzQ.jpg 1200w, https:\/\/gfx.nrk.no\/V7Rgcf5ZHUMhQM2XtwsUPwZXjFAure_J7Tb1pVaBIIzQ.jpg 1600w, https:\/\/gfx.nrk.no\/V7Rgcf5ZHUMhQM2XtwsUPw2-s3I0uow2bTb1pVaBIIzQ.jpg 2000w\" src=\"data:image\/gif;base64,R0lGODlhAQABAIAAAAAAAP\/\/\/yH5BAEAAAAALAAAAAABAAEAAAIBRAA7\" loading=\"eager\" alt=\"Vebj\u00f8rn Rodal\" title=\"Foto: NTB\"\/><\/div><figcaption>\n<p class=\"\">OVERRASKA: NRKs friidrettsekspert Vebj\u00f8rn Rodal hadde ikkje venta ein s\u00e5 hard utbl\u00e5sing fr\u00e5 Ingebrigtsen etter Diamond League-finalen. <\/p>\n<p><small>Foto: NTB<\/small><br \/>\n<\/figcaption><\/figure>\n<p><!-- END: \/templates\/image\/image-rich.jsp -->\n<\/div>\n<p>Det var det stikk motsette av det han s\u00e5g av Ingebrigtsen fredag kveld.<\/p>\n<p><strong>\u2013 Han er sint p\u00e5 seg sj\u00f8lv. Han er sint p\u00e5 alle andre. Karakterisere sine konkurrentar litt nedsettande, syns eg.<\/strong><\/p>\n<p>Rodal kallar dette for un\u00f8dvendig og er ikkje samd i utspelet til 25-\u00e5ringen fr\u00e5 Sandnes.<\/p>\n<p>\u2013 Det er fleire der som gjere taktisk gode l\u00f8p. Dei spring ikkje for ei sluttid. Dei spring for ganske heftige pengepremiar og l\u00f8yse jobben sin eigentleg godt.<\/p>\n<p>Han siktar spesielt til Phanuel Kipkosgei Koech som gjere eit godt oppl\u00f8p og ikkje minst ungguten Cameron Myers p\u00e5 20 \u00e5r som vinn finalen i Brussel.<\/p>\n<p><strong>\u2013 Eg synst kanskje det hadde vore fair \u00e5 gi dei to litt skryt i staden for \u00e5 rakke ned p\u00e5 alt og alle etter det l\u00f8pet her.<\/strong><\/p>\n<div id=\"1.14730893.a814ccc1\" class=\"g100 col fc s10 sl12 sl18 sg6 sg9 image-reference image-reference--F11\"><!-- include: \/serum\/render?id=1.14730893&size=10&perspective=RICH&alignment=CENTER&caption=VILLE+VINNE%3A+I+dag+handla+det+om+%C3%A5+vinne%2C+seier+Timothy+Cheruiyot+til+NRK.+&type=image&aspect=F11&parentSize=10 --><!-- START: \/templates\/image\/image-rich.jsp --><\/p>\n<figure class=\"image widget rich\">\n<div class=\"responsive-img F11\"><img decoding=\"async\" sizes=\"(min-width:1180px) 639px, (min-width:720px) 56vw, 100vw\" srcset=\"https:\/\/gfx.nrk.no\/vmEAd9qjXdc2iSSdtEQgLARDN-o-EUXW3FTh7NsDWgcg.jpg 80w, https:\/\/gfx.nrk.no\/vmEAd9qjXdc2iSSdtEQgLAerVAgzyjwD7FTh7NsDWgcg.jpg 160w, https:\/\/gfx.nrk.no\/vmEAd9qjXdc2iSSdtEQgLAWmm8DmmBKBHFTh7NsDWgcg.jpg 350w, https:\/\/gfx.nrk.no\/vmEAd9qjXdc2iSSdtEQgLAvWGFLx3nkEPFTh7NsDWgcg.jpg 450w, https:\/\/gfx.nrk.no\/vmEAd9qjXdc2iSSdtEQgLAozgYPHPwIm3FTh7NsDWgcg.jpg 650w, https:\/\/gfx.nrk.no\/vmEAd9qjXdc2iSSdtEQgLAbnELS1mN8_zFTh7NsDWgcg.jpg 1000w, https:\/\/gfx.nrk.no\/vmEAd9qjXdc2iSSdtEQgLAQ6nECO4b5sXFTh7NsDWgcg.jpg 1200w, https:\/\/gfx.nrk.no\/vmEAd9qjXdc2iSSdtEQgLAKCHjDKf8bOnFTh7NsDWgcg.jpg 1600w, https:\/\/gfx.nrk.no\/vmEAd9qjXdc2iSSdtEQgLAsp6pV-fYCDbFTh7NsDWgcg.jpg 2000w\" src=\"data:image\/gif;base64,R0lGODlhAQABAIAAAAAAAP\/\/\/yH5BAEAAAAALAAAAAABAAEAAAIBRAA7\" loading=\"eager\" alt=\"Timothy Cheruiyot\" title=\"Foto: VALERY HACHE\"\/><\/div><figcaption>\n<p class=\"\">VILLE VINNE: I dag handla det om \u00e5 vinne, seier Timothy Cheruiyot til NRK. <\/p>\n<p><small>Foto: VALERY HACHE<\/small><br \/>\n<\/figcaption><\/figure>\n<p><!-- END: \/templates\/image\/image-rich.jsp -->\n<\/div>\n<p>Kenyanske Timothy Cheruiyot som kom i m\u00e5l p\u00e5 ein 6.-plass delar ikkje p\u00e5standane fr\u00e5 nordmannen.<\/p>\n<p>\u2013 I dag handla det om at alle ville springe smart. Alle ville vinne trofeet, s\u00e5 alle venta. Jakob f\u00f8lgde. Eg likar Jakob. Han er ein sterk kar s\u00e5 han kan g\u00e5 og g\u00e5. Han har kome seg bra etter skaden i akillesen, s\u00e5 han vil bli sterk igjen, svarar han til NRK.<\/p>\n<h2>Tok gull i comebacket<\/h2>\n<p>25-\u00e5ringen fr\u00e5 Sandnes gjorde comeback p\u00e5 l\u00f8pebana under EM i Birmingham tidleg i august, der han tok gull p\u00e5 5000 meter.<\/p>\n<p>F\u00f8r kveldens finale i Brussel har han konkurrert p\u00e5 1500 meter berre to gonger i \u00e5r.<\/p>\n<p>Under Diamond League i Silesia 23. august enda han p\u00e5 ein 4.-plass. Under stemnet i Z\u00fcrich f\u00f8rre veke sprang han inn til ein 5.-plass.<\/p>\n<div id=\"1.18011047.71ce45e7\" class=\"g100 col fc s10 sl12 sl18 sg6 sg9 image-reference image-reference--F169\"><!-- include: \/serum\/render?id=1.18011047&size=10&perspective=RICH&alignment=CENTER&caption=GULL%3A+Jakob+Asserson+Ingebrigtsen+sprang+inn+til+gull+p%C3%A5+5000+meter+under+EM+i+Birmingham+tidlegare+i+august.+&type=image&aspect=F169&parentSize=10 --><!-- START: \/templates\/image\/image-rich.jsp --><\/p>\n<figure class=\"image widget rich\">\n<div class=\"responsive-img F169\"><img decoding=\"async\" sizes=\"(min-width:1180px) 639px, (min-width:720px) 56vw, 100vw\" srcset=\"https:\/\/gfx.nrk.no\/Njjoc9_U9YEpmdpBlRgfEg87vp2EsHgScR2Tfg3rOF8A.jpg 80w, https:\/\/gfx.nrk.no\/Njjoc9_U9YEpmdpBlRgfEg7VFLygFZ3QsR2Tfg3rOF8A.jpg 160w, https:\/\/gfx.nrk.no\/Njjoc9_U9YEpmdpBlRgfEgiOqvfAeSBt0R2Tfg3rOF8A.jpg 350w, https:\/\/gfx.nrk.no\/Njjoc9_U9YEpmdpBlRgfEg7IUYcv0UoH4R2Tfg3rOF8A.jpg 450w, https:\/\/gfx.nrk.no\/Njjoc9_U9YEpmdpBlRgfEgdYNA3con-t0R2Tfg3rOF8A.jpg 650w, https:\/\/gfx.nrk.no\/Njjoc9_U9YEpmdpBlRgfEgPOa_XCaxWYsR2Tfg3rOF8A.jpg 1000w, https:\/\/gfx.nrk.no\/Njjoc9_U9YEpmdpBlRgfEgDaKk1TE6q-4R2Tfg3rOF8A.jpg 1200w, https:\/\/gfx.nrk.no\/Njjoc9_U9YEpmdpBlRgfEglk7R9gmsYRYR2Tfg3rOF8A.jpg 1600w, https:\/\/gfx.nrk.no\/Njjoc9_U9YEpmdpBlRgfEgitIrS6t4T6kR2Tfg3rOF8A.jpg 2000w\" src=\"data:image\/gif;base64,R0lGODlhAQABAIAAAAAAAP\/\/\/yH5BAEAAAAALAAAAAABAAEAAAIBRAA7\" loading=\"eager\" alt=\"mann med flagg og gullmedalje\" title=\"Foto: AP\"\/><\/div><figcaption>\n<p class=\"\">GULL: Jakob Asserson Ingebrigtsen sprang inn til gull p\u00e5 5000 meter under EM i Birmingham tidlegare i august. <\/p>\n<p><small>Foto: AP<\/small><br \/>\n<\/figcaption><\/figure>\n<p><!-- END: \/templates\/image\/image-rich.jsp -->\n<\/div>\n<p>\u2013 Eg stiller p\u00e5 startstreken fordi eg elskar \u00e5 konkurrere. Dei siste resultata p\u00e5 1500 meter syner at det ikkje finst nokon snarveg til suksess med v\u00e5r treningsfilosofi, men om eg er 100 prosent frisk s\u00e5 vil eg alltid stille opp. Sj\u00f8lv om eg ikkje er 100 prosent i form (enno), skreiv han sj\u00f8lv p\u00e5 Instagram f\u00f8r finalehelga i Diamond League.<\/p>\n<p>Ingebrigtsen hadde ein pause fr\u00e5 konkurransar fr\u00e5 VM i september i fjor til EM i august i \u00e5r. I perioden gjekk han blant anna gjennom ein akillesoperasjon i vinter.<\/p>\n<p>Han har lagt opp til eit t\u00f8ft haustprogram. Planen til Ingebrigtsen er \u00e5 springen anten 1500 eller 5000 meter under World Athletics Ultimate Championship i Budapest neste helg.<\/p>\n<p>Planen er ogs\u00e5 \u00e5 delta i VM i gatel\u00f8p i K\u00f8benhavn 19. september.<\/p>\n<\/div>\n<p>\n<span class=\"article-publish-date publish-date publish-date-with-update-date\"><br \/>\n<span class=\"article-dateline-annotation\">Publisert<\/span><br \/>\n<time class=\"datetime-absolute datePublished\" datetime=\"2026-09-04T22:06:36+02:00\"><br \/>\n04.09.2026, kl. 22.06<br \/>\n<\/time><br \/>\n<\/span><br \/>\n<span class=\"article-update-date update-date\"><span class=\"article-dateline-annotation\">Oppdatert<\/span><br \/>\n<time class=\"datetime-relative dateModified\" datetime=\"2026-09-04T23:43:33+02:00\"><br \/>\n04.09.2026, kl. 23.43<br \/>\n<\/time><\/span>\n<\/p>\n<p><br \/>\n<br \/><a href=\"https:\/\/www.nrk.no\/sport\/ingebrigtsen-stupte-inn-til-4.--plass-i-diamond-league-finalen-1.18014879\">Kildelink <\/a><\/p>","protected":false},"excerpt":{"rendered":"<p>Etter \u00e5 ha stupt i m\u00e5l til ein 4.-plass i finalen i Brussel gjekk Jakob Ingebrigtsen i strupen p\u00e5 sine konkurrentar. \u2013 Fy faen, for ein gjeng med taparar eg spring mot. Eg taper, eg er ikkje god nok. Eg gir det eit \u00e6rleg fors\u00f8k og spring for \u00e5 vinne, men eg er ikkje sterk [&hellip;]<\/p>","protected":false},"author":1,"featured_media":20945,"comment_status":"","ping_status":"","sticky":false,"template":"","format":"standard","meta":{"footnotes":""},"categories":[108],"tags":[],"tmauthors":[],"class_list":["post-20944","post","type-post","status-publish","format-standard","has-post-thumbnail","category-lokalnyheter"],"_links":{"self":[{"href":"https:\/\/radiostavanger.no\/index.php?rest_route=\/wp\/v2\/posts\/20944","targetHints":{"allow":["GET"]}}],"collection":[{"href":"https:\/\/radiostavanger.no\/index.php?rest_route=\/wp\/v2\/posts"}],"about":[{"href":"https:\/\/radiostavanger.no\/index.php?rest_route=\/wp\/v2\/types\/post"}],"author":[{"embeddable":true,"href":"https:\/\/radiostavanger.no\/index.php?rest_route=\/wp\/v2\/users\/1"}],"replies":[{"embeddable":true,"href":"https:\/\/radiostavanger.no\/index.php?rest_route=%2Fwp%2Fv2%2Fcomments&post=20944"}],"version-history":[{"count":0,"href":"https:\/\/radiostavanger.no\/index.php?rest_route=\/wp\/v2\/posts\/20944\/revisions"}],"wp:featuredmedia":[{"embeddable":true,"href":"https:\/\/radiostavanger.no\/index.php?rest_route=\/wp\/v2\/media\/20945"}],"wp:attachment":[{"href":"https:\/\/radiostavanger.no\/index.php?rest_route=%2Fwp%2Fv2%2Fmedia&parent=20944"}],"wp:term":[{"taxonomy":"category","embeddable":true,"href":"https:\/\/radiostavanger.no\/index.php?rest_route=%2Fwp%2Fv2%2Fcategories&post=20944"},{"taxonomy":"post_tag","embeddable":true,"href":"https:\/\/radiostavanger.no\/index.php?rest_route=%2Fwp%2Fv2%2Ftags&post=20944"},{"taxonomy":"tmauthors","embeddable":true,"href":"https:\/\/radiostavanger.no\/index.php?rest_route=%2Fwp%2Fv2%2Ftmauthors&post=20944"}],"curies":[{"name":"wp","href":"https:\/\/api.w.org\/{rel}","templated":true}]}}