{"id":20963,"date":"2026-09-05T09:04:55","date_gmt":"2026-09-05T09:04:55","guid":{"rendered":"https:\/\/radiostavanger.no\/?p=20963"},"modified":"2026-09-05T09:04:55","modified_gmt":"2026-09-05T09:04:55","slug":"650-journalister-fra-19-land-har-sokt-om-a-dekke-kong-haralds-gravferd-radio-stavanger","status":"publish","type":"post","link":"https:\/\/radiostavanger.no\/?p=20963","title":{"rendered":"650 journalister fra 19 land har s\u00f8kt om \u00e5 dekke kong Haralds gravferd \u2013 Radio Stavanger"},"content":{"rendered":"<p><br \/>\n<\/p>\n<div id=\"mvp-content-main\">\n<p class=\"radioh-ingress\"><strong>Utenriksdepartementet har f\u00e5tt 650 s\u00f8knader fra pressefolk om akkreditering til den kongelige gravferden onsdag.<\/strong>\n<\/p>\n<p><strong>Innenriks<\/strong>: De fleste utenlandske journalistene kommer fra Sverige, Tyskland, Storbritannia og Nederland, opplyser kommunikasjonssjef Tuva Raanes Bogsnes i Utenriksdepartementet til NTB.\n<\/p>\n<p>I tillegg kommer journalister som ikke har s\u00f8kt om \u00e5 v\u00e6re p\u00e5 de etablerte presseposisjonene langs kong Haralds b\u00e5res prosesjon. Blant de 19 landene er ogs\u00e5 Norge.\n<\/p>\n<p>\u2013 M\u00e5let er \u00e5 legge til rette for en mediedekning som er verdig og respektfull. Dette er en viktig og h\u00f8ytidelig anledning, og vi arbeider for at mediene skal kunne formidle begivenheten p\u00e5 en m\u00e5te som gjenspeiler stundens alvor og betydning, sier Bogsnes.\n<\/p>\n<p>UD har etablert et eget pressesenter i Oslo sentrum. Det blir bygget flere plattformer og tribuner hvor presse f\u00e5r plass til \u00e5 dekke og fotografere gravferden.<\/p>\n<p>(\u00a9NTB)\n<\/p>\n<\/p><\/div>\n<p><script async defer crossorigin=\"anonymous\" data-lazy=\"w3tc\" data-src=\"https:\/\/connect.facebook.net\/nb_NO\/sdk.js#xfbml=1&#038;version=v18.0\"><\/script><br \/>\n<br \/><br \/>\n<br \/><a href=\"https:\/\/radioh.no\/650-journalister-fra-19-land-har-sokt-om-a-dekke-kong-haralds-gravferd\/\">Kilde <\/a><\/p>","protected":false},"excerpt":{"rendered":"<p>Utenriksdepartementet har f\u00e5tt 650 s\u00f8knader fra pressefolk om akkreditering til den kongelige gravferden onsdag. Innenriks: De fleste utenlandske journalistene kommer fra Sverige, Tyskland, Storbritannia og Nederland, opplyser kommunikasjonssjef Tuva Raanes Bogsnes i Utenriksdepartementet til NTB. I tillegg kommer journalister som ikke har s\u00f8kt om \u00e5 v\u00e6re p\u00e5 de etablerte presseposisjonene langs kong Haralds b\u00e5res prosesjon. [&hellip;]<\/p>","protected":false},"author":1,"featured_media":20964,"comment_status":"","ping_status":"","sticky":false,"template":"","format":"standard","meta":{"footnotes":""},"categories":[107],"tags":[],"tmauthors":[],"class_list":["post-20963","post","type-post","status-publish","format-standard","has-post-thumbnail","category-nyheter"],"_links":{"self":[{"href":"https:\/\/radiostavanger.no\/index.php?rest_route=\/wp\/v2\/posts\/20963","targetHints":{"allow":["GET"]}}],"collection":[{"href":"https:\/\/radiostavanger.no\/index.php?rest_route=\/wp\/v2\/posts"}],"about":[{"href":"https:\/\/radiostavanger.no\/index.php?rest_route=\/wp\/v2\/types\/post"}],"author":[{"embeddable":true,"href":"https:\/\/radiostavanger.no\/index.php?rest_route=\/wp\/v2\/users\/1"}],"replies":[{"embeddable":true,"href":"https:\/\/radiostavanger.no\/index.php?rest_route=%2Fwp%2Fv2%2Fcomments&post=20963"}],"version-history":[{"count":0,"href":"https:\/\/radiostavanger.no\/index.php?rest_route=\/wp\/v2\/posts\/20963\/revisions"}],"wp:featuredmedia":[{"embeddable":true,"href":"https:\/\/radiostavanger.no\/index.php?rest_route=\/wp\/v2\/media\/20964"}],"wp:attachment":[{"href":"https:\/\/radiostavanger.no\/index.php?rest_route=%2Fwp%2Fv2%2Fmedia&parent=20963"}],"wp:term":[{"taxonomy":"category","embeddable":true,"href":"https:\/\/radiostavanger.no\/index.php?rest_route=%2Fwp%2Fv2%2Fcategories&post=20963"},{"taxonomy":"post_tag","embeddable":true,"href":"https:\/\/radiostavanger.no\/index.php?rest_route=%2Fwp%2Fv2%2Ftags&post=20963"},{"taxonomy":"tmauthors","embeddable":true,"href":"https:\/\/radiostavanger.no\/index.php?rest_route=%2Fwp%2Fv2%2Ftmauthors&post=20963"}],"curies":[{"name":"wp","href":"https:\/\/api.w.org\/{rel}","templated":true}]}}