{"id":20980,"date":"2026-09-05T10:25:04","date_gmt":"2026-09-05T10:25:04","guid":{"rendered":"https:\/\/radiostavanger.no\/?p=20980"},"modified":"2026-09-05T10:25:04","modified_gmt":"2026-09-05T10:25:04","slug":"pogacar-mister-vm-etter-skrekkvelten-i-vueltaen-radio-stavanger","status":"publish","type":"post","link":"https:\/\/radiostavanger.no\/?p=20980","title":{"rendered":"Pogacar mister VM etter skrekkvelten i Vueltaen \u2013 Radio Stavanger"},"content":{"rendered":"<p><br \/>\n<\/p>\n<div id=\"mvp-content-main\">\n<p class=\"radioh-ingress\"><strong>Sykkelunikumet Tadej Pogacar kommer ikke til \u00e5 sykle flere ritt i \u00e5r etter at han veltet og skadet seg i Vuelta a Espa\u00f1a.<\/strong>\n<\/p>\n<p><strong>Sport<\/strong>: Det opplyser Pogacars arbeidsgiver, UAE, i en pressemelding.\n<\/p>\n<p>Dermed g\u00e5r den slovenske 27-\u00e5ringen glipp av blant annet VM i landeveissykling, som arrangeres i canadiske Montreal i slutten av m\u00e5neden.\n<\/p>\n<p>Sykkelstjernen ble operert for brudd i kragebeinet tidligere denne uken og m\u00e5 belage seg p\u00e5 en periode med hvile og opptrening.\n<\/p>\n<p>Pogacar krasjet under den \u00e5ttende etappen av Vuelta a Espana. Hendelsen skjedde litt over 30 kilometer fra m\u00e5lstreken i byen Xeraco.<\/p>\n<p>Han ledet p\u00e5 det tidspunktet rittet med hele tre minutter og 50 sekunder. Pogacar har aldri tidligere vunnet Vueltaen.\n<\/p>\n<p>UAE opplyser samtidig at den slovenske sykkelstjernen har forlenget kontrakten sin fram til og med 2032.\n<\/p>\n<p>(\u00a9NTB)\n<\/p>\n<\/p><\/div>\n<p><script async defer crossorigin=\"anonymous\" data-lazy=\"w3tc\" data-src=\"https:\/\/connect.facebook.net\/nb_NO\/sdk.js#xfbml=1&#038;version=v18.0\"><\/script><br \/>\n<br \/><br \/>\n<br \/><a href=\"https:\/\/radioh.no\/pogacar-mister-vm-etter-skrekkvelten-i-vueltaen\/\">Kilde <\/a><\/p>","protected":false},"excerpt":{"rendered":"<p>Sykkelunikumet Tadej Pogacar kommer ikke til \u00e5 sykle flere ritt i \u00e5r etter at han veltet og skadet seg i Vuelta a Espa\u00f1a. Sport: Det opplyser Pogacars arbeidsgiver, UAE, i en pressemelding. Dermed g\u00e5r den slovenske 27-\u00e5ringen glipp av blant annet VM i landeveissykling, som arrangeres i canadiske Montreal i slutten av m\u00e5neden. Sykkelstjernen ble [&hellip;]<\/p>","protected":false},"author":1,"featured_media":20981,"comment_status":"","ping_status":"","sticky":false,"template":"","format":"standard","meta":{"footnotes":""},"categories":[107],"tags":[],"tmauthors":[],"class_list":["post-20980","post","type-post","status-publish","format-standard","has-post-thumbnail","category-nyheter"],"_links":{"self":[{"href":"https:\/\/radiostavanger.no\/index.php?rest_route=\/wp\/v2\/posts\/20980","targetHints":{"allow":["GET"]}}],"collection":[{"href":"https:\/\/radiostavanger.no\/index.php?rest_route=\/wp\/v2\/posts"}],"about":[{"href":"https:\/\/radiostavanger.no\/index.php?rest_route=\/wp\/v2\/types\/post"}],"author":[{"embeddable":true,"href":"https:\/\/radiostavanger.no\/index.php?rest_route=\/wp\/v2\/users\/1"}],"replies":[{"embeddable":true,"href":"https:\/\/radiostavanger.no\/index.php?rest_route=%2Fwp%2Fv2%2Fcomments&post=20980"}],"version-history":[{"count":0,"href":"https:\/\/radiostavanger.no\/index.php?rest_route=\/wp\/v2\/posts\/20980\/revisions"}],"wp:featuredmedia":[{"embeddable":true,"href":"https:\/\/radiostavanger.no\/index.php?rest_route=\/wp\/v2\/media\/20981"}],"wp:attachment":[{"href":"https:\/\/radiostavanger.no\/index.php?rest_route=%2Fwp%2Fv2%2Fmedia&parent=20980"}],"wp:term":[{"taxonomy":"category","embeddable":true,"href":"https:\/\/radiostavanger.no\/index.php?rest_route=%2Fwp%2Fv2%2Fcategories&post=20980"},{"taxonomy":"post_tag","embeddable":true,"href":"https:\/\/radiostavanger.no\/index.php?rest_route=%2Fwp%2Fv2%2Ftags&post=20980"},{"taxonomy":"tmauthors","embeddable":true,"href":"https:\/\/radiostavanger.no\/index.php?rest_route=%2Fwp%2Fv2%2Ftmauthors&post=20980"}],"curies":[{"name":"wp","href":"https:\/\/api.w.org\/{rel}","templated":true}]}}