{"id":20988,"date":"2026-09-05T12:54:00","date_gmt":"2026-09-05T12:54:00","guid":{"rendered":"https:\/\/radiostavanger.no\/?p=20988"},"modified":"2026-09-05T12:54:00","modified_gmt":"2026-09-05T12:54:00","slug":"alle-stortingsrepresentanter-blir-invitert-til-gravferden-likevel-radio-stavanger","status":"publish","type":"post","link":"https:\/\/radiostavanger.no\/?p=20988","title":{"rendered":"Alle stortingsrepresentanter blir invitert til gravferden likevel \u2013 Radio Stavanger"},"content":{"rendered":"<p><br \/>\n<\/p>\n<div id=\"mvp-content-main\">\n<p class=\"radioh-ingress\"><strong>Alle de 169 stortingsrepresentantene f\u00e5r likevel invitasjon til kong Haralds gravferd i Oslo domkirke onsdag, if\u00f8lge Nettavisen.<\/strong>\n<\/p>\n<p><strong>Innenriks<\/strong>: Av plasshensyn var det opprinnelig satt av kun 34 plasser til innvalgte representanter p\u00e5 Stortinget, og det var opp til partiene selv \u00e5 plukke ut hvem som skulle f\u00e5 delta i gravferden.\n<\/p>\n<p>Men n\u00e5 har Utenriksdepartementet, som organiserer gravferden, sendt ut invitasjon til alle stortingsrepresentantene, opplyser kilder til Nettavisen.\n<\/p>\n<p>\u00c5rsaken til at man n\u00e5 sender ut invitasjon til alle representantene p\u00e5 Stortinget er ikke kjent. UD vil ikke kommentere gjestelisten.\n<\/p>\n<p>Oslo Domkirke har 930 sitteplasser, og det ventes hundrevis av gjester fra hele verden til gravferden.<\/p>\n<p>(\u00a9NTB)\n<\/p>\n<\/p><\/div>\n<p><script async defer crossorigin=\"anonymous\" data-lazy=\"w3tc\" data-src=\"https:\/\/connect.facebook.net\/nb_NO\/sdk.js#xfbml=1&#038;version=v18.0\"><\/script><br \/>\n<br \/><br \/>\n<br \/><a href=\"https:\/\/radioh.no\/nettavisen-alle-stortingsrepresentanter-blir-invitert-til-gravferden-likevel\/\">Kilde <\/a><\/p>","protected":false},"excerpt":{"rendered":"<p>Alle de 169 stortingsrepresentantene f\u00e5r likevel invitasjon til kong Haralds gravferd i Oslo domkirke onsdag, if\u00f8lge Nettavisen. Innenriks: Av plasshensyn var det opprinnelig satt av kun 34 plasser til innvalgte representanter p\u00e5 Stortinget, og det var opp til partiene selv \u00e5 plukke ut hvem som skulle f\u00e5 delta i gravferden. Men n\u00e5 har Utenriksdepartementet, som [&hellip;]<\/p>","protected":false},"author":1,"featured_media":20989,"comment_status":"","ping_status":"","sticky":false,"template":"","format":"standard","meta":{"footnotes":""},"categories":[107],"tags":[],"tmauthors":[],"class_list":["post-20988","post","type-post","status-publish","format-standard","has-post-thumbnail","category-nyheter"],"_links":{"self":[{"href":"https:\/\/radiostavanger.no\/index.php?rest_route=\/wp\/v2\/posts\/20988","targetHints":{"allow":["GET"]}}],"collection":[{"href":"https:\/\/radiostavanger.no\/index.php?rest_route=\/wp\/v2\/posts"}],"about":[{"href":"https:\/\/radiostavanger.no\/index.php?rest_route=\/wp\/v2\/types\/post"}],"author":[{"embeddable":true,"href":"https:\/\/radiostavanger.no\/index.php?rest_route=\/wp\/v2\/users\/1"}],"replies":[{"embeddable":true,"href":"https:\/\/radiostavanger.no\/index.php?rest_route=%2Fwp%2Fv2%2Fcomments&post=20988"}],"version-history":[{"count":0,"href":"https:\/\/radiostavanger.no\/index.php?rest_route=\/wp\/v2\/posts\/20988\/revisions"}],"wp:featuredmedia":[{"embeddable":true,"href":"https:\/\/radiostavanger.no\/index.php?rest_route=\/wp\/v2\/media\/20989"}],"wp:attachment":[{"href":"https:\/\/radiostavanger.no\/index.php?rest_route=%2Fwp%2Fv2%2Fmedia&parent=20988"}],"wp:term":[{"taxonomy":"category","embeddable":true,"href":"https:\/\/radiostavanger.no\/index.php?rest_route=%2Fwp%2Fv2%2Fcategories&post=20988"},{"taxonomy":"post_tag","embeddable":true,"href":"https:\/\/radiostavanger.no\/index.php?rest_route=%2Fwp%2Fv2%2Ftags&post=20988"},{"taxonomy":"tmauthors","embeddable":true,"href":"https:\/\/radiostavanger.no\/index.php?rest_route=%2Fwp%2Fv2%2Ftmauthors&post=20988"}],"curies":[{"name":"wp","href":"https:\/\/api.w.org\/{rel}","templated":true}]}}