{"id":20990,"date":"2026-09-05T13:25:01","date_gmt":"2026-09-05T13:25:01","guid":{"rendered":"https:\/\/radiostavanger.no\/?p=20990"},"modified":"2026-09-05T13:25:01","modified_gmt":"2026-09-05T13:25:01","slug":"demonstranter-i-kobenhavn-fjernet-med-makt-radio-stavanger","status":"publish","type":"post","link":"https:\/\/radiostavanger.no\/?p=20990","title":{"rendered":"Demonstranter i K\u00f8benhavn fjernet med makt \u2013 Radio Stavanger"},"content":{"rendered":"<p><br \/>\n<\/p>\n<div id=\"mvp-content-main\">\n<p class=\"radioh-ingress\"><strong>Dansk politi fjernet l\u00f8rdag demonstranter som blokkerte en gate p\u00e5 \u00d8sterbro i K\u00f8benhavn.<\/strong>\n<\/p>\n<p><strong>Utenriks<\/strong>: Politiet grep inn etter at demonstranter fra hver sin politiske fl\u00f8y hadde samlet seg i samme omr\u00e5de. P\u00e5 den ene siden var det en gruppe som kaller seg Det danske folk, mens de andre tilh\u00f8rte F\u00e6llesinitiativet mod Racisme og Diskrimination.\n<\/p>\n<p>Mens de nasjonalistiske demonstrantene hadde f\u00e5tt tillatelse til \u00e5 marsjere av politiet, m\u00f8tte de antirasistiske demonstrantene opp uten forh\u00e5ndsvarsel. Det var disse som skal ha blitt fjernet av politiet, og bilder viser hvordan de blir presset bakover av politiet, if\u00f8lge Politiken.\n<\/p>\n<p>Samtidig kunne de r\u00f8d- og hvitkledte demonstrantene fortsette gjennom byen.\n<\/p>\n<p>(\u00a9NTB)<\/p>\n<\/p><\/div>\n<p><script async defer crossorigin=\"anonymous\" data-lazy=\"w3tc\" data-src=\"https:\/\/connect.facebook.net\/nb_NO\/sdk.js#xfbml=1&#038;version=v18.0\"><\/script><br \/>\n<br \/><br \/>\n<br \/><a href=\"https:\/\/radioh.no\/demonstranter-i-kobenhavn-fjernet-med-makt\/\">Kilde <\/a><\/p>","protected":false},"excerpt":{"rendered":"<p>Dansk politi fjernet l\u00f8rdag demonstranter som blokkerte en gate p\u00e5 \u00d8sterbro i K\u00f8benhavn. Utenriks: Politiet grep inn etter at demonstranter fra hver sin politiske fl\u00f8y hadde samlet seg i samme omr\u00e5de. P\u00e5 den ene siden var det en gruppe som kaller seg Det danske folk, mens de andre tilh\u00f8rte F\u00e6llesinitiativet mod Racisme og Diskrimination. Mens [&hellip;]<\/p>","protected":false},"author":1,"featured_media":20991,"comment_status":"","ping_status":"","sticky":false,"template":"","format":"standard","meta":{"footnotes":""},"categories":[107],"tags":[],"tmauthors":[],"class_list":["post-20990","post","type-post","status-publish","format-standard","has-post-thumbnail","category-nyheter"],"_links":{"self":[{"href":"https:\/\/radiostavanger.no\/index.php?rest_route=\/wp\/v2\/posts\/20990","targetHints":{"allow":["GET"]}}],"collection":[{"href":"https:\/\/radiostavanger.no\/index.php?rest_route=\/wp\/v2\/posts"}],"about":[{"href":"https:\/\/radiostavanger.no\/index.php?rest_route=\/wp\/v2\/types\/post"}],"author":[{"embeddable":true,"href":"https:\/\/radiostavanger.no\/index.php?rest_route=\/wp\/v2\/users\/1"}],"replies":[{"embeddable":true,"href":"https:\/\/radiostavanger.no\/index.php?rest_route=%2Fwp%2Fv2%2Fcomments&post=20990"}],"version-history":[{"count":0,"href":"https:\/\/radiostavanger.no\/index.php?rest_route=\/wp\/v2\/posts\/20990\/revisions"}],"wp:featuredmedia":[{"embeddable":true,"href":"https:\/\/radiostavanger.no\/index.php?rest_route=\/wp\/v2\/media\/20991"}],"wp:attachment":[{"href":"https:\/\/radiostavanger.no\/index.php?rest_route=%2Fwp%2Fv2%2Fmedia&parent=20990"}],"wp:term":[{"taxonomy":"category","embeddable":true,"href":"https:\/\/radiostavanger.no\/index.php?rest_route=%2Fwp%2Fv2%2Fcategories&post=20990"},{"taxonomy":"post_tag","embeddable":true,"href":"https:\/\/radiostavanger.no\/index.php?rest_route=%2Fwp%2Fv2%2Ftags&post=20990"},{"taxonomy":"tmauthors","embeddable":true,"href":"https:\/\/radiostavanger.no\/index.php?rest_route=%2Fwp%2Fv2%2Ftmauthors&post=20990"}],"curies":[{"name":"wp","href":"https:\/\/api.w.org\/{rel}","templated":true}]}}