{"id":20992,"date":"2026-09-05T13:31:20","date_gmt":"2026-09-05T13:31:20","guid":{"rendered":"https:\/\/radiostavanger.no\/?p=20992"},"modified":"2026-09-05T13:31:20","modified_gmt":"2026-09-05T13:31:20","slug":"stenshorne-viste-muskler-i-italia-kjorte-inn-til-6-plass-pa-monza-banen-radio-stavanger","status":"publish","type":"post","link":"https:\/\/radiostavanger.no\/?p=20992","title":{"rendered":"Stenshorne viste muskler i Italia \u2013 kj\u00f8rte inn til 6.-plass p\u00e5 Monza-banen \u2013 Radio Stavanger"},"content":{"rendered":"<p><br \/>\n<\/p>\n<div id=\"mvp-content-main\">\n<p class=\"radioh-ingress\"><strong>Norges Formel 2-h\u00e5p Martinius Stenshorne (20) kj\u00f8rte aggressivt og styrte inn til 6.-plass i l\u00f8rdagens sprintl\u00f8p p\u00e5 Monza-banen.<\/strong>\n<\/p>\n<p><strong>Sport<\/strong>: Nordmannen startet i femte beste startspor og forsvarte seg godt ut fra start. En liten stund var han nede p\u00e5 6.-plass, men litt over halvveis avanserte han to plasser. Ikke lenge etter var han oppe p\u00e5 pallplass f\u00f8r han igjen falt ned til. 6.-plass etter en omstart som Stenshorne ikke taklet optimalt.\n<\/p>\n<p>20-\u00e5ringen fra Hokksund har v\u00e6rt forfulgt av uhell i debutsesongen i Formel 2. Spesielt buttet det hardt i sommer da han endte opp poengl\u00f8s tre helger p\u00e5 rad.\n<\/p>\n<p>I den forrige VM-runden i Budapest i slutten av juli endte han p\u00e5 sisteplass i hovedl\u00f8pet. Da var han involvert i en kollisjon tidlig. Dagen f\u00f8r ble det 8.-plass i sprintl\u00f8pet.\n<\/p>\n<p>Hans beste prestasjon s\u00e5 langt denne sesongen kom da han vant hovedl\u00f8pet under VM-runden i Montreal i slutten av mai.<\/p>\n<p>I VM-sammendraget ligger han fortsatt p\u00e5 9.-plass etter l\u00f8rdagens sprintl\u00f8p, et l\u00f8p som som ble vunnet av Joshua D\u00fcrksen fra Paraguay med briten John Bennett p\u00e5 plassen bak.\n<\/p>\n<p>S\u00f8ndag er det hovedl\u00f8p p\u00e5 programmet p\u00e5 den legendariske Monza-banen i Lombardia.\n<\/p>\n<p>Etter helgens to l\u00f8p i Italia gjenst\u00e5r det fire l\u00f8p av \u00e5rets Formel 2-sesong. \u00c5rets siste VM-runde skal etter planen skje i Abu Dhabi i De forente arabiske emirater den f\u00f8rste helgen i desember.\n<\/p>\n<p>(\u00a9NTB)\n<\/p>\n<\/p><\/div>\n<p><script async defer crossorigin=\"anonymous\" data-lazy=\"w3tc\" data-src=\"https:\/\/connect.facebook.net\/nb_NO\/sdk.js#xfbml=1&#038;version=v18.0\"><\/script><br \/>\n<br \/><br \/>\n<br \/><a href=\"https:\/\/radioh.no\/sterk-stenshorne-kvalik-i-vm-runden-i-formel-2-pa-monza\/\">Kilde <\/a><\/p>","protected":false},"excerpt":{"rendered":"<p>Norges Formel 2-h\u00e5p Martinius Stenshorne (20) kj\u00f8rte aggressivt og styrte inn til 6.-plass i l\u00f8rdagens sprintl\u00f8p p\u00e5 Monza-banen. Sport: Nordmannen startet i femte beste startspor og forsvarte seg godt ut fra start. En liten stund var han nede p\u00e5 6.-plass, men litt over halvveis avanserte han to plasser. Ikke lenge etter var han oppe p\u00e5 [&hellip;]<\/p>","protected":false},"author":1,"featured_media":20993,"comment_status":"","ping_status":"","sticky":false,"template":"","format":"standard","meta":{"footnotes":""},"categories":[107],"tags":[],"tmauthors":[],"class_list":["post-20992","post","type-post","status-publish","format-standard","has-post-thumbnail","category-nyheter"],"_links":{"self":[{"href":"https:\/\/radiostavanger.no\/index.php?rest_route=\/wp\/v2\/posts\/20992","targetHints":{"allow":["GET"]}}],"collection":[{"href":"https:\/\/radiostavanger.no\/index.php?rest_route=\/wp\/v2\/posts"}],"about":[{"href":"https:\/\/radiostavanger.no\/index.php?rest_route=\/wp\/v2\/types\/post"}],"author":[{"embeddable":true,"href":"https:\/\/radiostavanger.no\/index.php?rest_route=\/wp\/v2\/users\/1"}],"replies":[{"embeddable":true,"href":"https:\/\/radiostavanger.no\/index.php?rest_route=%2Fwp%2Fv2%2Fcomments&post=20992"}],"version-history":[{"count":0,"href":"https:\/\/radiostavanger.no\/index.php?rest_route=\/wp\/v2\/posts\/20992\/revisions"}],"wp:featuredmedia":[{"embeddable":true,"href":"https:\/\/radiostavanger.no\/index.php?rest_route=\/wp\/v2\/media\/20993"}],"wp:attachment":[{"href":"https:\/\/radiostavanger.no\/index.php?rest_route=%2Fwp%2Fv2%2Fmedia&parent=20992"}],"wp:term":[{"taxonomy":"category","embeddable":true,"href":"https:\/\/radiostavanger.no\/index.php?rest_route=%2Fwp%2Fv2%2Fcategories&post=20992"},{"taxonomy":"post_tag","embeddable":true,"href":"https:\/\/radiostavanger.no\/index.php?rest_route=%2Fwp%2Fv2%2Ftags&post=20992"},{"taxonomy":"tmauthors","embeddable":true,"href":"https:\/\/radiostavanger.no\/index.php?rest_route=%2Fwp%2Fv2%2Ftmauthors&post=20992"}],"curies":[{"name":"wp","href":"https:\/\/api.w.org\/{rel}","templated":true}]}}