{"id":20998,"date":"2026-09-05T14:39:24","date_gmt":"2026-09-05T14:39:24","guid":{"rendered":"https:\/\/radiostavanger.no\/?p=20998"},"modified":"2026-09-05T14:39:24","modified_gmt":"2026-09-05T14:39:24","slug":"ikke-noe-kongevaer-radio-stavanger","status":"publish","type":"post","link":"https:\/\/radiostavanger.no\/?p=20998","title":{"rendered":"\u2013 Ikke noe kongev\u00e6r \u2013 Radio Stavanger"},"content":{"rendered":"<p><br \/>\n<\/p>\n<div id=\"mvp-content-main\">\n<p class=\"radioh-ingress\"><strong>Det blir gr\u00e5tt og v\u00e5tt p\u00e5 gravferdsdagen til kong Harald. Paraply er ikke lov, men regnjakke er lurt, sier vakthavende meteorolog.<\/strong>\n<\/p>\n<p><strong>Innenriks<\/strong>: \u2013 Det er ikke s\u00e5nn at det kommer i b\u00f8tter og spann, men det blir v\u00e5tt over det hele, sier vakthavende meteorolog Per Egil Haga i Meteorologisk institutt til NTB om v\u00e6ret p\u00e5 \u00d8stlandet gravferdsdagen.\n<\/p>\n<p>Det vil ligge et lavtrykk over hele \u00d8stlandet onsdag. Temperaturen vil ligge under 15 grader p\u00e5 \u00d8stlandet og rundt Oslo hele dagen, sier Haga.\n<\/p>\n<p>\u2013 For \u00e5 st\u00e5 ute, s\u00e5 kan det ogs\u00e5 bli litt kj\u00f8lig n\u00e5r man st\u00e5r, sier han.\n<\/p>\n<p>Det kan derfor v\u00e6re lurt med litt varme kl\u00e6r og en regntett jakke, anbefaler meteorologen.<\/p>\n<p>Politiet opplyser at det ikke vil v\u00e6re lov med paraplyer innenfor sikkerhetssonen i Oslo sentrum under gravferden.\n<\/p>\n<p>\u2013 Nei, regnt\u00f8y kan nok v\u00e6re greit \u00e5 ha, sier Haga om dette.\n<\/p>\n<p>\u2013 Men ellers burde jo ikke v\u00e6ret sette noen stopper for \u00e5 g\u00e5 ut og v\u00e6re en del av seremonien.\n<\/p>\n<p>Heller ikke resten av Norge ser ut til \u00e5 f\u00e5 fint v\u00e6r p\u00e5 gravferdsdagen.\n<\/p>\n<p>\u2013 Det blir ikke noe stabilt h\u00f8ytrykksv\u00e6r som gir oss kongev\u00e6r, sier han.<\/p>\n<p>(\u00a9NTB)\n<\/p>\n<\/p><\/div>\n<p><script async defer crossorigin=\"anonymous\" data-lazy=\"w3tc\" data-src=\"https:\/\/connect.facebook.net\/nb_NO\/sdk.js#xfbml=1&#038;version=v18.0\"><\/script><br \/>\n<br \/><br \/>\n<br \/><a href=\"https:\/\/radioh.no\/gravferdsvaeret-ikke-noe-kongevaer\/\">Kilde <\/a><\/p>","protected":false},"excerpt":{"rendered":"<p>Det blir gr\u00e5tt og v\u00e5tt p\u00e5 gravferdsdagen til kong Harald. Paraply er ikke lov, men regnjakke er lurt, sier vakthavende meteorolog. Innenriks: \u2013 Det er ikke s\u00e5nn at det kommer i b\u00f8tter og spann, men det blir v\u00e5tt over det hele, sier vakthavende meteorolog Per Egil Haga i Meteorologisk institutt til NTB om v\u00e6ret p\u00e5 [&hellip;]<\/p>","protected":false},"author":1,"featured_media":20999,"comment_status":"","ping_status":"","sticky":false,"template":"","format":"standard","meta":{"footnotes":""},"categories":[107],"tags":[],"tmauthors":[],"class_list":["post-20998","post","type-post","status-publish","format-standard","has-post-thumbnail","category-nyheter"],"_links":{"self":[{"href":"https:\/\/radiostavanger.no\/index.php?rest_route=\/wp\/v2\/posts\/20998","targetHints":{"allow":["GET"]}}],"collection":[{"href":"https:\/\/radiostavanger.no\/index.php?rest_route=\/wp\/v2\/posts"}],"about":[{"href":"https:\/\/radiostavanger.no\/index.php?rest_route=\/wp\/v2\/types\/post"}],"author":[{"embeddable":true,"href":"https:\/\/radiostavanger.no\/index.php?rest_route=\/wp\/v2\/users\/1"}],"replies":[{"embeddable":true,"href":"https:\/\/radiostavanger.no\/index.php?rest_route=%2Fwp%2Fv2%2Fcomments&post=20998"}],"version-history":[{"count":0,"href":"https:\/\/radiostavanger.no\/index.php?rest_route=\/wp\/v2\/posts\/20998\/revisions"}],"wp:featuredmedia":[{"embeddable":true,"href":"https:\/\/radiostavanger.no\/index.php?rest_route=\/wp\/v2\/media\/20999"}],"wp:attachment":[{"href":"https:\/\/radiostavanger.no\/index.php?rest_route=%2Fwp%2Fv2%2Fmedia&parent=20998"}],"wp:term":[{"taxonomy":"category","embeddable":true,"href":"https:\/\/radiostavanger.no\/index.php?rest_route=%2Fwp%2Fv2%2Fcategories&post=20998"},{"taxonomy":"post_tag","embeddable":true,"href":"https:\/\/radiostavanger.no\/index.php?rest_route=%2Fwp%2Fv2%2Ftags&post=20998"},{"taxonomy":"tmauthors","embeddable":true,"href":"https:\/\/radiostavanger.no\/index.php?rest_route=%2Fwp%2Fv2%2Ftmauthors&post=20998"}],"curies":[{"name":"wp","href":"https:\/\/api.w.org\/{rel}","templated":true}]}}