{"id":21096,"date":"2026-09-06T09:17:59","date_gmt":"2026-09-06T09:17:59","guid":{"rendered":"https:\/\/radiostavanger.no\/?p=21096"},"modified":"2026-09-06T09:17:59","modified_gmt":"2026-09-06T09:17:59","slug":"skipresidenten-deltar-i-kong-haralds-gravferd-radio-stavanger","status":"publish","type":"post","link":"https:\/\/radiostavanger.no\/?p=21096","title":{"rendered":"Skipresidenten deltar i kong Haralds gravferd \u2013 Radio Stavanger"},"content":{"rendered":"<p><br \/>\n<\/p>\n<div id=\"mvp-content-main\">\n<p class=\"radioh-ingress\"><strong>Roger Finjord skal representere norsk skisport i kong Haralds gravferd onsdag.<\/strong>\n<\/p>\n<p><strong>Sport<\/strong>: Det f\u00e5r NTB opplyst.\n<\/p>\n<p>Det er ventet stor p\u00e5gang til gravferdsseremonien i Oslo domkirke, der familie, utenlandske statsoverhoder, politikere og n\u00e6re venner blir prioritert.\n<\/p>\n<p>Kong Harald sovnet stille inn p\u00e5 Rikshospitalet 28. august, 89 \u00e5r gammel.\n<\/p>\n<p>\u2013 Norsk skisport har mistet en varm venn og en trofast st\u00f8ttespiller. Gjennom et langt liv har kong Harald v\u00e6rt til stede p\u00e5 de st\u00f8rste idrettsarenaene, langs l\u00f8yper og i bakker, sammen med mennesker som har skapt idrettsglede over hele landet, sa Finjord i en melding etter bortgangen.<\/p>\n<p>(\u00a9NTB)\n<\/p>\n<\/p><\/div>\n<p><script async defer crossorigin=\"anonymous\" data-lazy=\"w3tc\" data-src=\"https:\/\/connect.facebook.net\/nb_NO\/sdk.js#xfbml=1&#038;version=v18.0\"><\/script><br \/>\n<br \/><br \/>\n<br \/><a href=\"https:\/\/radioh.no\/skipresidenten-stusser-over-utydelig-fis-beslutning-vil-kun-skape-forvirring\/\">Kilde <\/a><\/p>","protected":false},"excerpt":{"rendered":"<p>Roger Finjord skal representere norsk skisport i kong Haralds gravferd onsdag. Sport: Det f\u00e5r NTB opplyst. Det er ventet stor p\u00e5gang til gravferdsseremonien i Oslo domkirke, der familie, utenlandske statsoverhoder, politikere og n\u00e6re venner blir prioritert. Kong Harald sovnet stille inn p\u00e5 Rikshospitalet 28. august, 89 \u00e5r gammel. \u2013 Norsk skisport har mistet en varm [&hellip;]<\/p>","protected":false},"author":1,"featured_media":21097,"comment_status":"","ping_status":"","sticky":false,"template":"","format":"standard","meta":{"footnotes":""},"categories":[107],"tags":[],"tmauthors":[],"class_list":["post-21096","post","type-post","status-publish","format-standard","has-post-thumbnail","category-nyheter"],"_links":{"self":[{"href":"https:\/\/radiostavanger.no\/index.php?rest_route=\/wp\/v2\/posts\/21096","targetHints":{"allow":["GET"]}}],"collection":[{"href":"https:\/\/radiostavanger.no\/index.php?rest_route=\/wp\/v2\/posts"}],"about":[{"href":"https:\/\/radiostavanger.no\/index.php?rest_route=\/wp\/v2\/types\/post"}],"author":[{"embeddable":true,"href":"https:\/\/radiostavanger.no\/index.php?rest_route=\/wp\/v2\/users\/1"}],"replies":[{"embeddable":true,"href":"https:\/\/radiostavanger.no\/index.php?rest_route=%2Fwp%2Fv2%2Fcomments&post=21096"}],"version-history":[{"count":0,"href":"https:\/\/radiostavanger.no\/index.php?rest_route=\/wp\/v2\/posts\/21096\/revisions"}],"wp:featuredmedia":[{"embeddable":true,"href":"https:\/\/radiostavanger.no\/index.php?rest_route=\/wp\/v2\/media\/21097"}],"wp:attachment":[{"href":"https:\/\/radiostavanger.no\/index.php?rest_route=%2Fwp%2Fv2%2Fmedia&parent=21096"}],"wp:term":[{"taxonomy":"category","embeddable":true,"href":"https:\/\/radiostavanger.no\/index.php?rest_route=%2Fwp%2Fv2%2Fcategories&post=21096"},{"taxonomy":"post_tag","embeddable":true,"href":"https:\/\/radiostavanger.no\/index.php?rest_route=%2Fwp%2Fv2%2Ftags&post=21096"},{"taxonomy":"tmauthors","embeddable":true,"href":"https:\/\/radiostavanger.no\/index.php?rest_route=%2Fwp%2Fv2%2Ftmauthors&post=21096"}],"curies":[{"name":"wp","href":"https:\/\/api.w.org\/{rel}","templated":true}]}}