{"id":21098,"date":"2026-09-06T09:23:58","date_gmt":"2026-09-06T09:23:58","guid":{"rendered":"https:\/\/radiostavanger.no\/?p=21098"},"modified":"2026-09-06T09:23:58","modified_gmt":"2026-09-06T09:23:58","slug":"bil-har-kjort-av-veien-pa-karmoy-radio-stavanger","status":"publish","type":"post","link":"https:\/\/radiostavanger.no\/?p=21098","title":{"rendered":"Bil har kj\u00f8rt av veien p\u00e5 Karm\u00f8y \u2013 Radio Stavanger"},"content":{"rendered":"<p><br \/>\n<\/p>\n<div id=\"mvp-content-main\">\n<p class=\"radioh-ingress\"><strong>Politiet fikk melding om en trafikkulykke p\u00e5 FV547 s\u00f8r for Ferkingstad. Det er snakk om et enslig kj\u00f8ret\u00f8y, og n\u00f8detatene er p\u00e5 vei til stedet.<\/strong><\/p>\n<p><b>Trafikk:<\/b> Kl. 1101 meldte politiet om en trafikkulykke p\u00e5 FV547 Vestre Karm\u00f8yvegen, s\u00f8r for Ferkingstad.<\/p>\n<h4>Enslig kj\u00f8ret\u00f8y<\/h4>\n<p>\nDet er opplyst at det dreier seg om ett kj\u00f8ret\u00f8y som har kj\u00f8rt ut av veien.<\/p>\n<p>N\u00f8detatene er p\u00e5 vei til stedet. Forel\u00f8pig er det ikke kjent hvor alvorlig ulykken er, eller om noen er skadd.<\/p>\n<\/p><\/div>\n<p><script async defer crossorigin=\"anonymous\" data-lazy=\"w3tc\" data-src=\"https:\/\/connect.facebook.net\/nb_NO\/sdk.js#xfbml=1&#038;version=v18.0\"><\/script><br \/>\n<br \/><br \/>\n<br \/><a href=\"https:\/\/radioh.no\/bil-har-kjort-av-veien-pa-karmoy\/\">Kilde <\/a><\/p>","protected":false},"excerpt":{"rendered":"<p>Politiet fikk melding om en trafikkulykke p\u00e5 FV547 s\u00f8r for Ferkingstad. Det er snakk om et enslig kj\u00f8ret\u00f8y, og n\u00f8detatene er p\u00e5 vei til stedet. Trafikk: Kl. 1101 meldte politiet om en trafikkulykke p\u00e5 FV547 Vestre Karm\u00f8yvegen, s\u00f8r for Ferkingstad. Enslig kj\u00f8ret\u00f8y Det er opplyst at det dreier seg om ett kj\u00f8ret\u00f8y som har kj\u00f8rt [&hellip;]<\/p>","protected":false},"author":1,"featured_media":4964,"comment_status":"","ping_status":"","sticky":false,"template":"","format":"standard","meta":{"footnotes":""},"categories":[107],"tags":[],"tmauthors":[],"class_list":["post-21098","post","type-post","status-publish","format-standard","has-post-thumbnail","category-nyheter"],"_links":{"self":[{"href":"https:\/\/radiostavanger.no\/index.php?rest_route=\/wp\/v2\/posts\/21098","targetHints":{"allow":["GET"]}}],"collection":[{"href":"https:\/\/radiostavanger.no\/index.php?rest_route=\/wp\/v2\/posts"}],"about":[{"href":"https:\/\/radiostavanger.no\/index.php?rest_route=\/wp\/v2\/types\/post"}],"author":[{"embeddable":true,"href":"https:\/\/radiostavanger.no\/index.php?rest_route=\/wp\/v2\/users\/1"}],"replies":[{"embeddable":true,"href":"https:\/\/radiostavanger.no\/index.php?rest_route=%2Fwp%2Fv2%2Fcomments&post=21098"}],"version-history":[{"count":0,"href":"https:\/\/radiostavanger.no\/index.php?rest_route=\/wp\/v2\/posts\/21098\/revisions"}],"wp:featuredmedia":[{"embeddable":true,"href":"https:\/\/radiostavanger.no\/index.php?rest_route=\/wp\/v2\/media\/4964"}],"wp:attachment":[{"href":"https:\/\/radiostavanger.no\/index.php?rest_route=%2Fwp%2Fv2%2Fmedia&parent=21098"}],"wp:term":[{"taxonomy":"category","embeddable":true,"href":"https:\/\/radiostavanger.no\/index.php?rest_route=%2Fwp%2Fv2%2Fcategories&post=21098"},{"taxonomy":"post_tag","embeddable":true,"href":"https:\/\/radiostavanger.no\/index.php?rest_route=%2Fwp%2Fv2%2Ftags&post=21098"},{"taxonomy":"tmauthors","embeddable":true,"href":"https:\/\/radiostavanger.no\/index.php?rest_route=%2Fwp%2Fv2%2Ftmauthors&post=21098"}],"curies":[{"name":"wp","href":"https:\/\/api.w.org\/{rel}","templated":true}]}}