{"id":5750,"date":"2026-04-17T02:27:48","date_gmt":"2026-04-17T02:27:48","guid":{"rendered":"https:\/\/radiostavanger.no\/?p=5750"},"modified":"2026-04-17T02:27:48","modified_gmt":"2026-04-17T02:27:48","slug":"krematorium-krise-i-noreg-samstundes-far-private-initiativ-nei-til-a-starta-opp-nrk-rogaland-lokale-nyheter-tv-og-radio","status":"publish","type":"post","link":"https:\/\/radiostavanger.no\/?p=5750","title":{"rendered":"Krematorium-krise i Noreg \u2013 samstundes f\u00e5r private initiativ nei til \u00e5 starta opp \u2013 NRK Rogaland \u2013 Lokale nyheter, TV og radio"},"content":{"rendered":"<p><br \/>\n<\/p>\n<div data-main-content=\"\" data-ec-list=\"article_body\" data-ec-name=\"br\u00f8dtekst\">\n<p>\u2013 Det har vore ein kraftig vekst dei siste \u00e5ra. N\u00e5 har me over 30 kremasjonar i veka p\u00e5 det meste, ogs\u00e5 p\u00e5 laurdagar, seier kyrkjeverje Rune Skagestad i Stavanger.<\/p>\n<p>Han viser k\u00f8en med kister p\u00e5 Stavanger krematorium.<\/p>\n<p><strong>Her har dei opplevd meir enn ei dobling i talet p\u00e5 kremasjonar p\u00e5 13 \u00e5r.<\/strong><\/p>\n<p>Fr\u00e5 500 i 2012 til over 1100 i fjor.<\/p>\n<div id=\"1.17844359.8881dd48\" class=\"g100 col fc s10 sl12 sl18 sg6 sg9 image-reference image-reference--F169\"><!-- include: \/serum\/render?id=1.17844359&size=10&perspective=RICH&alignment=CENTER&caption=Ved+Stavanger+krematorium+blir+opp+mot+6+kister+kremerte+til+dagen.+Dei+jobbar+ogs%C3%A5+laurdagar+for+%C3%A5+ta+unna+p%C3%A5gangen.&type=image&aspect=F169&parentSize=10 --><!-- START: \/templates\/image\/image-rich.jsp --><\/p>\n<figure class=\"image widget rich\">\n<div class=\"responsive-img F169\"><img decoding=\"async\" sizes=\"(min-width:1180px) 639px, (min-width:720px) 56vw, 100vw\" srcset=\"https:\/\/gfx.nrk.no\/zIf1JsIY42iZJyRwJ2ApaA0CSvCG1a11p55mE23r6F5g.jpg 80w, https:\/\/gfx.nrk.no\/zIf1JsIY42iZJyRwJ2ApaAgWYwcVCMVi555mE23r6F5g.jpg 160w, https:\/\/gfx.nrk.no\/zIf1JsIY42iZJyRwJ2ApaAxpgsiDNAvLN55mE23r6F5g.jpg 350w, https:\/\/gfx.nrk.no\/zIf1JsIY42iZJyRwJ2ApaABllCMiK5SzF55mE23r6F5g.jpg 450w, https:\/\/gfx.nrk.no\/zIf1JsIY42iZJyRwJ2ApaAW0WeQV-tS1Z55mE23r6F5g.jpg 650w, https:\/\/gfx.nrk.no\/zIf1JsIY42iZJyRwJ2ApaAsgEBLZ2B5Al55mE23r6F5g.jpg 1000w, https:\/\/gfx.nrk.no\/zIf1JsIY42iZJyRwJ2ApaApgO6QV9_tyt55mE23r6F5g.jpg 1200w, https:\/\/gfx.nrk.no\/zIf1JsIY42iZJyRwJ2ApaATr2I1KZwvC955mE23r6F5g.jpg 1600w, https:\/\/gfx.nrk.no\/zIf1JsIY42iZJyRwJ2ApaA8KQBdRcmh8x55mE23r6F5g.jpg 2000w\" src=\"data:image\/gif;base64,R0lGODlhAQABAIAAAAAAAP\/\/\/yH5BAEAAAAALAAAAAABAAEAAAIBRAA7\" loading=\"eager\" alt=\"en person med maske og hansker som jobber p\u00e5 en fabrikk (Bildebeskrivelsen er laget av en KI-tjeneste)\" title=\"Foto: Eirik Gjesdal \/ NRK\"\/><\/div><figcaption>\n<p class=\"\">Ved Stavanger krematorium blir opp mot 6 kister kremerte til dagen. Dei jobbar ogs\u00e5 laurdagar for \u00e5 ta unna p\u00e5gangen.<\/p>\n<p><small>Foto: Eirik Gjesdal \/ NRK<\/small><br \/>\n<\/figcaption><\/figure>\n<p><!-- END: \/templates\/image\/image-rich.jsp -->\n<\/div>\n<p>Men dette er berre starten, if\u00f8lge Skagestad.<\/p>\n<p><strong>\u2013 Med tanke p\u00e5 framskrivingane til SSB og folk sine \u00f8nske, f\u00f8rebur me oss p\u00e5 ei tredobling i talet p\u00e5 kremasjonar i l\u00f8pet av dei neste 10 til 15 \u00e5ra.<\/strong><\/p>\n<p>Det betyr at dei to <span class=\"note\" data-content=\"&lt;p&gt;Et b\u00e5rerom er et egnet rom eller en bygning for verdig oppbevaring av d\u00f8de i en kiste frem til gravferd, ofte utstyrt med kj\u00f8lefunksjon.\u00a0&lt;\/p&gt; \" data-term=\"b\u00e5reromma\">b\u00e5reromma<\/span> p\u00e5 krematoriet blir altfor sm\u00e5.<\/p>\n<p>\u2013 Me m\u00e5 ha eit nytt krematorium i Stavanger eller s\u00e5 g\u00e5r me heilt i taket i forhold til kapasitet. I l\u00f8pet av eit par-tre \u00e5r m\u00e5 me seia nei til kremasjonar eller s\u00e5 m\u00e5 kister sendast heilt til Bergen eller Austlandet, seier Skagestad.<\/p>\n<div id=\"1.17844362.888ff4c9\" class=\"g100 col fc s10 sl12 sl18 sg6 sg9 image-reference image-reference--F11\"><!-- include: \/serum\/render?id=1.17844362&size=10&perspective=RICH&alignment=CENTER&caption=Rune+Skagestad+er+kyrkjeverje+i+Stavanger+kyrkjelege+fellesr%C3%A5d.+Han+ventar+ei+kraftig+auke+i+talet+p%C3%A5+kremasjonar+framover.&type=image&aspect=F11&parentSize=10 --><!-- START: \/templates\/image\/image-rich.jsp --><\/p>\n<figure class=\"image widget rich\">\n<div class=\"responsive-img F11\"><img decoding=\"async\" sizes=\"(min-width:1180px) 639px, (min-width:720px) 56vw, 100vw\" srcset=\"https:\/\/gfx.nrk.no\/xnqlIpdcPgqgHvVpHgZGNA3MPmii4DsKgPNhmpnSdW-Q.jpg 80w, https:\/\/gfx.nrk.no\/xnqlIpdcPgqgHvVpHgZGNAIU7vUZEh0k8PNhmpnSdW-Q.jpg 160w, https:\/\/gfx.nrk.no\/xnqlIpdcPgqgHvVpHgZGNADliGZia3_FQPNhmpnSdW-Q.jpg 350w, https:\/\/gfx.nrk.no\/xnqlIpdcPgqgHvVpHgZGNAQPVLSmswEYoPNhmpnSdW-Q.jpg 450w, https:\/\/gfx.nrk.no\/xnqlIpdcPgqgHvVpHgZGNA8DINsa9Bvc4PNhmpnSdW-Q.jpg 650w, https:\/\/gfx.nrk.no\/xnqlIpdcPgqgHvVpHgZGNAQkV4pAsWv1EPNhmpnSdW-Q.jpg 1000w, https:\/\/gfx.nrk.no\/xnqlIpdcPgqgHvVpHgZGNAh3ajjKx290APNhmpnSdW-Q.jpg 1200w, https:\/\/gfx.nrk.no\/xnqlIpdcPgqgHvVpHgZGNADmlTnx275PoPNhmpnSdW-Q.jpg 1600w, https:\/\/gfx.nrk.no\/xnqlIpdcPgqgHvVpHgZGNAxYkHw8M_2qYPNhmpnSdW-Q.jpg 2000w\" src=\"data:image\/gif;base64,R0lGODlhAQABAIAAAAAAAP\/\/\/yH5BAEAAAAALAAAAAABAAEAAAIBRAA7\" loading=\"eager\" alt=\"en mann med briller (Bildebeskrivelsen er laget av en KI-tjeneste)\" title=\"Foto: Eirik Gjesdal \/ NRK\"\/><\/div><figcaption>\n<p class=\"\">Rune Skagestad er kyrkjeverje i Stavanger kyrkjelege fellesr\u00e5d. Han ventar ei kraftig auke i talet p\u00e5 kremasjonar framover.<\/p>\n<p><small>Foto: Eirik Gjesdal \/ NRK<\/small><br \/>\n<\/figcaption><\/figure>\n<p><!-- END: \/templates\/image\/image-rich.jsp -->\n<\/div>\n<h2>Kraftig vekst i kremasjonar<\/h2>\n<p>Stadig fleire vel kremasjon framfor tradisjonell kistegrav (sj\u00e5 faktaboks).<\/p>\n<p><strong>I 2025 var det ein nasjonal kremasjonsdel p\u00e5 53,4 prosent, viser fersk statistikk fr\u00e5 alle dei 25 krematoria i landet.<\/strong><\/p>\n<p>Alts\u00e5 over halvparten av dei d\u00f8de kroppane i landet blei kremert.<\/p>\n<div id=\"1.16884818.60d35aa6\" class=\"g100 col fc s10 sl12 sl18 sg6 sg9 fact-reference\"><!-- include: \/serum\/render?id=1.16884818&size=10&perspective=BRIEF&alignment=CENTER&variant=minimized&parentSize=10 --><\/p>\n<aside class=\" fact widget brief skin-background-50 darkmode-skin-background-900 skin-text-950 skin-anchor-child-700 skin-anchor-child-800--hover darkmode-skin-text-50 darkmode-skin-anchor-child-200 darkmode-skin-anchor-child-300--hover \" role=\"complementary\" data-id=\"1.16884818\" id=\"fact-1-16884818\" aria-labelledby=\"fact-1-16884818_title\" data-ec-id=\"pp:article:1.16884818\" data-ec-name=\"Fakta om kremasjon\" data-ec-category=\"fact-minimized\">\n<h3 class=\"fact__title title\" id=\"fact-1-16884818_title\">Fakta om kremasjon<\/h3>\n<p><button class=\"fact__expand\" data-k5a-pos=\"faktaboks\" data-factid=\"fact-1-16884818\"><\/p>\n<p><\/button><\/p>\n<div class=\"fact__body text-body skin-text-950 skin-anchor-child-700 skin-anchor-child-800--hover darkmode-skin-text-50 darkmode-skin-anchor-child-200 darkmode-skin-anchor-child-300--hover \" aria-hidden=\"true\">\n<ul>\n<li>Likbrenning eller kremasjon er en metode for destruksjon av avd\u00f8des biologiske rester.<\/li>\n<li>I 1907 ble landets f\u00f8rste krematorium bygd i Bergen. Oslo fikk sin f\u00f8rste kremasjonsovn i 1909.<\/li>\n<li>Kremasjon kan kombineres med en form for begravelse gjennom nedsettelse av urnen p\u00e5 en gravlund eller askespredning i naturen.<\/li>\n<li>Per 2026 er det 25 krematorier i Norge fra Kristiansand i s\u00f8r til Troms\u00f8 i nord.<\/li>\n<li>Stadig flere blir kremert. <strong>I 2025 ble 24066 personer kremert i Norge, noe som utgj\u00f8r 53,4 prosent av alle d\u00f8de i landet.<\/strong><\/li>\n<\/ul>\n<p><em>(Kilde: SSB og Statsforvalteren i Vestfold og Telemark)<\/em><\/p>\n<\/div>\n<\/aside>\n<\/div>\n<p>Sidan 2002 er auken p\u00e5 nesten 22 prosentpoeng (sj\u00e5 graf under).<\/p>\n<p>Det er i tr\u00e5d med \u00f8nske til staten og gravplasstyresmaktene.<\/p>\n<p>\u00c5rsaka er blant anna at kremasjon krev langt mindre plass p\u00e5 gravplassen enn kistegraver.<\/p>\n<p>Urnegraver er mindre, og fleire urner kan setjast ned p\u00e5 same omr\u00e5de.<\/p>\n<p><!-- include: \/serum\/render?id=1.17831201&size=10&perspective=BRIEF&alignment=AUTO&parentSize=10 --><\/p>\n<section class=\"highcharts widget brief\">\n<iframe src=\"https:\/\/app.everviz.com\/embed\/d5w43UfgU\/\" style=\"border: 0; width: 100%; height: 416px\"><\/iframe><br \/>\n<\/section>\n<\/p>\n<h2>M\u00e5 senda kister vekk<\/h2>\n<p>Men den auka p\u00e5gangen gjer at kapasiteten p\u00e5 fleire av dei 25 krematoria i landet er sprengt:<\/p>\n<ul>\n<li><strong>I Bergen st\u00e5r M\u00f8llendal krematorium i praksis for alle kremasjonar mellom \u00c5lesund og Stavanger. Der blir mellom 2.500-2.600 personar kremert \u00e5rleg.<\/strong><\/li>\n<\/ul>\n<p>\u2013 Bergen har h\u00f8g kremasjonsgrad og me n\u00e6rmar oss v\u00e5r kapasitetsgrense. Men det kjem an p\u00e5 utviklingane i v\u00e5re nabokommunar, seier kyrkjeverje i Bergen kyrkjelege fellesr\u00e5d, Mette Svanes.<\/p>\n<p>I Bergen er det planar om nytt krematorium i 2030, men finansieringa er ikkje p\u00e5 plass.<\/p>\n<div id=\"1.15541390.d8a93aa7\" class=\"g100 col fc s10 sl12 sl18 sg6 sg9 image-reference image-reference--F11\"><!-- include: \/serum\/render?id=1.15541390&size=10&perspective=RICH&alignment=CENTER&caption=Mette+Svanes+er+kyrkjeverje+i+Bergen.&type=image&aspect=F11&parentSize=10 --><!-- START: \/templates\/image\/image-rich.jsp --><\/p>\n<figure class=\"image widget rich\">\n<div class=\"responsive-img F11\"><img decoding=\"async\" sizes=\"(min-width:1180px) 639px, (min-width:720px) 56vw, 100vw\" srcset=\"https:\/\/gfx.nrk.no\/jiK_KWSoGx474cp4pHkhFwRRRGhbZRuLe4A2V-k0VYLw.jpg 80w, https:\/\/gfx.nrk.no\/jiK_KWSoGx474cp4pHkhFwLp2jWXlfOj-4A2V-k0VYLw.jpg 160w, https:\/\/gfx.nrk.no\/jiK_KWSoGx474cp4pHkhFw5mqLpsZ0JEO4A2V-k0VYLw.jpg 350w, https:\/\/gfx.nrk.no\/jiK_KWSoGx474cp4pHkhFwiac-ipDza-64A2V-k0VYLw.jpg 450w, https:\/\/gfx.nrk.no\/jiK_KWSoGx474cp4pHkhFwxPvfP95FBXS4A2V-k0VYLw.jpg 650w, https:\/\/gfx.nrk.no\/jiK_KWSoGx474cp4pHkhFwHq8yUmOGcnm4A2V-k0VYLw.jpg 1000w, https:\/\/gfx.nrk.no\/jiK_KWSoGx474cp4pHkhFwcbSuWpXWBK-4A2V-k0VYLw.jpg 1200w, https:\/\/gfx.nrk.no\/jiK_KWSoGx474cp4pHkhFwbbZE-Yj-AkO4A2V-k0VYLw.jpg 1600w, https:\/\/gfx.nrk.no\/jiK_KWSoGx474cp4pHkhFwYjtdbEISJkS4A2V-k0VYLw.jpg 2000w\" src=\"data:image\/gif;base64,R0lGODlhAQABAIAAAAAAAP\/\/\/yH5BAEAAAAALAAAAAABAAEAAAIBRAA7\" loading=\"eager\" alt=\"Mette Svanes\" title=\"Foto: Bergen kirkelige fellesr\u00e5d\"\/><\/div><figcaption>\n<p class=\"\">Mette Svanes er kyrkjeverje i Bergen.<\/p>\n<p><small>Foto: Bergen kirkelige fellesr\u00e5d<\/small><br \/>\n<\/figcaption><\/figure>\n<p><!-- END: \/templates\/image\/image-rich.jsp -->\n<\/div>\n<ul>\n<li><strong>I Innlandet er Gj\u00f8vik st\u00f8rste krematorium med 1350 kremasjonar i 2025. Det er ogs\u00e5 eit mindre krematorium i Kongsvinger.<\/strong><\/li>\n<\/ul>\n<p>\u2013 Me greier ikkje \u00e5 dekka kremasjonsbehovet i fylket v\u00e5rt og sender mange kister til Oslo og andre plassar. Me m\u00e5 seia nei til ein del kommunar i Innlandet fordi me ikkje har kapasitet, seier kyrkjeverje Line Langseth Bakkum i Gj\u00f8vik.<\/p>\n<p>Ho fortel at det er planar om \u00e5 bygga ein kremasjonsomn til p\u00e5 Gj\u00f8vik, noko som vil auka kapasiteten.<\/p>\n<p>\u2013 Der er det inga akutt krise. Men n\u00e5r kremasjonstala aukar raskt, n\u00e6rmar krisa seg raskare. Me n\u00e5r kapasitetstaket rundt \u00e5r 2040, dersom prognosane st\u00e5r ved lag, seier direkt\u00f8r for gravferdsetaten i Oslo kommune, Magne Hustavenes.<\/p>\n<p>\u2013 Dersom me berre bryr oss om Oslo, klarer me oss ganske lenge. Men v\u00e5r utfordring er at kommunane rundt oss tar v\u00e5r kapasitet for gitt. Det er billegare \u00e5 senda kistene til oss enn \u00e5 bygga krematorium sj\u00f8lv, seier Hustavenes.<\/p>\n<div id=\"1.17833273.fe7a8201\" class=\"g100 col fc s10 sl12 sl18 sg6 sg9 image-reference image-reference--F11\"><!-- include: \/serum\/render?id=1.17833273&size=10&perspective=RICH&alignment=CENTER&caption=Magne+Hustavenes+er+direkt%C3%B8r+for+gravplassetaten+i+Oslo+kommune.&type=image&aspect=F11&parentSize=10 --><!-- START: \/templates\/image\/image-rich.jsp --><\/p>\n<figure class=\"image widget rich\">\n<div class=\"responsive-img F11\"><img decoding=\"async\" sizes=\"(min-width:1180px) 639px, (min-width:720px) 56vw, 100vw\" srcset=\"https:\/\/gfx.nrk.no\/Ifk_twAbdV-5ysEl45D2Vg7aYSnssBVxdjEc931x-3xg.png 80w, https:\/\/gfx.nrk.no\/Ifk_twAbdV-5ysEl45D2VgMvaECtojfh9jEc931x-3xg.png 160w, https:\/\/gfx.nrk.no\/Ifk_twAbdV-5ysEl45D2VgpV-b5G2x-dhjEc931x-3xg.png 350w, https:\/\/gfx.nrk.no\/Ifk_twAbdV-5ysEl45D2VggD6IaNlLNNhjEc931x-3xg.png 450w, https:\/\/gfx.nrk.no\/Ifk_twAbdV-5ysEl45D2VgqNXtFGVZyPtjEc931x-3xg.png 650w, https:\/\/gfx.nrk.no\/Ifk_twAbdV-5ysEl45D2VgYGJ2Z3A9okVjEc931x-3xg.png 1000w, https:\/\/gfx.nrk.no\/Ifk_twAbdV-5ysEl45D2VgIT8SCXxK2F9jEc931x-3xg.png 1200w, https:\/\/gfx.nrk.no\/Ifk_twAbdV-5ysEl45D2VgX5ITDwNX6kZjEc931x-3xg.png 1600w, https:\/\/gfx.nrk.no\/Ifk_twAbdV-5ysEl45D2VglklA4m9N_ItjEc931x-3xg.png 2000w\" src=\"data:image\/gif;base64,R0lGODlhAQABAIAAAAAAAP\/\/\/yH5BAEAAAAALAAAAAABAAEAAAIBRAA7\" loading=\"eager\" alt=\"mann p\u00e5 kirkeg\u00e5rd\" title=\"Foto: Camilla Storvollen\/Oslo kommune \/ Camilla Storvollen\"\/><\/div><figcaption>\n<p class=\"\">Magne Hustavenes er direkt\u00f8r for gravplassetaten i Oslo kommune.<\/p>\n<p><small>Foto: Camilla Storvollen\/Oslo kommune \/ Camilla Storvollen<\/small><br \/>\n<\/figcaption><\/figure>\n<p><!-- END: \/templates\/image\/image-rich.jsp -->\n<\/div>\n<h2>Private f\u00e5r avslag<\/h2>\n<p><strong>Ein gjennomgang av kremasjonskapasiteten viser ein \u00abganske alvorleg situasjon\u00bb for fleire fylke<\/strong>, konkluderte ein rapport fr\u00e5 Hovudorganisasjonen KA i 2024.<\/p>\n<p>Det er den siste nasjonale oversikta som er laga.<\/p>\n<p>\u00abVestland, Innlandet, \u00d8stfold og Buskerud st\u00e5r allerede i dag uten tilstrekkelig kapasitet til \u00e5 h\u00e5ndtere n\u00e5v\u00e6rende ettersp\u00f8rsel p\u00e5 en tilstrekkelig robust m\u00e5te\u00bb, st\u00e5r det i rapporten.<\/p>\n<p>Rapporten p\u00e5peikar ogs\u00e5:<\/p>\n<ul>\n<li><strong>SSB ventar ein auke i d\u00f8dsfall nasjonalt p\u00e5 37 prosent, fr\u00e5 om lag 44.000 i 2023 til over 60.000 i 2050.<\/strong><\/li>\n<li><strong>Kremasjonsdelen vil auka til om lag 75 prosent innan 2050.<\/strong><\/li>\n<li><strong>Dette vil krevja kapasitet til om lag 45.000-50.000 kremasjonar \u00e5rleg, medan dagens kapasitet er i underkant av 30.000.<\/strong><\/li>\n<li><strong>Eit nasjonalt investeringsbehov er kostnadsvekta til over 1,4 milliardar kroner fram mot 2050.<\/strong><\/li>\n<\/ul>\n<p><!-- \/\/ Reference Autonomous --><\/p>\n<p>I dag har Den norske kyrkja og fellesr\u00e5da i nesten alle kommunar ansvaret for gravplassar og krematorium.<\/p>\n<p><strong>Sidan august 2024 har fire private akt\u00f8rar s\u00f8kt om \u00e5 starta ti krematorium i ni kommunar.<\/strong><\/p>\n<p>Det viser ein oversikt NRK har f\u00e5tt av Barne- og familiedepartementet (BFD).<\/p>\n<p><em>Sj\u00e5 oversikt under.<\/em><\/p>\n<p><strong>Men alle s\u00f8knadane har blitt avsl\u00e5tt.<\/strong><\/p>\n<p>Grunn: Private, kommersielle akt\u00f8rar fell utanfor l\u00f8yvingsordninga i gravplasslova, if\u00f8lge departementet (les svar lenger nede i artikkelen).<\/p>\n<div id=\"1.17838729.ff4c83ba\" class=\"g100 col fc s10 sl12 sl18 sg6 sg9 fact-reference\"><!-- include: \/serum\/render?id=1.17838729&size=10&perspective=BRIEF&alignment=CENTER&variant=minimized&parentSize=10 --><\/p>\n<aside class=\" fact widget brief skin-background-50 darkmode-skin-background-900 skin-text-950 skin-anchor-child-700 skin-anchor-child-800--hover darkmode-skin-text-50 darkmode-skin-anchor-child-200 darkmode-skin-anchor-child-300--hover \" role=\"complementary\" data-id=\"1.17838729\" id=\"fact-1-17838729\" aria-labelledby=\"fact-1-17838729_title\" data-ec-id=\"pp:article:1.17838729\" data-ec-name=\"S\u00f8knadar\u00a0om private, kommersielle krematorium\u00a02024\/2025:\" data-ec-category=\"fact-minimized\">\n<h3 class=\"fact__title title\" id=\"fact-1-17838729_title\">S\u00f8knadar\u00a0om private, kommersielle krematorium\u00a02024\/2025:<\/h3>\n<p><button class=\"fact__expand\" data-k5a-pos=\"faktaboks\" data-factid=\"fact-1-17838729\"><\/p>\n<p><\/button><\/p>\n<div class=\"fact__body text-body skin-text-950 skin-anchor-child-700 skin-anchor-child-800--hover darkmode-skin-text-50 darkmode-skin-anchor-child-200 darkmode-skin-anchor-child-300--hover \" aria-hidden=\"true\">\n<ul>\n<li><strong>Stange kommune i Innlandet:<\/strong> Sjond AS s\u00f8kte i august 2024.<\/li>\n<li>\n<p><strong>Malvik kommune i Tr\u00f8ndelag:<\/strong> Sjond AS s\u00f8kte i februar 2025.<\/p>\n<\/li>\n<li>\n<p><strong>Ringsaker kommune i Innlandet:<\/strong> Eterma AS s\u00f8kte i februar 2025.<\/p>\n<\/li>\n<li>\n<p><strong>R\u00e5de kommune i \u00d8stfold: <\/strong>Sjond AS s\u00f8kte i mars 2025.<\/p>\n<\/li>\n<li>\n<p><strong>Ringsaker kommune i Innlandet: <\/strong>Ecograve AS s\u00f8kte i april 2025.<\/p>\n<\/li>\n<li>\n<p><strong>Bj\u00f8rnafjorden kommune i Vestland:<\/strong> Sjond AS s\u00f8kte i mai 2025.<\/p>\n<\/li>\n<li>\n<p><strong>Ullensaker kommune i Akershus:<\/strong> Ecograve AS s\u00f8kte i mai 2025.<\/p>\n<\/li>\n<li>\n<p><strong>Fredrikstad kommune i \u00d8stfold:<\/strong> Ecograve AS s\u00f8kte i mai 2025.<\/p>\n<\/li>\n<li>\n<p><strong>Stj\u00f8rdal kommune i Tr\u00f8ndelag:<\/strong> Ecograve AS s\u00f8kte i juni 2025.<\/p>\n<\/li>\n<li>\n<p><strong>Klepp kommune i Rogaland: <\/strong>Dinsa AS s\u00f8kte i juli 2025.<\/p>\n<\/li>\n<\/ul>\n<p><em>Kjelde: Barne- og familiedepartementet.<\/em><\/p>\n<\/div>\n<\/aside>\n<\/div>\n<h2>Dobbel sorg<\/h2>\n<p>I Klepp i Rogaland \u00f8nsker Ordin Rosland og selskapet Dinsa AS \u00e5 bygge eit privat, livssynsope krematorium til mellom 30 og 40 millionar kroner.<\/p>\n<p>Alt p\u00e5 ein milj\u00f8vennlege m\u00e5te med elektriske omnar.<\/p>\n<p>Men det hjelpte ikkje \u00e5 klaga p\u00e5 vedtaket. Staten seier nei.<\/p>\n<p><strong>\u2013 Eg ser ikkje grunnen til at kremering berre skal vera ei offentleg oppg\u00e5ve. Private akt\u00f8rar kan levera same tenesta, men med mykje kortare responstid til \u00e5 etablera, utvida eller endra behov, meiner Rosland.<\/strong><\/p>\n<div id=\"1.17827804.3209d558\" class=\"g100 col fc s10 sl12 sl18 sg6 sg9 image-reference image-reference--F169\"><!-- include: \/serum\/render?id=1.17827804&size=10&perspective=RICH&alignment=CENTER&caption=Ordin+Rosland+og+selskapet+Dinsa+AS+%C3%B8nsker+%C3%A5+bygga+eit+privat+krematorium.&type=image&aspect=F169&parentSize=10 --><!-- START: \/templates\/image\/image-rich.jsp --><\/p>\n<figure class=\"image widget rich\">\n<div class=\"responsive-img F169\"><img decoding=\"async\" sizes=\"(min-width:1180px) 639px, (min-width:720px) 56vw, 100vw\" srcset=\"https:\/\/gfx.nrk.no\/HWFkpBYmYoiRi_izSwEVYwN10AZOJ-S2958shsF0BxJg.jpg 80w, https:\/\/gfx.nrk.no\/HWFkpBYmYoiRi_izSwEVYwKRIlVKIIbuB58shsF0BxJg.jpg 160w, https:\/\/gfx.nrk.no\/HWFkpBYmYoiRi_izSwEVYwkRBolkFPeEd58shsF0BxJg.jpg 350w, https:\/\/gfx.nrk.no\/HWFkpBYmYoiRi_izSwEVYwDqg5Om7E-2d58shsF0BxJg.jpg 450w, https:\/\/gfx.nrk.no\/HWFkpBYmYoiRi_izSwEVYwe42AROrwqXF58shsF0BxJg.jpg 650w, https:\/\/gfx.nrk.no\/HWFkpBYmYoiRi_izSwEVYwLH6prvv7kPx58shsF0BxJg.jpg 1000w, https:\/\/gfx.nrk.no\/HWFkpBYmYoiRi_izSwEVYwMKFXXcfWudp58shsF0BxJg.jpg 1200w, https:\/\/gfx.nrk.no\/HWFkpBYmYoiRi_izSwEVYwkJDBnxwkK-p58shsF0BxJg.jpg 1600w, https:\/\/gfx.nrk.no\/HWFkpBYmYoiRi_izSwEVYwTMXYjxMPwZV58shsF0BxJg.jpg 2000w\" src=\"data:image\/gif;base64,R0lGODlhAQABAIAAAAAAAP\/\/\/yH5BAEAAAAALAAAAAABAAEAAAIBRAA7\" loading=\"eager\" alt=\"Ordin Rosland\" title=\"Foto: Magnus Stokka \/ NRK\"\/><\/div><figcaption>\n<p class=\"\">Ordin Rosland og selskapet Dinsa AS \u00f8nsker \u00e5 bygga eit privat krematorium.<\/p>\n<p><small>Foto: Magnus Stokka \/ NRK<\/small><br \/>\n<\/figcaption><\/figure>\n<p><!-- END: \/templates\/image\/image-rich.jsp -->\n<\/div>\n<p>Rogaland har i dag berre eitt krematorium og det ligg i Stavanger. Med eit nytt privat, vil kapasiteten tredobla seg, if\u00f8lge Rosland.<\/p>\n<p>\u2013 P\u00e5 den m\u00e5ten kan ogs\u00e5 det offentlege sleppa \u00e5 bruka pengar dei ikkje har.<\/p>\n<p><strong>Hovudgrunnen til Rosland sitt engasjement er at han synest det er uverdig at familiar skal venta i veker og kanskje m\u00e5nader p\u00e5 \u00e5 f\u00e5 urna tilbake fr\u00e5 kremering.<\/strong><\/p>\n<p>Sj\u00f8lv har han opplevd det han kallar ein dobbel sorgprosess i samband med d\u00f8dsfall i familien.<\/p>\n<p>Det f\u00f8rste sorga kom med sj\u00f8lve bisettinga. Den andre kom seks til \u00e5tte veker seinare i samband med urnenedlegginga.<\/p>\n<p>\u2013 Det blir d\u00e5 ein ny sorgprosess i staden for at alt skjer i l\u00f8pet av maks to veker.<\/p>\n<p><!-- \/\/ Reference Autonomous --><\/p>\n<h2>Regjeringa: God nok kapasitet<\/h2>\n<p>Men staten seier alts\u00e5 nei til private krematorium.<\/p>\n<p>\u2013 Dagens regelverk opnar ikkje for private krematorium. Derfor har dei ogs\u00e5 f\u00e5tt avslag p\u00e5 s\u00f8knadane sine, seier statssekret\u00e6r i Barne- og familiedepartementet, Helge Fl\u00f8 Kvams\u00e5s (Ap).<\/p>\n<p>\u2013 N\u00e5 er me opptatt av \u00e5 utvikla regelverket og organisera feltet p\u00e5 ein best mogleg m\u00e5te som bidrar til gravferder p\u00e5 ordna og verdige former, held han fram.<\/p>\n<p>If\u00f8lge departementet er det tilstrekkeleg kapasitet p\u00e5 kremasjon i dag, og alle kister blir kremerte innan fristen.<\/p>\n<p><strong>Regjeringa seier det er opp til kommunane \u00e5 utvida kapasiteten. <\/strong><\/p>\n<div id=\"1.17844363.88ac23cb\" class=\"g100 col fc s10 sl12 sl18 sg6 sg9 image-reference image-reference--F169\"><!-- include: \/serum\/render?id=1.17844363&size=10&perspective=RICH&alignment=CENTER&caption=Tradisjonen+i+Noreg+har+vore+gravlegging+i+kister.+Men+kulturen+er+i+ferd+med+%C3%A5+endra+seg+og+n%C3%A5+vel+fleirtalet+kremasjon.&type=image&aspect=F169&parentSize=10 --><!-- START: \/templates\/image\/image-rich.jsp --><\/p>\n<figure class=\"image widget rich\">\n<div class=\"responsive-img F169\"><img decoding=\"async\" sizes=\"(min-width:1180px) 639px, (min-width:720px) 56vw, 100vw\" srcset=\"https:\/\/gfx.nrk.no\/9of9_zvwe8BO0S6IMc8ydQZlXHL5BpKdlgQeav8sTtSA.jpg 80w, https:\/\/gfx.nrk.no\/9of9_zvwe8BO0S6IMc8ydQvIXZir3AtT1gQeav8sTtSA.jpg 160w, https:\/\/gfx.nrk.no\/9of9_zvwe8BO0S6IMc8ydQyPz39IhhheNgQeav8sTtSA.jpg 350w, https:\/\/gfx.nrk.no\/9of9_zvwe8BO0S6IMc8ydQZa5C4QIxlfVgQeav8sTtSA.jpg 450w, https:\/\/gfx.nrk.no\/9of9_zvwe8BO0S6IMc8ydQh0U9TLTHbGdgQeav8sTtSA.jpg 650w, https:\/\/gfx.nrk.no\/9of9_zvwe8BO0S6IMc8ydQzhtZ4JgpTcpgQeav8sTtSA.jpg 1000w, https:\/\/gfx.nrk.no\/9of9_zvwe8BO0S6IMc8ydQyAmM88wfHhdgQeav8sTtSA.jpg 1200w, https:\/\/gfx.nrk.no\/9of9_zvwe8BO0S6IMc8ydQGytjzy0-yDBgQeav8sTtSA.jpg 1600w, https:\/\/gfx.nrk.no\/9of9_zvwe8BO0S6IMc8ydQCptnFAx9xHdgQeav8sTtSA.jpg 2000w\" src=\"data:image\/gif;base64,R0lGODlhAQABAIAAAAAAAP\/\/\/yH5BAEAAAAALAAAAAABAAEAAAIBRAA7\" loading=\"eager\" alt=\"en kirkeg\u00e5rd med mange gravsteiner (Bildebeskrivelsen er laget av en KI-tjeneste)\" title=\"Foto: Eirik Gjesdal \/ NRK\"\/><\/div><figcaption>\n<p class=\"\">Tradisjonen i Noreg har vore gravlegging i kister. Men kulturen er i ferd med \u00e5 endra seg og n\u00e5 vel fleirtalet kremasjon.<\/p>\n<p><small>Foto: Eirik Gjesdal \/ NRK<\/small><br \/>\n<\/figcaption><\/figure>\n<p><!-- END: \/templates\/image\/image-rich.jsp -->\n<\/div>\n<h2><span>H\u00f8gre positive til private<\/span><\/h2>\n<p><strong>Men H\u00f8gre p\u00e5 si side gir tommel opp til private krematorium.<\/strong><\/p>\n<p>\u2013 Det viktigaste er ein god prosess der dei p\u00e5r\u00f8rande f\u00e5r ei verdig avslutning og f\u00e5r sett eit punktum. Kven som er med og gir tenestene betyr ikkje s\u00e5 mykje, s\u00e5 lenge det blir gjort p\u00e5 ein god m\u00e5te, seier stortingsrepresentant Margret Hagerup.<\/p>\n<div id=\"1.17679889.9d2b4fea\" class=\"g100 col fc s10 sl12 sl18 sg6 sg9 image-reference image-reference--F11\"><!-- include: \/serum\/render?id=1.17679889&size=10&perspective=RICH&alignment=CENTER&caption=Stortingsrepresentant+for+H%C3%B8gre%2C+Margret+Hagerup%2C+seier+ja+til+private+krematorium.&type=image&aspect=F11&parentSize=10 --><!-- START: \/templates\/image\/image-rich.jsp --><\/p>\n<figure class=\"image widget rich\">\n<div class=\"responsive-img F11\"><img decoding=\"async\" sizes=\"(min-width:1180px) 639px, (min-width:720px) 56vw, 100vw\" srcset=\"https:\/\/gfx.nrk.no\/wW7oVJhsNTVhd94AdEP9aQNgoJr7bkBUEcb3zz_Ie0dQ.jpg 80w, https:\/\/gfx.nrk.no\/wW7oVJhsNTVhd94AdEP9aQcbGRQMwuUxEcb3zz_Ie0dQ.jpg 160w, https:\/\/gfx.nrk.no\/wW7oVJhsNTVhd94AdEP9aQjfXK2w7X9WEcb3zz_Ie0dQ.jpg 350w, https:\/\/gfx.nrk.no\/wW7oVJhsNTVhd94AdEP9aQ70I9wk0QJCscb3zz_Ie0dQ.jpg 450w, https:\/\/gfx.nrk.no\/wW7oVJhsNTVhd94AdEP9aQTZrAb00jQ6Ycb3zz_Ie0dQ.jpg 650w, https:\/\/gfx.nrk.no\/wW7oVJhsNTVhd94AdEP9aQvLSlHIpp1U8cb3zz_Ie0dQ.jpg 1000w, https:\/\/gfx.nrk.no\/wW7oVJhsNTVhd94AdEP9aQYRF_Gv5Vv9wcb3zz_Ie0dQ.jpg 1200w, https:\/\/gfx.nrk.no\/wW7oVJhsNTVhd94AdEP9aQ-uGc_RFtBsQcb3zz_Ie0dQ.jpg 1600w, https:\/\/gfx.nrk.no\/wW7oVJhsNTVhd94AdEP9aQ_V8AApRdhEUcb3zz_Ie0dQ.jpg 2000w\" src=\"data:image\/gif;base64,R0lGODlhAQABAIAAAAAAAP\/\/\/yH5BAEAAAAALAAAAAABAAEAAAIBRAA7\" loading=\"eager\" alt=\"Margret Hagerup st\u00e5r utenfor boligen sin p\u00e5 Kvernaland p\u00e5 J\u00e6ren. \" title=\"Foto: Erik Waage \/ NRK\"\/><\/div><figcaption>\n<p class=\"\">Stortingsrepresentant for H\u00f8gre, Margret Hagerup, seier ja til private krematorium.<\/p>\n<p><small>Foto: Erik Waage \/ NRK<\/small><br \/>\n<\/figcaption><\/figure>\n<p><!-- END: \/templates\/image\/image-rich.jsp -->\n<\/div>\n<p>H\u00f8gre-politikaren p\u00e5peikar at det finst private gravferdsbyr\u00e5 i dag.<\/p>\n<p>\u2013 Dei private krematoria m\u00e5 f\u00e5 vera med \u00e5 bidra viss dei vil. Det er ogs\u00e5 fleire kommunar som har sagt at dei \u00f8nsker \u00e5 kj\u00f8pa tenesta fr\u00e5 private fordi dei ikkje har kapasitet sj\u00f8lv.<\/p>\n<p>Men den erfarne kyrkjeverja i Stavanger er skeptisk til privatisering i sin bransje.<\/p>\n<p>\u2013 Me skal ikkje kommersialisere meir innf\u00f8re dette feltet. Eg meiner at det er rett at det offentlege har ansvar for gravferder og gravlegging, seier Rune Skagestad.<\/p>\n<p>Regjeringa jobbar med eit forslag til endringar i regelverket for krematorium. Det skal f\u00f8rst p\u00e5 h\u00f8yring f\u00f8r det blir behandling i Stortinget.<\/p>\n<p>M\u00e5let til regjeringa er \u00e5 ta h\u00f8gde for den kraftige veksten i talet p\u00e5 kremasjonar.<\/p>\n<p><!-- include: \/serum\/render?id=1.16930046&size=18&perspective=RICH&alignment=AUTO --><!-- START: \/templates\/section\/section.jsp --><\/p>\n<p><!-- END: \/templates\/section\/section.jsp -->\n<\/div>\n<p>\n<span class=\"article-publish-date publish-date \"><br \/>\n<span class=\"article-dateline-annotation\">Publisert<\/span><br \/>\n<time class=\"datetime-absolute datePublished\" datetime=\"2026-04-16T17:29:36+02:00\"><br \/>\n16.04.2026, kl. 17.29<br \/>\n<\/time><br \/>\n<\/span>\n<\/p>\n<p><br \/>\n<br \/><a href=\"https:\/\/www.nrk.no\/rogaland\/krematorium-krise-i-noreg-_-samstundes-far-private-initiativ-nei-til-a-starta-opp-1.17827543\">Kildelink <\/a><\/p>\n","protected":false},"excerpt":{"rendered":"<p>\u2013 Det har vore ein kraftig vekst dei siste \u00e5ra. N\u00e5 har me over 30 kremasjonar i veka p\u00e5 det meste, ogs\u00e5 p\u00e5 laurdagar, seier kyrkjeverje Rune Skagestad i Stavanger. Han viser k\u00f8en med kister p\u00e5 Stavanger krematorium. Her har dei opplevd meir enn ei dobling i talet p\u00e5 kremasjonar p\u00e5 13 \u00e5r. Fr\u00e5 500 [&hellip;]<\/p>\n","protected":false},"author":1,"featured_media":5751,"comment_status":"","ping_status":"","sticky":false,"template":"","format":"standard","meta":{"footnotes":""},"categories":[108],"tags":[],"tmauthors":[],"class_list":{"0":"post-5750","1":"post","2":"type-post","3":"status-publish","4":"format-standard","5":"has-post-thumbnail","7":"category-lokalnyheter"},"_links":{"self":[{"href":"https:\/\/radiostavanger.no\/index.php?rest_route=\/wp\/v2\/posts\/5750","targetHints":{"allow":["GET"]}}],"collection":[{"href":"https:\/\/radiostavanger.no\/index.php?rest_route=\/wp\/v2\/posts"}],"about":[{"href":"https:\/\/radiostavanger.no\/index.php?rest_route=\/wp\/v2\/types\/post"}],"author":[{"embeddable":true,"href":"https:\/\/radiostavanger.no\/index.php?rest_route=\/wp\/v2\/users\/1"}],"replies":[{"embeddable":true,"href":"https:\/\/radiostavanger.no\/index.php?rest_route=%2Fwp%2Fv2%2Fcomments&post=5750"}],"version-history":[{"count":0,"href":"https:\/\/radiostavanger.no\/index.php?rest_route=\/wp\/v2\/posts\/5750\/revisions"}],"wp:featuredmedia":[{"embeddable":true,"href":"https:\/\/radiostavanger.no\/index.php?rest_route=\/wp\/v2\/media\/5751"}],"wp:attachment":[{"href":"https:\/\/radiostavanger.no\/index.php?rest_route=%2Fwp%2Fv2%2Fmedia&parent=5750"}],"wp:term":[{"taxonomy":"category","embeddable":true,"href":"https:\/\/radiostavanger.no\/index.php?rest_route=%2Fwp%2Fv2%2Fcategories&post=5750"},{"taxonomy":"post_tag","embeddable":true,"href":"https:\/\/radiostavanger.no\/index.php?rest_route=%2Fwp%2Fv2%2Ftags&post=5750"},{"taxonomy":"tmauthors","embeddable":true,"href":"https:\/\/radiostavanger.no\/index.php?rest_route=%2Fwp%2Fv2%2Ftmauthors&post=5750"}],"curies":[{"name":"wp","href":"https:\/\/api.w.org\/{rel}","templated":true}]}}