{"id":6096,"date":"2026-04-20T05:58:08","date_gmt":"2026-04-20T05:58:08","guid":{"rendered":"https:\/\/radiostavanger.no\/?p=6096"},"modified":"2026-04-20T05:58:08","modified_gmt":"2026-04-20T05:58:08","slug":"israel-ber-libanesere-holde-seg-unna-omrader-i-sor-libanon-radio-stavanger","status":"publish","type":"post","link":"https:\/\/radiostavanger.no\/?p=6096","title":{"rendered":"Israel ber libanesere holde seg unna omr\u00e5der i S\u00f8r-Libanon \u2013 Radio Stavanger"},"content":{"rendered":"<p><br \/>\n<\/p>\n<div id=\"mvp-content-main\">\n<p class=\"radioh-ingress\"><strong>Det israelske milit\u00e6ret ber mandag innbyggere s\u00f8r i Libanon om ikke \u00e5 bevege seg s\u00f8r for flere byer eller n\u00e6rme seg Litani-elva.<\/strong>\n<\/p>\n<p><strong>Iran<\/strong>: De israelske styrkene fortsetter \u00e5 v\u00e6re utplassert i disse omr\u00e5dene p\u00e5 grunn av fortsatt Hizbollah-aktivitet under den n\u00e5v\u00e6rende v\u00e5penhvilen, heter det i meldingen fra IDF.\n<\/p>\n<p>I uttalelsen ber talsperson Avichay Adraee sivile om ikke \u00e5 returnere til flere grenselandsbyer fram til det blir gitt ny beskjed p\u00e5 grunn av \u00absikkerhetsrisiko\u00bb.\n<\/p>\n<h2>\u2013 Handle med all makt<\/h2>\n<p>\nS\u00f8ndag uttalte Israels forsvarsminister Israel Katz at IDF er instruert til \u00e5 bruke all makt mot overhengende trusler i Libanon til tross for v\u00e5penhvilen, og lover \u00e5 jevne hus med jorden.\n<\/p>\n<p>\u2013 Statsminister Benjamin Netanyahu og jeg har instruert IDF til \u00e5 handle med all makt, b\u00e5de p\u00e5 bakken og fra luften, inkludert under v\u00e5penhvilen, for \u00e5 beskytte v\u00e5re soldater i Libanon mot enhver trussel, sa Katz.<\/p>\n<p>Milit\u00e6ret har ogs\u00e5 f\u00e5tt ordre om \u00e5 \u00f8delegge alle konstruksjoner eller veier som har blitt utstyrt med feller, sa Katz.\n<\/p>\n<p>M\u00e5let er \u00e5 fjerne hus i landsbyer n\u00e6r grensen som han sier i enhver henseende fungerer som Iran-st\u00f8ttede Hizbollahs terrorposter og truer israelske samfunn.\n<\/p>\n<h2>V\u00e5penhvile<\/h2>\n<p>\nTorsdag kveld tr\u00e5dte en ti dager lang v\u00e5penhvile mellom Israel og Libanon i kraft. V\u00e5penhvilen tr\u00e5dte i kraft noen dager etter det f\u00f8rste h\u00f8yniv\u00e5m\u00f8tet mellom Libanon og Israel p\u00e5 flere ti\u00e5r. Den satte dermed en pause for en krig som siden 2. mars har tatt livet av nesten 2300 mennesker i Libanon og fordrevet mer enn en million.\n<\/p>\n<p>S\u00f8ndag publiserte IDF et kart som viser den \u00abfremre forsvarslinjen\u00bb de har etablert i Libanon, og et omr\u00e5de i r\u00f8dt som strekker seg langs den libanesiske grensen. Der er styrkene til stede for \u00e5 demontere Hizbollahs terrorinfrastruktur og for \u00e5 forhindre trusler mot Nord-Israel, if\u00f8lge IDF.\n<\/p>\n<p>Mange fordrevne har under v\u00e5penhvilen reist tilbake til hjemmene sine, men mange n\u00f8ler ogs\u00e5 med \u00e5 returnere. AFP har sett flere som har raskt hentet eiendeler i hjemmene sine, f\u00f8r de reiste igjen.<\/p>\n<p>(\u00a9NTB)\n<\/p>\n<\/p><\/div>\n<p><script async defer crossorigin=\"anonymous\" data-lazy=\"w3tc\" data-src=\"https:\/\/connect.facebook.net\/nb_NO\/sdk.js#xfbml=1&#038;version=v18.0\"><\/script><br \/>\n<br \/><br \/>\n<br \/><a href=\"https:\/\/radioh.no\/israel-ber-libanesere-holde-seg-unna-omrader-i-sor-libanon\/\">Kilde <\/a><\/p>\n","protected":false},"excerpt":{"rendered":"<p>Det israelske milit\u00e6ret ber mandag innbyggere s\u00f8r i Libanon om ikke \u00e5 bevege seg s\u00f8r for flere byer eller n\u00e6rme seg Litani-elva. Iran: De israelske styrkene fortsetter \u00e5 v\u00e6re utplassert i disse omr\u00e5dene p\u00e5 grunn av fortsatt Hizbollah-aktivitet under den n\u00e5v\u00e6rende v\u00e5penhvilen, heter det i meldingen fra IDF. I uttalelsen ber talsperson Avichay Adraee sivile [&hellip;]<\/p>\n","protected":false},"author":1,"featured_media":6097,"comment_status":"","ping_status":"","sticky":false,"template":"","format":"standard","meta":{"footnotes":""},"categories":[107],"tags":[],"tmauthors":[],"class_list":{"0":"post-6096","1":"post","2":"type-post","3":"status-publish","4":"format-standard","5":"has-post-thumbnail","7":"category-nyheter"},"_links":{"self":[{"href":"https:\/\/radiostavanger.no\/index.php?rest_route=\/wp\/v2\/posts\/6096","targetHints":{"allow":["GET"]}}],"collection":[{"href":"https:\/\/radiostavanger.no\/index.php?rest_route=\/wp\/v2\/posts"}],"about":[{"href":"https:\/\/radiostavanger.no\/index.php?rest_route=\/wp\/v2\/types\/post"}],"author":[{"embeddable":true,"href":"https:\/\/radiostavanger.no\/index.php?rest_route=\/wp\/v2\/users\/1"}],"replies":[{"embeddable":true,"href":"https:\/\/radiostavanger.no\/index.php?rest_route=%2Fwp%2Fv2%2Fcomments&post=6096"}],"version-history":[{"count":0,"href":"https:\/\/radiostavanger.no\/index.php?rest_route=\/wp\/v2\/posts\/6096\/revisions"}],"wp:featuredmedia":[{"embeddable":true,"href":"https:\/\/radiostavanger.no\/index.php?rest_route=\/wp\/v2\/media\/6097"}],"wp:attachment":[{"href":"https:\/\/radiostavanger.no\/index.php?rest_route=%2Fwp%2Fv2%2Fmedia&parent=6096"}],"wp:term":[{"taxonomy":"category","embeddable":true,"href":"https:\/\/radiostavanger.no\/index.php?rest_route=%2Fwp%2Fv2%2Fcategories&post=6096"},{"taxonomy":"post_tag","embeddable":true,"href":"https:\/\/radiostavanger.no\/index.php?rest_route=%2Fwp%2Fv2%2Ftags&post=6096"},{"taxonomy":"tmauthors","embeddable":true,"href":"https:\/\/radiostavanger.no\/index.php?rest_route=%2Fwp%2Fv2%2Ftmauthors&post=6096"}],"curies":[{"name":"wp","href":"https:\/\/api.w.org\/{rel}","templated":true}]}}