{"id":6104,"date":"2026-04-20T06:19:25","date_gmt":"2026-04-20T06:19:25","guid":{"rendered":"https:\/\/radiostavanger.no\/?p=6104"},"modified":"2026-04-20T06:19:25","modified_gmt":"2026-04-20T06:19:25","slug":"eide-moter-palestinas-statsminister-radio-stavanger","status":"publish","type":"post","link":"https:\/\/radiostavanger.no\/?p=6104","title":{"rendered":"Eide m\u00f8ter Palestinas statsminister \u2013 Radio Stavanger"},"content":{"rendered":"<p><br \/>\n<\/p>\n<div id=\"mvp-content-main\">\n<p class=\"radioh-ingress\"><strong>Utenriksminister Espen Barth Eide (Ap) m\u00f8ter mandag Palestinas statsminister Mohammad Mustafa i Brussel.<\/strong>\n<\/p>\n<p><strong>Innenriks<\/strong>: I forbindelse med m\u00f8tet opplyser Eide i en pressemelding at den norske regjeringen har fordelt 100 millioner kroner i budsjettst\u00f8tte til Palestina.\n<\/p>\n<p>\u2013 Den \u00f8konomiske situasjonen i Palestina er s\u00e5 prek\u00e6r at sykehus, skoler og andre offentlige tjenester st\u00e5r i fare for \u00e5 kollapse. Vi m\u00e5 gj\u00f8re det vi kan for \u00e5 unng\u00e5 en slik kollaps, sier han.\n<\/p>\n<p>I Brussel vil Eide lede et m\u00f8te i Giverlandsgruppen for Palestina (AHLC) sammen med EUs utenrikssjef Kaja Kallas. Klokken 15 m\u00f8ter Eide og Kallas pressen sammen med Mustafa.\n<\/p>\n<p>(\u00a9NTB)<\/p>\n<\/p><\/div>\n<p><script async defer crossorigin=\"anonymous\" data-lazy=\"w3tc\" data-src=\"https:\/\/connect.facebook.net\/nb_NO\/sdk.js#xfbml=1&#038;version=v18.0\"><\/script><br \/>\n<br \/><br \/>\n<br \/><a href=\"https:\/\/radioh.no\/eide-om-midtosten-situasjonen-blir-stadig-mer-dramatisk\/\">Kilde <\/a><\/p>\n","protected":false},"excerpt":{"rendered":"<p>Utenriksminister Espen Barth Eide (Ap) m\u00f8ter mandag Palestinas statsminister Mohammad Mustafa i Brussel. Innenriks: I forbindelse med m\u00f8tet opplyser Eide i en pressemelding at den norske regjeringen har fordelt 100 millioner kroner i budsjettst\u00f8tte til Palestina. \u2013 Den \u00f8konomiske situasjonen i Palestina er s\u00e5 prek\u00e6r at sykehus, skoler og andre offentlige tjenester st\u00e5r i fare [&hellip;]<\/p>\n","protected":false},"author":1,"featured_media":6105,"comment_status":"","ping_status":"","sticky":false,"template":"","format":"standard","meta":{"footnotes":""},"categories":[107],"tags":[],"tmauthors":[],"class_list":{"0":"post-6104","1":"post","2":"type-post","3":"status-publish","4":"format-standard","5":"has-post-thumbnail","7":"category-nyheter"},"_links":{"self":[{"href":"https:\/\/radiostavanger.no\/index.php?rest_route=\/wp\/v2\/posts\/6104","targetHints":{"allow":["GET"]}}],"collection":[{"href":"https:\/\/radiostavanger.no\/index.php?rest_route=\/wp\/v2\/posts"}],"about":[{"href":"https:\/\/radiostavanger.no\/index.php?rest_route=\/wp\/v2\/types\/post"}],"author":[{"embeddable":true,"href":"https:\/\/radiostavanger.no\/index.php?rest_route=\/wp\/v2\/users\/1"}],"replies":[{"embeddable":true,"href":"https:\/\/radiostavanger.no\/index.php?rest_route=%2Fwp%2Fv2%2Fcomments&post=6104"}],"version-history":[{"count":0,"href":"https:\/\/radiostavanger.no\/index.php?rest_route=\/wp\/v2\/posts\/6104\/revisions"}],"wp:featuredmedia":[{"embeddable":true,"href":"https:\/\/radiostavanger.no\/index.php?rest_route=\/wp\/v2\/media\/6105"}],"wp:attachment":[{"href":"https:\/\/radiostavanger.no\/index.php?rest_route=%2Fwp%2Fv2%2Fmedia&parent=6104"}],"wp:term":[{"taxonomy":"category","embeddable":true,"href":"https:\/\/radiostavanger.no\/index.php?rest_route=%2Fwp%2Fv2%2Fcategories&post=6104"},{"taxonomy":"post_tag","embeddable":true,"href":"https:\/\/radiostavanger.no\/index.php?rest_route=%2Fwp%2Fv2%2Ftags&post=6104"},{"taxonomy":"tmauthors","embeddable":true,"href":"https:\/\/radiostavanger.no\/index.php?rest_route=%2Fwp%2Fv2%2Ftmauthors&post=6104"}],"curies":[{"name":"wp","href":"https:\/\/api.w.org\/{rel}","templated":true}]}}