{"id":6181,"date":"2026-04-20T14:45:09","date_gmt":"2026-04-20T14:45:09","guid":{"rendered":"https:\/\/radiostavanger.no\/?p=6181"},"modified":"2026-04-20T14:45:09","modified_gmt":"2026-04-20T14:45:09","slug":"helt-ko-ko-radio-stavanger","status":"publish","type":"post","link":"https:\/\/radiostavanger.no\/?p=6181","title":{"rendered":"\u2013 Helt ko-ko \u2013 Radio Stavanger"},"content":{"rendered":"<p><br \/>\n<\/p>\n<div id=\"mvp-content-main\">\n<p class=\"radioh-ingress\"><strong>Kristelig Folkepartis Ungdoms (KrFU) leder Ingrid Olina Hovlad uttalte i helgen at 1. mai b\u00f8r fjernes som fridag. Det f\u00e5r Ap-veteraner til \u00e5 reagere.<\/strong>\n<\/p>\n<p><strong>Innenriks<\/strong>: Hovlad sa til Nettavisen s\u00f8ndag at hun vil fjerne 1. mai som fridag i Norge.\n<\/p>\n<p>1. mai er arbeidernes internasjonale kampdag og har v\u00e6rt en lovfestet offentlig h\u00f8ytidsdag siden 1947.\n<\/p>\n<p>\u2013 Dagen har utspilt sin rolle n\u00e5r de fleste bruker den til hagearbeid p\u00e5 statens regning, sa hun til Nettavisen.\n<\/p>\n<p>Hun mener dagen koster Norge 3 milliarder kroner. Forslaget f\u00e5r ogs\u00e5 st\u00f8tte fra Unge H\u00f8yre og Fremskrittspartiets Ungdom (FpU).<\/p>\n<p>Uttalelsene fra de borgerlige ungdomspartiene f\u00e5r kraftig kritikk fra Ap-veteraner.\n<\/p>\n<p>\u2013 Behovet for \u00e5 ivareta arbeidsfolks rettigheter og plass i samfunnet er like viktig som det alltid har v\u00e6rt, sier Martin Kolberg til FriFagbeveglse og peker p\u00e5 den p\u00e5g\u00e5ende streiken i hotell- og restaurantbransjen som eksempel.\n<\/p>\n<p>Kolberg er tidligere partisekret\u00e6r og stortingspolitiker i Arbeiderpartiet (Ap).\n<\/p>\n<p>Tidligere klima- og milj\u00f8vernminister Thorbj\u00f8rn Berntsen (Ap) reagerer ogs\u00e5 sterkt p\u00e5 KrFU-lederens utspill.\n<\/p>\n<p>\u2013 Det er totalt historiel\u00f8st, helt ko-ko. Da kan du heller ta bort Kristi himmelfartsdag, sier Berntsen.<\/p>\n<p>\u00c5 fjerne dagen som offentlig fridag vil v\u00e6re et frontalangrep p\u00e5 grunnmuren i hele fagbevegelsen og arbeiderbevegelsen, mener han.\n<\/p>\n<p>KrFU-lederen f\u00e5r heller ikke st\u00f8tte fra eget moderparti.\n<\/p>\n<p>\u2013 Offentlige fridager bidrar til \u00e5 ivareta fellesskap og tradisjoner, og sikrer en felles rytme i samfunnet, sier KrFs nestleder Jorunn Lossius.\n<\/p>\n<p>\n(\u00a9NTB)\n<\/p>\n<\/p><\/div>\n<p><script async defer crossorigin=\"anonymous\" data-lazy=\"w3tc\" data-src=\"https:\/\/connect.facebook.net\/nb_NO\/sdk.js#xfbml=1&#038;version=v18.0\"><\/script><br \/>\n<br \/><br \/>\n<br \/><a href=\"https:\/\/radioh.no\/krfu-vil-fjerne-1-mai-som-fridag-helt-ko-ko\/\">Kilde <\/a><\/p>\n","protected":false},"excerpt":{"rendered":"<p>Kristelig Folkepartis Ungdoms (KrFU) leder Ingrid Olina Hovlad uttalte i helgen at 1. mai b\u00f8r fjernes som fridag. Det f\u00e5r Ap-veteraner til \u00e5 reagere. Innenriks: Hovlad sa til Nettavisen s\u00f8ndag at hun vil fjerne 1. mai som fridag i Norge. 1. mai er arbeidernes internasjonale kampdag og har v\u00e6rt en lovfestet offentlig h\u00f8ytidsdag siden 1947. [&hellip;]<\/p>\n","protected":false},"author":1,"featured_media":6182,"comment_status":"","ping_status":"","sticky":false,"template":"","format":"standard","meta":{"footnotes":""},"categories":[107],"tags":[],"tmauthors":[],"class_list":{"0":"post-6181","1":"post","2":"type-post","3":"status-publish","4":"format-standard","5":"has-post-thumbnail","7":"category-nyheter"},"_links":{"self":[{"href":"https:\/\/radiostavanger.no\/index.php?rest_route=\/wp\/v2\/posts\/6181","targetHints":{"allow":["GET"]}}],"collection":[{"href":"https:\/\/radiostavanger.no\/index.php?rest_route=\/wp\/v2\/posts"}],"about":[{"href":"https:\/\/radiostavanger.no\/index.php?rest_route=\/wp\/v2\/types\/post"}],"author":[{"embeddable":true,"href":"https:\/\/radiostavanger.no\/index.php?rest_route=\/wp\/v2\/users\/1"}],"replies":[{"embeddable":true,"href":"https:\/\/radiostavanger.no\/index.php?rest_route=%2Fwp%2Fv2%2Fcomments&post=6181"}],"version-history":[{"count":0,"href":"https:\/\/radiostavanger.no\/index.php?rest_route=\/wp\/v2\/posts\/6181\/revisions"}],"wp:featuredmedia":[{"embeddable":true,"href":"https:\/\/radiostavanger.no\/index.php?rest_route=\/wp\/v2\/media\/6182"}],"wp:attachment":[{"href":"https:\/\/radiostavanger.no\/index.php?rest_route=%2Fwp%2Fv2%2Fmedia&parent=6181"}],"wp:term":[{"taxonomy":"category","embeddable":true,"href":"https:\/\/radiostavanger.no\/index.php?rest_route=%2Fwp%2Fv2%2Fcategories&post=6181"},{"taxonomy":"post_tag","embeddable":true,"href":"https:\/\/radiostavanger.no\/index.php?rest_route=%2Fwp%2Fv2%2Ftags&post=6181"},{"taxonomy":"tmauthors","embeddable":true,"href":"https:\/\/radiostavanger.no\/index.php?rest_route=%2Fwp%2Fv2%2Ftmauthors&post=6181"}],"curies":[{"name":"wp","href":"https:\/\/api.w.org\/{rel}","templated":true}]}}