{"id":6229,"date":"2026-04-21T01:25:54","date_gmt":"2026-04-21T01:25:54","guid":{"rendered":"https:\/\/radiostavanger.no\/?p=6229"},"modified":"2026-04-21T01:25:54","modified_gmt":"2026-04-21T01:25:54","slug":"unge-venstre-vil-fjerne-kommunalt-vindkraft-veto-radio-stavanger","status":"publish","type":"post","link":"https:\/\/radiostavanger.no\/?p=6229","title":{"rendered":"Unge Venstre vil fjerne kommunalt vindkraft-veto \u2013 Radio Stavanger"},"content":{"rendered":"<p><br \/>\n<\/p>\n<div id=\"mvp-content-main\">\n<p class=\"radioh-ingress\"><strong>Unge Venstre-leder Omar Svendsen-Yagci vil fjerne vetoretten som norske kommuner i praksis har mot vindkraft, men f\u00e5r ingen st\u00f8tte fra moderpartiet.<\/strong>\n<\/p>\n<p><strong>Innenriks<\/strong>: If\u00f8lge Klassekampen mener Svendsen-Yagci at veto-innf\u00f8ringen var blant de st\u00f8rste feilene under den borgerlige regjeringen.\n<\/p>\n<p>\u2013 Vetoretten er et svik for b\u00e5de min og kommende generasjoner. Vi har gitt ansvaret til lokalpolitikere, og vi ser at lokalpolitikerne ikke er best egnet til \u00e5 forvalte det ansvaret, sier ungdomspartilederen.\n<\/p>\n<p>Han mener mer fornybar energi er avgj\u00f8rende for \u00e5 l\u00f8se Norges st\u00f8rste utfordringer og viser til at de fleste nye vindkraftprosjekter har stoppet opp etter at kommunene fikk vetorett.\n<\/p>\n<p>\u2013 Norge risikerer \u00e5 f\u00e5 industrid\u00f8d om vi ikke bygger mer kraft. Kraften m\u00e5 v\u00e6re b\u00e5de gr\u00f8nn og rimelig, og der sjekker landvind av, sier han.<\/p>\n<p>Venstres Grunde Almeland, som sitter i energi- og milj\u00f8komiteen p\u00e5 Stortinget, mener det er bedre \u00e5 gi \u00f8konomiske gulr\u00f8tter til kommunene som vil bygge ut.\n<\/p>\n<p>Norske kommuner fikk i praksis vetorett mot landbasert vindkraft fra 1. juli 2023, da endringer i plan- og bygningsloven og energiloven tr\u00e5dte i kraft. Det kan ikke lenger gis konsesjon til vindkraftanlegg p\u00e5 land uten at kommunen f\u00f8rst har vedtatt en omr\u00e5deregulering \u2013 noe som gir kommunene en avgj\u00f8rende rolle i om vindkraft skal bygges ut i deres omr\u00e5de.\n<\/p>\n<p>(\u00a9NTB)\n<\/p>\n<\/p><\/div>\n<p><script async defer crossorigin=\"anonymous\" data-lazy=\"w3tc\" data-src=\"https:\/\/connect.facebook.net\/nb_NO\/sdk.js#xfbml=1&#038;version=v18.0\"><\/script><br \/>\n<br \/><br \/>\n<br \/><a href=\"https:\/\/radioh.no\/unge-venstre-vil-fjerne-kommunalt-vindkraft-veto\/\">Kilde <\/a><\/p>\n","protected":false},"excerpt":{"rendered":"<p>Unge Venstre-leder Omar Svendsen-Yagci vil fjerne vetoretten som norske kommuner i praksis har mot vindkraft, men f\u00e5r ingen st\u00f8tte fra moderpartiet. Innenriks: If\u00f8lge Klassekampen mener Svendsen-Yagci at veto-innf\u00f8ringen var blant de st\u00f8rste feilene under den borgerlige regjeringen. \u2013 Vetoretten er et svik for b\u00e5de min og kommende generasjoner. Vi har gitt ansvaret til lokalpolitikere, og [&hellip;]<\/p>\n","protected":false},"author":1,"featured_media":6230,"comment_status":"","ping_status":"","sticky":false,"template":"","format":"standard","meta":{"footnotes":""},"categories":[107],"tags":[],"tmauthors":[],"class_list":{"0":"post-6229","1":"post","2":"type-post","3":"status-publish","4":"format-standard","5":"has-post-thumbnail","7":"category-nyheter"},"_links":{"self":[{"href":"https:\/\/radiostavanger.no\/index.php?rest_route=\/wp\/v2\/posts\/6229","targetHints":{"allow":["GET"]}}],"collection":[{"href":"https:\/\/radiostavanger.no\/index.php?rest_route=\/wp\/v2\/posts"}],"about":[{"href":"https:\/\/radiostavanger.no\/index.php?rest_route=\/wp\/v2\/types\/post"}],"author":[{"embeddable":true,"href":"https:\/\/radiostavanger.no\/index.php?rest_route=\/wp\/v2\/users\/1"}],"replies":[{"embeddable":true,"href":"https:\/\/radiostavanger.no\/index.php?rest_route=%2Fwp%2Fv2%2Fcomments&post=6229"}],"version-history":[{"count":0,"href":"https:\/\/radiostavanger.no\/index.php?rest_route=\/wp\/v2\/posts\/6229\/revisions"}],"wp:featuredmedia":[{"embeddable":true,"href":"https:\/\/radiostavanger.no\/index.php?rest_route=\/wp\/v2\/media\/6230"}],"wp:attachment":[{"href":"https:\/\/radiostavanger.no\/index.php?rest_route=%2Fwp%2Fv2%2Fmedia&parent=6229"}],"wp:term":[{"taxonomy":"category","embeddable":true,"href":"https:\/\/radiostavanger.no\/index.php?rest_route=%2Fwp%2Fv2%2Fcategories&post=6229"},{"taxonomy":"post_tag","embeddable":true,"href":"https:\/\/radiostavanger.no\/index.php?rest_route=%2Fwp%2Fv2%2Ftags&post=6229"},{"taxonomy":"tmauthors","embeddable":true,"href":"https:\/\/radiostavanger.no\/index.php?rest_route=%2Fwp%2Fv2%2Ftmauthors&post=6229"}],"curies":[{"name":"wp","href":"https:\/\/api.w.org\/{rel}","templated":true}]}}