{"id":6239,"date":"2026-04-21T05:53:32","date_gmt":"2026-04-21T05:53:32","guid":{"rendered":"https:\/\/radiostavanger.no\/?p=6239"},"modified":"2026-04-21T05:53:32","modified_gmt":"2026-04-21T05:53:32","slug":"hoyre-vil-erstatte-billigere-bensin-med-skattekutt-radio-stavanger","status":"publish","type":"post","link":"https:\/\/radiostavanger.no\/?p=6239","title":{"rendered":"H\u00f8yre vil erstatte billigere bensin med skattekutt \u2013 Radio Stavanger"},"content":{"rendered":"<p><br \/>\n<\/p>\n<div id=\"mvp-content-main\">\n<p class=\"radioh-ingress\"><strong>H\u00f8yre-leder Ine Eriksen S\u00f8reide vil ikke forlenge avgiftskutt p\u00e5 diesel og bensin til h\u00f8sten. I stedet vil hun ha lavere skatter.<\/strong>\n<\/p>\n<p><strong>Innenriks<\/strong>: Stortinget vedtok f\u00f8r p\u00e5ske midlertidig avgiftskutt for \u00e5 dempe de h\u00f8ye drivstoffprisene. H\u00f8yre-lederen klargj\u00f8r overfor NRK at hun ikke \u00f8nsker \u00e5 forlenge perioden.\n<\/p>\n<p>\u2013 V\u00e5rt klare utgangspunkt er at de varer til 1. september, sier S\u00f8reide.\n<\/p>\n<p>H\u00f8yre har blitt m\u00f8tt med kritikk fordi partiet gikk inn for \u00e5 kutte avgift p\u00e5 drivstoff.\n<\/p>\n<p>I sin f\u00f8rste tale til H\u00f8yres sentralstyre etter at hun overtok som leder, erkjente hun at billigere bensin og diesel ikke var partiets foretrukne metode. <\/p>\n<p>\u2013 For oss er det viktig at vi i det alternative budsjettet v\u00e5rt kan erstatte den type tiltak med skattelette, sier hun.\n<\/p>\n<p>H\u00f8yre sikret flertall p\u00e5 Stortinget sammen Frp og KrF, samt Senterpartiet. Sistnevnte br\u00f8t med de andre r\u00f8dgr\u00f8nne partiene og overkj\u00f8rte regjeringen.\n<\/p>\n<p>Frp stiller seg kritisk til H\u00f8yres linje om allerede n\u00e5 \u00e5 varsle en slutt p\u00e5 avgiftskuttet. Nestleder Hans Andreas Limi understreker at Frp vil kjempe for \u00e5 forlenge innretningen, i f\u00f8rste omgang ut \u00e5ret.\n<\/p>\n<p>Sp reagerer ogs\u00e5 p\u00e5 S\u00f8reides sluttdato.\n<\/p>\n<p>\u2013 H\u00f8yre lukker \u00f8ynene for hvor t\u00f8ft dette er for norsk anleggsbransje, lastebiln\u00e6ring og de mange som er avhengig av lang transport, hvis man allerede n\u00e5 i praksis utelukker reduserte avgifter etter 1. september, sier Sp-leder Trygve Slagsvold Vedum. <\/p>\n<p>(\u00a9NTB)\n<\/p>\n<\/p><\/div>\n<p><script async defer crossorigin=\"anonymous\" data-lazy=\"w3tc\" data-src=\"https:\/\/connect.facebook.net\/nb_NO\/sdk.js#xfbml=1&#038;version=v18.0\"><\/script><br \/>\n<br \/><br \/>\n<br \/><a href=\"https:\/\/radioh.no\/hoyre-vil-erstatte-billigere-bensin-med-skattekutt\/\">Kilde <\/a><\/p>\n","protected":false},"excerpt":{"rendered":"<p>H\u00f8yre-leder Ine Eriksen S\u00f8reide vil ikke forlenge avgiftskutt p\u00e5 diesel og bensin til h\u00f8sten. I stedet vil hun ha lavere skatter. Innenriks: Stortinget vedtok f\u00f8r p\u00e5ske midlertidig avgiftskutt for \u00e5 dempe de h\u00f8ye drivstoffprisene. H\u00f8yre-lederen klargj\u00f8r overfor NRK at hun ikke \u00f8nsker \u00e5 forlenge perioden. \u2013 V\u00e5rt klare utgangspunkt er at de varer til 1. [&hellip;]<\/p>\n","protected":false},"author":1,"featured_media":6240,"comment_status":"","ping_status":"","sticky":false,"template":"","format":"standard","meta":{"footnotes":""},"categories":[107],"tags":[],"tmauthors":[],"class_list":{"0":"post-6239","1":"post","2":"type-post","3":"status-publish","4":"format-standard","5":"has-post-thumbnail","7":"category-nyheter"},"_links":{"self":[{"href":"https:\/\/radiostavanger.no\/index.php?rest_route=\/wp\/v2\/posts\/6239","targetHints":{"allow":["GET"]}}],"collection":[{"href":"https:\/\/radiostavanger.no\/index.php?rest_route=\/wp\/v2\/posts"}],"about":[{"href":"https:\/\/radiostavanger.no\/index.php?rest_route=\/wp\/v2\/types\/post"}],"author":[{"embeddable":true,"href":"https:\/\/radiostavanger.no\/index.php?rest_route=\/wp\/v2\/users\/1"}],"replies":[{"embeddable":true,"href":"https:\/\/radiostavanger.no\/index.php?rest_route=%2Fwp%2Fv2%2Fcomments&post=6239"}],"version-history":[{"count":0,"href":"https:\/\/radiostavanger.no\/index.php?rest_route=\/wp\/v2\/posts\/6239\/revisions"}],"wp:featuredmedia":[{"embeddable":true,"href":"https:\/\/radiostavanger.no\/index.php?rest_route=\/wp\/v2\/media\/6240"}],"wp:attachment":[{"href":"https:\/\/radiostavanger.no\/index.php?rest_route=%2Fwp%2Fv2%2Fmedia&parent=6239"}],"wp:term":[{"taxonomy":"category","embeddable":true,"href":"https:\/\/radiostavanger.no\/index.php?rest_route=%2Fwp%2Fv2%2Fcategories&post=6239"},{"taxonomy":"post_tag","embeddable":true,"href":"https:\/\/radiostavanger.no\/index.php?rest_route=%2Fwp%2Fv2%2Ftags&post=6239"},{"taxonomy":"tmauthors","embeddable":true,"href":"https:\/\/radiostavanger.no\/index.php?rest_route=%2Fwp%2Fv2%2Ftmauthors&post=6239"}],"curies":[{"name":"wp","href":"https:\/\/api.w.org\/{rel}","templated":true}]}}