{"id":6376,"date":"2026-04-22T02:32:45","date_gmt":"2026-04-22T02:32:45","guid":{"rendered":"https:\/\/radiostavanger.no\/?p=6376"},"modified":"2026-04-22T02:32:45","modified_gmt":"2026-04-22T02:32:45","slug":"magyar-tas-i-ed-i-ungarn-9-mai-radio-stavanger","status":"publish","type":"post","link":"https:\/\/radiostavanger.no\/?p=6376","title":{"rendered":"Magyar tas i ed i Ungarn 9. mai \u2013 Radio Stavanger"},"content":{"rendered":"<p><br \/>\n<\/p>\n<div id=\"mvp-content-main\">\n<p class=\"radioh-ingress\"><strong>Ungarns p\u00e5troppende statsminister P\u00e9ter Magyar blir tatt i ed 9. mai, opplyser president Tamas Sulyok.<\/strong>\n<\/p>\n<p><strong>Utenriks<\/strong>: Sulyok uttaler at den nyvalgte nasjonalforsamlingen trer sammen 9. mai, og at Magyar da blir tatt i ed som landets nye statsminister.\n<\/p>\n<p>Magyars parti Tisza fikk 52 prosent av stemmene i forrige helgs parlamentsvalg. Dermed er statsminister Viktor Orbans 16 \u00e5r ved makten over.\n<\/p>\n<p>Sulyok ble valgt som president av nasjonalforsamlingen i 2024 med st\u00f8tte fra Orbans parti Fidesz. Magyar har sagt at han ikke ser p\u00e5 Sulyok som rettmessig president og har bedt Sylyok g\u00e5 av n\u00e5r den nye regjeringen er p\u00e5 plass. Hvis det ikke skjer, blir grunnloven endret slik at Sulyok kan fjernes, har Magyar sagt.\n<\/p>\n<p>(\u00a9NTB)<\/p>\n<\/p><\/div>\n<p><script async defer crossorigin=\"anonymous\" data-lazy=\"w3tc\" data-src=\"https:\/\/connect.facebook.net\/nb_NO\/sdk.js#xfbml=1&#038;version=v18.0\"><\/script><br \/>\n<br \/><br \/>\n<br \/><a href=\"https:\/\/radioh.no\/magyar-tas-i-ed-i-ungarn-9-mai\/\">Kilde <\/a><\/p>\n","protected":false},"excerpt":{"rendered":"<p>Ungarns p\u00e5troppende statsminister P\u00e9ter Magyar blir tatt i ed 9. mai, opplyser president Tamas Sulyok. Utenriks: Sulyok uttaler at den nyvalgte nasjonalforsamlingen trer sammen 9. mai, og at Magyar da blir tatt i ed som landets nye statsminister. Magyars parti Tisza fikk 52 prosent av stemmene i forrige helgs parlamentsvalg. Dermed er statsminister Viktor Orbans [&hellip;]<\/p>\n","protected":false},"author":1,"featured_media":6377,"comment_status":"","ping_status":"","sticky":false,"template":"","format":"standard","meta":{"footnotes":""},"categories":[107],"tags":[],"tmauthors":[],"class_list":{"0":"post-6376","1":"post","2":"type-post","3":"status-publish","4":"format-standard","5":"has-post-thumbnail","7":"category-nyheter"},"_links":{"self":[{"href":"https:\/\/radiostavanger.no\/index.php?rest_route=\/wp\/v2\/posts\/6376","targetHints":{"allow":["GET"]}}],"collection":[{"href":"https:\/\/radiostavanger.no\/index.php?rest_route=\/wp\/v2\/posts"}],"about":[{"href":"https:\/\/radiostavanger.no\/index.php?rest_route=\/wp\/v2\/types\/post"}],"author":[{"embeddable":true,"href":"https:\/\/radiostavanger.no\/index.php?rest_route=\/wp\/v2\/users\/1"}],"replies":[{"embeddable":true,"href":"https:\/\/radiostavanger.no\/index.php?rest_route=%2Fwp%2Fv2%2Fcomments&post=6376"}],"version-history":[{"count":0,"href":"https:\/\/radiostavanger.no\/index.php?rest_route=\/wp\/v2\/posts\/6376\/revisions"}],"wp:featuredmedia":[{"embeddable":true,"href":"https:\/\/radiostavanger.no\/index.php?rest_route=\/wp\/v2\/media\/6377"}],"wp:attachment":[{"href":"https:\/\/radiostavanger.no\/index.php?rest_route=%2Fwp%2Fv2%2Fmedia&parent=6376"}],"wp:term":[{"taxonomy":"category","embeddable":true,"href":"https:\/\/radiostavanger.no\/index.php?rest_route=%2Fwp%2Fv2%2Fcategories&post=6376"},{"taxonomy":"post_tag","embeddable":true,"href":"https:\/\/radiostavanger.no\/index.php?rest_route=%2Fwp%2Fv2%2Ftags&post=6376"},{"taxonomy":"tmauthors","embeddable":true,"href":"https:\/\/radiostavanger.no\/index.php?rest_route=%2Fwp%2Fv2%2Ftmauthors&post=6376"}],"curies":[{"name":"wp","href":"https:\/\/api.w.org\/{rel}","templated":true}]}}