{"id":6438,"date":"2026-04-27T05:52:56","date_gmt":"2026-04-27T05:52:56","guid":{"rendered":"https:\/\/radiostavanger.no\/?p=6438"},"modified":"2026-04-27T05:52:56","modified_gmt":"2026-04-27T05:52:56","slug":"unge-onsker-seg-tilbake-til-et-analogt-liv-nrk-rogaland-lokale-nyheter-tv-og-radio","status":"publish","type":"post","link":"https:\/\/radiostavanger.no\/?p=6438","title":{"rendered":"Unge \u00f8nsker seg tilbake til et analogt liv \u2013 NRK Rogaland \u2013 Lokale nyheter, TV og radio"},"content":{"rendered":"<p><br \/>\n<\/p>\n<div data-main-content=\"\" data-ec-list=\"article_body\" data-ec-name=\"br\u00f8dtekst\">\n<div id=\"1.17858423.37dd81e3\" class=\"g100 col fc s10 sl12 sl18 sg6 sg9 fact-reference\"><!-- include: \/serum\/render?id=1.17858423&size=10&perspective=BRIEF&alignment=CENTER&variant=minimized&parentSize=10 --><\/p>\n<aside class=\" fact widget brief skin-background-50 darkmode-skin-background-900 skin-text-950 skin-anchor-child-700 skin-anchor-child-800--hover darkmode-skin-text-50 darkmode-skin-anchor-child-200 darkmode-skin-anchor-child-300--hover \" role=\"complementary\" data-id=\"1.17858423\" id=\"fact-1-17858423\" aria-labelledby=\"fact-1-17858423_title\" data-ec-id=\"pp:article:1.17858423\" data-ec-name=\"Saken oppsummert:\" data-ec-category=\"fact-minimized\">\n<h3 class=\"fact__title title\" id=\"fact-1-17858423_title\">Saken oppsummert:<\/h3>\n<p><button class=\"fact__expand\" data-k5a-pos=\"faktaboks\" data-factid=\"fact-1-17858423\"><\/p>\n<p><\/button><\/p>\n<div class=\"fact__body text-body skin-text-950 skin-anchor-child-700 skin-anchor-child-800--hover darkmode-skin-text-50 darkmode-skin-anchor-child-200 darkmode-skin-anchor-child-300--hover \" aria-hidden=\"true\">\n<ul>\n<li>Emneknaggen #analog trender p\u00e5 sosiale medier med over 260.000 videoer.<\/li>\n<li>Trendforsker Michelle Orme mener den analoge trenden er kommet for \u00e5 bli.<\/li>\n<li>Forfatter Janne Stigen Drangsholt ser behovet for \u00e5 balansere det digitale med det analoge.<\/li>\n<li>Karen Auestad Moen prioriterer h\u00e5ndarbeid som en pause fra det digitale, men er ikke motstander av teknologi.<\/li>\n<\/ul>\n<\/div>\n<\/aside>\n<\/div>\n<p>\u00abLa deg inspirere av min analoge kurv\u00bb sier en bruker p\u00e5 plattformen TikTok.<\/p>\n<p>Hun viser frem fargeleggingssaker, strikket\u00f8y og b\u00f8ker.<\/p>\n<p>Hobbyer som skal f\u00e5 deg vekk fra skrollingen og bruke mer tid p\u00e5 det fysiske.<\/p>\n<p>Kanskje litt ironisk, men ordet \u00abanalogt\u00bb trender p\u00e5 sosiale medier.<\/p>\n<p><strong>Emneknaggen #analog er tagget i over 260.000 videoer.<\/strong><\/p>\n<div id=\"1.17811219.64dbd623\" class=\"g100 col fc s10 sl12 sl18 sg6 sg9 image-reference image-reference--ORIGINAL\"><!-- include: \/serum\/render?id=1.17811219&size=10&perspective=RICH&alignment=CENTER&caption=%C2%ABHva+er+i+min+analoge+veske%C2%BB+har+en+bruker+lagt+ut+p%C3%A5+TikTok.&type=image&aspect=ORIGINAL&parentSize=10 --><!-- START: \/templates\/image\/image-rich.jsp --><\/p>\n<figure class=\"image widget rich\">\n<div style=\"padding-bottom:28.878923%;\" class=\"responsive-img ORIGINAL\"><img decoding=\"async\" sizes=\"(min-width:1180px) 639px, (min-width:720px) 56vw, 100vw\" srcset=\"https:\/\/gfx.nrk.no\/QhguOB8objer9R11Fc-CbQQVJhoVsxEtp6bB9qBmjycw.png 80w, https:\/\/gfx.nrk.no\/QhguOB8objer9R11Fc-CbQ0fvCnODzF0R6bB9qBmjycw.png 160w, https:\/\/gfx.nrk.no\/QhguOB8objer9R11Fc-CbQm7NnCNlWMA16bB9qBmjycw.png 350w, https:\/\/gfx.nrk.no\/QhguOB8objer9R11Fc-CbQ_By_IQFbLzl6bB9qBmjycw.png 450w, https:\/\/gfx.nrk.no\/QhguOB8objer9R11Fc-CbQBQBcFX0VLLp6bB9qBmjycw.png 650w, https:\/\/gfx.nrk.no\/QhguOB8objer9R11Fc-CbQp-WHgdOyh496bB9qBmjycw.png 1000w, https:\/\/gfx.nrk.no\/QhguOB8objer9R11Fc-CbQFmhahX2Ax_J6bB9qBmjycw.png 1200w, https:\/\/gfx.nrk.no\/QhguOB8objer9R11Fc-CbQf8FwTHM2QQl6bB9qBmjycw.png 1600w, https:\/\/gfx.nrk.no\/QhguOB8objer9R11Fc-CbQDuD-oPWpze56bB9qBmjycw.png 2000w\" src=\"data:image\/gif;base64,R0lGODlhAQABAIAAAAAAAP\/\/\/yH5BAEAAAAALAAAAAABAAEAAAIBRAA7\" loading=\"eager\" alt=\"#analog trender p\u00e5 sosiale medier\" title=\"Faksimile: TikTok\"\/><\/div><figcaption>\n<p class=\"\">\u00abHva er i min analoge veske\u00bb har en bruker lagt ut p\u00e5 TikTok.<\/p>\n<p><small>Faksimile: TikTok<\/small><br \/>\n<\/figcaption><\/figure>\n<p><!-- END: \/templates\/image\/image-rich.jsp -->\n<\/div>\n<p>Rad p\u00e5 rad med videoer viser inspirasjon til hva man kan gj\u00f8re for \u00e5 f\u00e5 en analog livsstil.<\/p>\n<div id=\"1.17811228.64f80525\" class=\"g100 col fc s10 sl12 sl18 sg6 sg9 image-reference image-reference--ORIGINAL\"><!-- include: \/serum\/render?id=1.17811228&size=10&perspective=RICH&alignment=CENTER&caption=%C2%AB2026%3A+det+analoge+%C3%A5ret%C2%BB+st%C3%A5r+det+p%C3%A5+en+annen+video+p%C3%A5+plattformen.&type=image&aspect=ORIGINAL&parentSize=10 --><!-- START: \/templates\/image\/image-rich.jsp --><\/p>\n<figure class=\"image widget rich\">\n<div style=\"padding-bottom:27.192984%;\" class=\"responsive-img ORIGINAL\"><img decoding=\"async\" sizes=\"(min-width:1180px) 639px, (min-width:720px) 56vw, 100vw\" srcset=\"https:\/\/gfx.nrk.no\/JV84iwnLI-1eBXw6gNkYWwDLWfvqAgI85nlXBjcXylEg.png 80w, https:\/\/gfx.nrk.no\/JV84iwnLI-1eBXw6gNkYWwiH_h3dy5nXJnlXBjcXylEg.png 160w, https:\/\/gfx.nrk.no\/JV84iwnLI-1eBXw6gNkYWwlyo_IUeZDY9nlXBjcXylEg.png 350w, https:\/\/gfx.nrk.no\/JV84iwnLI-1eBXw6gNkYWwYBVBTVY2GXVnlXBjcXylEg.png 450w, https:\/\/gfx.nrk.no\/JV84iwnLI-1eBXw6gNkYWwOQixVtE-go1nlXBjcXylEg.png 650w, https:\/\/gfx.nrk.no\/JV84iwnLI-1eBXw6gNkYWwJiIaFEtd9x1nlXBjcXylEg.png 1000w, https:\/\/gfx.nrk.no\/JV84iwnLI-1eBXw6gNkYWwNEt6N8lLJh5nlXBjcXylEg.png 1200w, https:\/\/gfx.nrk.no\/JV84iwnLI-1eBXw6gNkYWwW4ffIz0N8P9nlXBjcXylEg.png 1600w, https:\/\/gfx.nrk.no\/JV84iwnLI-1eBXw6gNkYWwhfnNBU_JXABnlXBjcXylEg.png 2000w\" src=\"data:image\/gif;base64,R0lGODlhAQABAIAAAAAAAP\/\/\/yH5BAEAAAAALAAAAAABAAEAAAIBRAA7\" loading=\"eager\" alt=\"#analog trender p\u00e5 sosiale medier\" title=\"Faksimile: TikTok\"\/><\/div><figcaption>\n<p class=\"\">\u00ab2026: det analoge \u00e5ret\u00bb st\u00e5r det p\u00e5 en annen video p\u00e5 plattformen.<\/p>\n<p><small>Faksimile: TikTok<\/small><br \/>\n<\/figcaption><\/figure>\n<p><!-- END: \/templates\/image\/image-rich.jsp -->\n<\/div>\n<h2>Pause fra \u00abdopamin-rushet\u00bb<\/h2>\n<p>\u2013 Jeg tror egentlig at jeg alltid har villet drive med ting.<\/p>\n<p>Dette er ikke den f\u00f8rste ettermiddagen som Karen Auestad Moen (32) bruker p\u00e5 \u00e5 lete etter det perfekte stoffet til et p\u00e5g\u00e5ende prosjekt.<\/p>\n<p>Hun g\u00e5r gjennom rad p\u00e5 rad med metervare hos hobbybutikken Selfmade i Stavanger.<\/p>\n<p>N\u00e5 skal tiden foran symaskinen resultere i en festdrakt til datteren.<\/p>\n<p>For to \u00e5r siden fikk hun seg en ny hobby: sy og trekke om m\u00f8bler.<\/p>\n<p><strong>\u2013 Jeg kommer inn i en flyt som nesten er avhengighetsskapende. Man f\u00e5r en pause. Det er sykt herlig \u00e5 f\u00e5 en motpol til det <\/strong>\u00ab<strong>dopamin-rushet<\/strong>\u00bb<strong> som man hele veien f\u00e5r n\u00e5r man bruker telefonen.<\/strong><\/p>\n<div id=\"1.17810995.7b7ea9e9\" class=\"g100 col fc s10 sl12 sl18 sg6 sg9 image-reference image-reference--F169\"><!-- include: \/serum\/render?id=1.17810995&size=10&perspective=RICH&alignment=CENTER&caption=Karen+Auestad+Moen+kikker+p%C3%A5+metervare+til+%C3%A5+sy+en+festdrakt.+Hun+liker+%C3%A5+v%C3%A6re+kreativ+%E2%80%93+uten+mobilen.+&type=image&aspect=F169&parentSize=10 --><!-- START: \/templates\/image\/image-rich.jsp --><\/p>\n<figure class=\"image widget rich\">\n<div class=\"responsive-img F169\"><img decoding=\"async\" sizes=\"(min-width:1180px) 639px, (min-width:720px) 56vw, 100vw\" srcset=\"https:\/\/gfx.nrk.no\/md8Yudy37Aac8qM5AXJS-QSJ5tQuYYNbyAvi9BvhEflA.jpg 80w, https:\/\/gfx.nrk.no\/md8Yudy37Aac8qM5AXJS-QSjj20WEzPCSAvi9BvhEflA.jpg 160w, https:\/\/gfx.nrk.no\/md8Yudy37Aac8qM5AXJS-Q8AO1nSCn9XOAvi9BvhEflA.jpg 350w, https:\/\/gfx.nrk.no\/md8Yudy37Aac8qM5AXJS-QDtXhdXsK6TWAvi9BvhEflA.jpg 450w, https:\/\/gfx.nrk.no\/md8Yudy37Aac8qM5AXJS-Q93cQGhFCcs6Avi9BvhEflA.jpg 650w, https:\/\/gfx.nrk.no\/md8Yudy37Aac8qM5AXJS-QZ5wNQmjNCRSAvi9BvhEflA.jpg 1000w, https:\/\/gfx.nrk.no\/md8Yudy37Aac8qM5AXJS-QUQqrpc9GIaaAvi9BvhEflA.jpg 1200w, https:\/\/gfx.nrk.no\/md8Yudy37Aac8qM5AXJS-QSwpHmgyaKROAvi9BvhEflA.jpg 1600w, https:\/\/gfx.nrk.no\/md8Yudy37Aac8qM5AXJS-QOJWfWLbge-eAvi9BvhEflA.jpg 2000w\" src=\"data:image\/gif;base64,R0lGODlhAQABAIAAAAAAAP\/\/\/yH5BAEAAAAALAAAAAABAAEAAAIBRAA7\" loading=\"eager\" alt=\"Karen Auestad Moen kikker p\u00e5 metervare til et festdrakt-prosjekt\" title=\"Foto: Maja Mathisen \/ NRK\"\/><\/div><figcaption>\n<p class=\"\">Karen Auestad Moen kikker p\u00e5 metervare til \u00e5 sy en festdrakt. Hun liker \u00e5 v\u00e6re kreativ \u2013 uten mobilen. <\/p>\n<p><small>Foto: Maja Mathisen \/ NRK<\/small><br \/>\n<\/figcaption><\/figure>\n<p><!-- END: \/templates\/image\/image-rich.jsp -->\n<\/div>\n<h2>\u00abNostalgitripp\u00bb<\/h2>\n<p>\u2013 Det er omtrent overfylt av alt som dreier seg om det analoge. S\u00e5nn at vi alle kan g\u00e5 ut, kose oss, gj\u00f8re ting i det fysiske \u2013 ogs\u00e5 kan vi l\u00f8pe tilbake til sosiale medier og poste om alt det fysiske vi har gjort.<\/p>\n<p>Det sier trendforsker Michelle Orme.<\/p>\n<p>\u2013 Det er jo litt morsomt med alle som prater p\u00e5 det digitale om hvor viktig det er \u00e5 v\u00e6re til stede fysisk.<\/p>\n<div id=\"1.17727432.608494a0\" class=\"g50 col fr s5 sl6 sl9 sl12 sl18 image-reference image-reference--F34\"><!-- include: \/serum\/render?id=1.17727432&size=5&perspective=RICH&alignment=RIGHT&caption=Trendforsker+Michelle+Orme+tror+trenden+er+kommet+for+%C3%A5+bli.&type=image&aspect=F34&parentSize=10 --><!-- START: \/templates\/image\/image-rich.jsp --><\/p>\n<figure class=\"image widget rich\">\n<div class=\"responsive-img F34\"><img decoding=\"async\" sizes=\"(min-width:1180px) 319px, (min-width:720px) 28vw, 50vw\" srcset=\"https:\/\/gfx.nrk.no\/Z9y0dfW_GpOr44wcMEAzvQtPL1EwfDNlWA6bMSpsxhhw.jpg 80w, https:\/\/gfx.nrk.no\/Z9y0dfW_GpOr44wcMEAzvQg3E0-Oc5QO-A6bMSpsxhhw.jpg 160w, https:\/\/gfx.nrk.no\/Z9y0dfW_GpOr44wcMEAzvQOggb_rsXBqqA6bMSpsxhhw.jpg 350w, https:\/\/gfx.nrk.no\/Z9y0dfW_GpOr44wcMEAzvQCt3thqdgks2A6bMSpsxhhw.jpg 450w, https:\/\/gfx.nrk.no\/Z9y0dfW_GpOr44wcMEAzvQzTTz4o6gavqA6bMSpsxhhw.jpg 650w, https:\/\/gfx.nrk.no\/Z9y0dfW_GpOr44wcMEAzvQd05Vo-yu1eeA6bMSpsxhhw.jpg 1000w, https:\/\/gfx.nrk.no\/Z9y0dfW_GpOr44wcMEAzvQH2XU806y2SmA6bMSpsxhhw.jpg 1200w, https:\/\/gfx.nrk.no\/Z9y0dfW_GpOr44wcMEAzvQrjXJ3y8c3GKA6bMSpsxhhw.jpg 1600w, https:\/\/gfx.nrk.no\/Z9y0dfW_GpOr44wcMEAzvQv3V_61wf3k2A6bMSpsxhhw.jpg 2000w\" src=\"data:image\/gif;base64,R0lGODlhAQABAIAAAAAAAP\/\/\/yH5BAEAAAAALAAAAAABAAEAAAIBRAA7\" loading=\"eager\" alt=\"Michelle Orme pressebilde\" title=\"Foto: Ula Tara\"\/><\/div><figcaption>\n<p class=\"\">Trendforsker Michelle Orme tror trenden er kommet for \u00e5 bli.<\/p>\n<p><small>Foto: Ula Tara<\/small><br \/>\n<\/figcaption><\/figure>\n<p><!-- END: \/templates\/image\/image-rich.jsp -->\n<\/div>\n<p>Orme peker spesielt p\u00e5 unge under pandemien som ble vant til \u00e5 leve mye av ungdomslivet sitt digitalt.<\/p>\n<p><strong>\u2013 For de blir det faktisk en ny opplevelse \u00e5 kunne g\u00e5 inn det som vi som er litt eldre vil kalle nostalgi. En \u00abnostalgitripp\u00bb.<\/strong><\/p>\n<p><strong>\u2013 Men de f\u00e5r oppleve den \u00abnostalgitrippen\u00bb som en helt ny erfaring, mens andre kanskje blir minnet p\u00e5 noe som har v\u00e6rt. Det er en ganske fin ting, tenker jeg.<\/strong><\/p>\n<p>Selv om trender kommer og g\u00e5r i rekordfart p\u00e5 sosiale medier, tror Orme at dette ikke er noe som vil g\u00e5 over med det f\u00f8rste.<\/p>\n<p>\u2013 Vi skal pr\u00f8ve \u00e5 finne nye former, og la b\u00e5de det digitale og det fysiske livet v\u00e5rt finne en form for samh\u00f8righet.<\/p>\n<p>Men n\u00e5r det gjelder <em>hva <\/em>de analoge trendene er, ser hun annerledes p\u00e5 det.<\/p>\n<p>\u2013 Alt vil jo ikke dreie seg om hekling fremover, liksom. Det g\u00e5r litt dypere enn det.<\/p>\n<h2>\u2013 Det blir s\u00e5 analogt for meg!<\/h2>\n<p>\u2013 Jeg synes det er bra at ordet analogt trender. Jeg tror folk er lei av at alle sitter p\u00e5 telefonene sine og er isolert i sin lille boble. Jeg har en plan selv om \u00e5 bli mer analog!<\/p>\n<p>Det sier forfatter og litteraturprofessor Janne Stigen Drangsholt.<\/p>\n<p>Allerede i fjor s\u00e5 hun at ordet analogt l\u00e5 som en sp\u00e5dom for 2026.<\/p>\n<div id=\"1.17768332.1a8c34b6\" class=\"g100 col fc s10 sl12 sl18 sg6 sg9 image-reference image-reference--F169\"><!-- include: \/serum\/render?id=1.17768332&size=10&perspective=RICH&alignment=CENTER&caption=Forfatter+og+litteraturprofessor%2C+Janne+Stigen+Drangsholt+skal+inkorporere+analoge+aktiviteter+i+2026.&type=image&aspect=F169&parentSize=10 --><!-- START: \/templates\/image\/image-rich.jsp --><\/p>\n<figure class=\"image widget rich\">\n<div class=\"responsive-img F169\"><img decoding=\"async\" sizes=\"(min-width:1180px) 639px, (min-width:720px) 56vw, 100vw\" srcset=\"https:\/\/gfx.nrk.no\/SG-JHfJ6M7wS2PABb4NuJAce7LGHacodexbqbjOY55rA.jpg 80w, https:\/\/gfx.nrk.no\/SG-JHfJ6M7wS2PABb4NuJAf5Iytu0c50WxbqbjOY55rA.jpg 160w, https:\/\/gfx.nrk.no\/SG-JHfJ6M7wS2PABb4NuJARj_bPA6l2nmxbqbjOY55rA.jpg 350w, https:\/\/gfx.nrk.no\/SG-JHfJ6M7wS2PABb4NuJA2f3PM_-JAgSxbqbjOY55rA.jpg 450w, https:\/\/gfx.nrk.no\/SG-JHfJ6M7wS2PABb4NuJAJWQOoD1SBfOxbqbjOY55rA.jpg 650w, https:\/\/gfx.nrk.no\/SG-JHfJ6M7wS2PABb4NuJAxJUlm_Kj8e-xbqbjOY55rA.jpg 1000w, https:\/\/gfx.nrk.no\/SG-JHfJ6M7wS2PABb4NuJA8OIb1UnIFa6xbqbjOY55rA.jpg 1200w, https:\/\/gfx.nrk.no\/SG-JHfJ6M7wS2PABb4NuJAC-Sb4MPjk_SxbqbjOY55rA.jpg 1600w, https:\/\/gfx.nrk.no\/SG-JHfJ6M7wS2PABb4NuJATAZFF8lC3LKxbqbjOY55rA.jpg 2000w\" src=\"data:image\/gif;base64,R0lGODlhAQABAIAAAAAAAP\/\/\/yH5BAEAAAAALAAAAAABAAEAAAIBRAA7\" loading=\"eager\" alt=\"Janne Stigen Drangsholt med et eksemplar av boka Wuthering Heights\" title=\"Foto: Eirik Gjesdal \/ NRK\"\/><\/div><figcaption>\n<p class=\"\">Forfatter og litteraturprofessor, Janne Stigen Drangsholt skal inkorporere analoge aktiviteter i 2026.<\/p>\n<p><small>Foto: Eirik Gjesdal \/ NRK<\/small><br \/>\n<\/figcaption><\/figure>\n<p><!-- END: \/templates\/image\/image-rich.jsp -->\n<\/div>\n<p>\u2013 Jeg tror vi har et behov for \u00e5 stanse opp og trekke pusten litt. Det er f\u00f8lelsen av at tiden g\u00e5r s\u00e5 fort n\u00e5r vi er p\u00e5 telefon.<\/p>\n<p>Men hun tror ikke vi kommer til \u00e5 kaste nettbrett, smarttelefoner og smartklokker av den grunn.<\/p>\n<p>\u2013 Vi trenger mye som er p\u00e5 telefonen i hverdagen, men jeg tror vi kan legge om vanene s\u00e5 vi ikke plukker opp telefonen for hver minste ting.<\/p>\n<p><!-- \/\/ Reference Autonomous --><\/p>\n<p>\u2013 <em>Hvordan vil du inkorporere analog livsstil i \u00e5r?<\/em><\/p>\n<p>\u2013 Det blir s\u00e5 analogt for meg! Jeg har avisabonnement som jeg skal bruke enda mer, jeg skal lese mye litteratur og jeg skal bruke platespilleren min.<\/p>\n<div id=\"1.17805995.415aeef7\" class=\"g100 col fln s10 sl12 sl18 sg6 sg9 remoterenderedcontent-reference\"><!-- include: \/serum\/render?id=1.17805995&size=10&perspective=RICH&alignment=AUTO&parentSize=10 -->\n  <pin-avstemning-v1 data-poll-id=\"1.17805995\" data-poll-url=\"https:\/\/pin-avstemning.nrk.no\">\n<p><h2 class=\"pin-nrkno-poll__question skin-border\">\n        \u00d8nsker du et mer analogt liv? \ud83d\udcd6<br \/>\n      <\/h2>\n<\/p>\n<div class=\"pin-nrkno-poll__body\">\n<p>        <button disabled=\"disabled\" class=\"nrk-button pin-nrkno-poll__answer pin-js-btn-vote\" value=\"1\">Ja! Jeg vil ha almanakk, vekkerklokke med viser og fysiske hobbyer \ud83e\uddf6<\/button><\/p>\n<p>        <button disabled=\"disabled\" class=\"nrk-button pin-nrkno-poll__answer pin-js-btn-vote\" value=\"2\">Til en viss grad, men jeg liker \u00e5 kombinere med det digitale \ud83d\udcc5<\/button><\/p>\n<p>        <button disabled=\"disabled\" class=\"nrk-button pin-nrkno-poll__answer pin-js-btn-vote\" value=\"3\">Nei, verden har g\u00e5tt videre \ud83d\udcf1<\/button><\/p>\n<p>      <button disabled=\"disabled\" class=\"pin-js-btn-answers pin-nrkno-poll__results-button\" type=\"button\">Vis resultat<\/button><\/p>\n<p class=\"pin-nrkno-poll__disclaimer\">\n    Denne avstemningen viser ikke hva befolkningen mener om sp\u00f8rsm\u00e5let.<br \/>\n    Resultatet viser hva de som selv har valgt \u00e5 stemme mener,<br \/>\n    og avstemningen har ikke et utvalg som gj\u00f8r den representativ for alle som bor i landet.\n  <\/p>\n<\/p><\/div>\n<\/pin-avstemning-v1>\n<link rel=\"stylesheet\" href=\"https:\/\/pin-avstemning.nrk.no\/assets\/pin-avstemning-v1.css\"\/>\n  <\/div>\n<h2>Ingen motstander av teknologi<\/h2>\n<p>Tilbake ved metervarehyllene i Stavanger, har Karen Auestad Moen funnet et stoff i <span class=\"note\" data-content=\"&lt;p&gt;Gobelin er et kraftig vevd stoff med m\u00f8nster eller motiv, ofte brukt til m\u00f8beltrekk, puter eller veggtepper.&lt;\/p&gt; \" data-term=\"gobelin\">gobelin<\/span> til festdrakten til datteren.<\/p>\n<p>Det betyr flere timer med h\u00e5ndarbeid i vente.<\/p>\n<p>Men hun gj\u00f8r det ikke fordi det har blitt en trend. Og hun har heller ikke noe \u00f8nske om \u00e5 koble seg helt av den digitale verdenen.<\/p>\n<div id=\"1.17811322.9b5abb01\" class=\"g100 col fc s10 sl12 sl18 sg6 sg9 image-reference image-reference--F11\"><!-- include: \/serum\/render?id=1.17811322&size=10&perspective=RICH&alignment=CENTER&caption=Moen+er+ikke+motstander+av+mobilen+selv+om+hun+vil+bruke+mer+tid+p%C3%A5+h%C3%A5ndarbeid.&type=image&aspect=F11&parentSize=10 --><!-- START: \/templates\/image\/image-rich.jsp --><\/p>\n<figure class=\"image widget rich\">\n<div class=\"responsive-img F11\"><img decoding=\"async\" sizes=\"(min-width:1180px) 639px, (min-width:720px) 56vw, 100vw\" srcset=\"https:\/\/gfx.nrk.no\/4X9qRInCZeoa41V7W4-NCwf08qmBJSOHSsgnebXMCPFg.jpg 80w, https:\/\/gfx.nrk.no\/4X9qRInCZeoa41V7W4-NCwS5SH7VQYbNusgnebXMCPFg.jpg 160w, https:\/\/gfx.nrk.no\/4X9qRInCZeoa41V7W4-NCwpIjsb1ny2gisgnebXMCPFg.jpg 350w, https:\/\/gfx.nrk.no\/4X9qRInCZeoa41V7W4-NCwoXf_a22DQf2sgnebXMCPFg.jpg 450w, https:\/\/gfx.nrk.no\/4X9qRInCZeoa41V7W4-NCwif2Qy5IhKwCsgnebXMCPFg.jpg 650w, https:\/\/gfx.nrk.no\/4X9qRInCZeoa41V7W4-NCw5md0gAqMMjusgnebXMCPFg.jpg 1000w, https:\/\/gfx.nrk.no\/4X9qRInCZeoa41V7W4-NCwXbJRmI1KkfysgnebXMCPFg.jpg 1200w, https:\/\/gfx.nrk.no\/4X9qRInCZeoa41V7W4-NCwubEEI2Of3A-sgnebXMCPFg.jpg 1600w, https:\/\/gfx.nrk.no\/4X9qRInCZeoa41V7W4-NCwxLUsvsoMrgesgnebXMCPFg.jpg 2000w\" src=\"data:image\/gif;base64,R0lGODlhAQABAIAAAAAAAP\/\/\/yH5BAEAAAAALAAAAAABAAEAAAIBRAA7\" loading=\"eager\" alt=\"Karen Auestad Moen kikker p\u00e5 metervare til et festdrakt-prosjekt\" title=\"Foto: Maja Mathisen \/ NRK\"\/><\/div><figcaption>\n<p class=\"\">Moen er ikke motstander av mobilen selv om hun vil bruke mer tid p\u00e5 h\u00e5ndarbeid.<\/p>\n<p><small>Foto: Maja Mathisen \/ NRK<\/small><br \/>\n<\/figcaption><\/figure>\n<p><!-- END: \/templates\/image\/image-rich.jsp -->\n<\/div>\n<p>\u2013 Det er jo ikke s\u00e5nn at jeg er motstander av telefonen. Og i jobben min som grafisk designer s\u00e5 blir jo det veldig digitalt.<\/p>\n<p>Men det \u00e5 koble av og lage ting med hendene er fortsatt en prioritet.<\/p>\n<p>\u2013 Det handler om \u00e5 komme tilbake til ting som er bra for oss.<\/p>\n<p><!-- \/\/ Reference Autonomous --><\/p>\n<p><!-- include: \/serum\/render?id=1.16930046&size=18&perspective=RICH&alignment=AUTO --><!-- START: \/templates\/section\/section.jsp --><\/p>\n<p><!-- END: \/templates\/section\/section.jsp -->\n<\/div>\n<p>\n<span class=\"article-publish-date publish-date \"><br \/>\n<span class=\"article-dateline-annotation\">Publisert<\/span><br \/>\n<time class=\"datetime-absolute datePublished\" datetime=\"2026-04-26T21:46:28+02:00\"><br \/>\n26.04.2026, kl. 21.46<br \/>\n<\/time><br \/>\n<\/span>\n<\/p>\n<p><br \/>\n<br \/><a href=\"https:\/\/www.nrk.no\/rogaland\/trend-pa-sosiale-medier_-unge-onsker-seg-tilbake-til-et-analogt-liv-1.17805892\">Kildelink <\/a><\/p>\n","protected":false},"excerpt":{"rendered":"<p>Saken oppsummert: Emneknaggen #analog trender p\u00e5 sosiale medier med over 260.000 videoer. Trendforsker Michelle Orme mener den analoge trenden er kommet for \u00e5 bli. Forfatter Janne Stigen Drangsholt ser behovet for \u00e5 balansere det digitale med det analoge. Karen Auestad Moen prioriterer h\u00e5ndarbeid som en pause fra det digitale, men er ikke motstander av teknologi. [&hellip;]<\/p>\n","protected":false},"author":1,"featured_media":6439,"comment_status":"","ping_status":"","sticky":false,"template":"","format":"standard","meta":{"footnotes":""},"categories":[108],"tags":[],"tmauthors":[],"class_list":{"0":"post-6438","1":"post","2":"type-post","3":"status-publish","4":"format-standard","5":"has-post-thumbnail","7":"category-lokalnyheter"},"_links":{"self":[{"href":"https:\/\/radiostavanger.no\/index.php?rest_route=\/wp\/v2\/posts\/6438","targetHints":{"allow":["GET"]}}],"collection":[{"href":"https:\/\/radiostavanger.no\/index.php?rest_route=\/wp\/v2\/posts"}],"about":[{"href":"https:\/\/radiostavanger.no\/index.php?rest_route=\/wp\/v2\/types\/post"}],"author":[{"embeddable":true,"href":"https:\/\/radiostavanger.no\/index.php?rest_route=\/wp\/v2\/users\/1"}],"replies":[{"embeddable":true,"href":"https:\/\/radiostavanger.no\/index.php?rest_route=%2Fwp%2Fv2%2Fcomments&post=6438"}],"version-history":[{"count":0,"href":"https:\/\/radiostavanger.no\/index.php?rest_route=\/wp\/v2\/posts\/6438\/revisions"}],"wp:featuredmedia":[{"embeddable":true,"href":"https:\/\/radiostavanger.no\/index.php?rest_route=\/wp\/v2\/media\/6439"}],"wp:attachment":[{"href":"https:\/\/radiostavanger.no\/index.php?rest_route=%2Fwp%2Fv2%2Fmedia&parent=6438"}],"wp:term":[{"taxonomy":"category","embeddable":true,"href":"https:\/\/radiostavanger.no\/index.php?rest_route=%2Fwp%2Fv2%2Fcategories&post=6438"},{"taxonomy":"post_tag","embeddable":true,"href":"https:\/\/radiostavanger.no\/index.php?rest_route=%2Fwp%2Fv2%2Ftags&post=6438"},{"taxonomy":"tmauthors","embeddable":true,"href":"https:\/\/radiostavanger.no\/index.php?rest_route=%2Fwp%2Fv2%2Ftmauthors&post=6438"}],"curies":[{"name":"wp","href":"https:\/\/api.w.org\/{rel}","templated":true}]}}