{"id":6442,"date":"2026-04-27T11:08:09","date_gmt":"2026-04-27T11:08:09","guid":{"rendered":"https:\/\/radiostavanger.no\/?p=6442"},"modified":"2026-04-27T11:08:09","modified_gmt":"2026-04-27T11:08:09","slug":"tre-tenaringer-skal-ha-planlagt-a-sprenge-i-oslo-pa-oppdrag-fra-foxtrot-nrk-rogaland-lokale-nyheter-tv-og-radio-2","status":"publish","type":"post","link":"https:\/\/radiostavanger.no\/?p=6442","title":{"rendered":"Tre ten\u00e5ringer skal ha planlagt \u00e5 sprenge i Oslo p\u00e5 oppdrag fra Foxtrot \u2013 NRK Rogaland \u2013 Lokale nyheter, TV og radio"},"content":{"rendered":"<p><br \/>\n<\/p>\n<div data-main-content=\"\" data-ec-list=\"article_body\" data-ec-name=\"br\u00f8dtekst\">\n<p>Det kommer frem i en fersk tiltale tatt ut av statsadvokaten i Vest.<\/p>\n<p>If\u00f8lge tiltalen skal to 17-\u00e5ringer, gjennom appene Snapchat og Telegram, ha inng\u00e5tt avtale om at en 16-\u00e5ring skulle motta og ta med eksplosiver til et ukjent sted i Oslo sentrum i september i fjor.<\/p>\n<p>If\u00f8lge tiltalen skal dette ha v\u00e6rt et ledd i aktivitetene til det svenske kriminelle nettverket Foxtrot.<\/p>\n<p>Hensikten var if\u00f8lge tiltalen at 16-\u00e5ringen skulle kaste granat eller sprenge.<\/p>\n<div id=\"1.17772735.f87f970b\" class=\"g100 col fc s10 sl12 sl18 sg6 sg9 image-reference image-reference--F169\"><!-- include: \/serum\/render?id=1.17772735&size=10&perspective=RICH&alignment=CENTER&caption=Oslo+ble+i+fjor+h%C3%B8st+rammet+av+to+granatangrep.+Begge+angrepene+skal+ha+hatt+unge+gjerningspersoner.+&type=image&aspect=F169&parentSize=10 --><!-- START: \/templates\/image\/image-rich.jsp --><\/p>\n<figure class=\"image widget rich\">\n<div class=\"responsive-img F169\"><img decoding=\"async\" sizes=\"(min-width:1180px) 639px, (min-width:720px) 56vw, 100vw\" srcset=\"https:\/\/gfx.nrk.no\/MThBrQZwZ7CBNsRtbIw02gtzvMBCog7NdWImhKxlTc-Q.png 80w, https:\/\/gfx.nrk.no\/MThBrQZwZ7CBNsRtbIw02ggUFCPuo0AhxWImhKxlTc-Q.png 160w, https:\/\/gfx.nrk.no\/MThBrQZwZ7CBNsRtbIw02g9QI4RuIaga1WImhKxlTc-Q.png 350w, https:\/\/gfx.nrk.no\/MThBrQZwZ7CBNsRtbIw02g5JiDjdBOY4BWImhKxlTc-Q.png 450w, https:\/\/gfx.nrk.no\/MThBrQZwZ7CBNsRtbIw02ge0eVWfA39PJWImhKxlTc-Q.png 650w, https:\/\/gfx.nrk.no\/MThBrQZwZ7CBNsRtbIw02gszcy0PyI2XZWImhKxlTc-Q.png 1000w, https:\/\/gfx.nrk.no\/MThBrQZwZ7CBNsRtbIw02g7cbcZqxYQWNWImhKxlTc-Q.png 1200w, https:\/\/gfx.nrk.no\/MThBrQZwZ7CBNsRtbIw02gbrAnFt_rfwFWImhKxlTc-Q.png 1600w, https:\/\/gfx.nrk.no\/MThBrQZwZ7CBNsRtbIw02g6ITrNFGFGyRWImhKxlTc-Q.png 2000w\" src=\"data:image\/gif;base64,R0lGODlhAQABAIAAAAAAAP\/\/\/yH5BAEAAAAALAAAAAABAAEAAAIBRAA7\" loading=\"eager\" alt=\"pilestredet granat\" title=\"Foto: Simon Skjelvik Brandseth \/ NRK\"\/><\/div><figcaption>\n<p class=\"\">Oslo ble i fjor h\u00f8st rammet av to granatangrep. Begge angrepene skal ha hatt unge gjerningspersoner. <\/p>\n<p><small>Foto: Simon Skjelvik Brandseth \/ NRK<\/small><br \/>\n<\/figcaption><\/figure>\n<p><!-- END: \/templates\/image\/image-rich.jsp -->\n<\/div>\n<h2>Tilknytning til Foxtrot<\/h2>\n<p>NRK kjenner til at disse sprengningsplanene har en sammenheng med sprengningene i Oslo-omr\u00e5det i fjor h\u00f8st:<\/p>\n<p>If\u00f8lge politiadvokat p\u00e5 saken, Unni Byberg Malmin, er det vanskelig \u00e5 si om det er en sammenheng mellom denne saken og ytterligere en sak hvor to andre ten\u00e5ringer fra Rogaland skulle utf\u00f8re en sprengning i Oslo i fjor h\u00f8st.<\/p>\n<p>\u2013 Sakene er etterforsket individuelt, men det er naturlig \u00e5 se om det er en sammenheng mellom hvilke akt\u00f8rer som st\u00e5 bak rekrutteringen. Per n\u00e5 har vi ikke holdepunkter for \u00e5 kunne si det, utover at vi mener det er tilknytning til Foxtrot-nettverket i begge sakene, sier Malmin.<\/p>\n<div id=\"1.17602665.f9edfa25\" class=\"g100 col fc s10 sl12 sl18 sg6 sg9 image-reference image-reference--F169\"><!-- include: \/serum\/render?id=1.17602665&size=10&perspective=RICH&alignment=CENTER&caption=I+oktober+ble+en+15-%C3%A5ring+p%C3%A5grepet+etter+en+granateksplosjon+ved+et+serveringssted+p%C3%A5+Str%C3%B8mmen+i+Oslo.+&type=image&aspect=F169&parentSize=10 --><!-- START: \/templates\/image\/image-rich.jsp --><\/p>\n<figure class=\"image widget rich\">\n<div class=\"responsive-img F169\"><img decoding=\"async\" sizes=\"(min-width:1180px) 639px, (min-width:720px) 56vw, 100vw\" srcset=\"https:\/\/gfx.nrk.no\/ytJjzJbrtVGk7MBrXAdizAYCqoWnfvnP9qytHzMe5qqQ.jpg 80w, https:\/\/gfx.nrk.no\/ytJjzJbrtVGk7MBrXAdizA6uypdkZ0CAlqytHzMe5qqQ.jpg 160w, https:\/\/gfx.nrk.no\/ytJjzJbrtVGk7MBrXAdizAziMMqcudjNhqytHzMe5qqQ.jpg 350w, https:\/\/gfx.nrk.no\/ytJjzJbrtVGk7MBrXAdizAZpJQEsWCY2NqytHzMe5qqQ.jpg 450w, https:\/\/gfx.nrk.no\/ytJjzJbrtVGk7MBrXAdizAYF-1FtQ_RKhqytHzMe5qqQ.jpg 650w, https:\/\/gfx.nrk.no\/ytJjzJbrtVGk7MBrXAdizAJD2bConegj1qytHzMe5qqQ.jpg 1000w, https:\/\/gfx.nrk.no\/ytJjzJbrtVGk7MBrXAdizAa0bJQV1_AmFqytHzMe5qqQ.jpg 1200w, https:\/\/gfx.nrk.no\/ytJjzJbrtVGk7MBrXAdizAUbYQpPC6AuNqytHzMe5qqQ.jpg 1600w, https:\/\/gfx.nrk.no\/ytJjzJbrtVGk7MBrXAdizALvLZAW568b9qytHzMe5qqQ.jpg 2000w\" src=\"data:image\/gif;base64,R0lGODlhAQABAIAAAAAAAP\/\/\/yH5BAEAAAAALAAAAAABAAEAAAIBRAA7\" loading=\"eager\" alt=\"noen f\u00e5 menn i hvite dresser som st\u00e5r utenfor en butikk\" title=\"Foto: Petter Larsson \/ NRK\"\/><\/div><figcaption>\n<p class=\"\">I oktober ble en 15-\u00e5ring p\u00e5grepet etter en granateksplosjon ved et serveringssted p\u00e5 Str\u00f8mmen i Oslo. <\/p>\n<p><small>Foto: Petter Larsson \/ NRK<\/small><br \/>\n<\/figcaption><\/figure>\n<p><!-- END: \/templates\/image\/image-rich.jsp -->\n<\/div>\n<h2>Enkelt \u00e5 rekruttere norske barn<\/h2>\n<p>Rekruttering av norske barn til voldsoppdrag er en stor utfordring for samfunnet. Minst 31 norske barn har v\u00e6rt rekruttert til voldsoppdrag i Norge. <\/p>\n<p>Byberg Malmin sier at sosiale medier, og s\u00e6rlig Snapchat i dette tilfellet, brukes som kommunikasjonskanal for rekruttering.<\/p>\n<p>\u2013 Dette bidrar til at det er enklere \u00e5 komme i kontakt med de som \u00f8nskes rekruttert, ogs\u00e5 p\u00e5 tvers av geografiske grenser, sier hun.<\/p>\n<div id=\"1.16927108.b4024884\" class=\"g100 col fc s10 sl12 sl18 sg6 sg9 image-reference image-reference--F169\"><!-- include: \/serum\/render?id=1.16927108&size=10&perspective=RICH&alignment=CENTER&caption=Politiadvokat+Unni+Byberg+Malmin.&type=image&aspect=F169&parentSize=10 --><!-- START: \/templates\/image\/image-rich.jsp --><\/p>\n<figure class=\"image widget rich\">\n<div class=\"responsive-img F169\"><img decoding=\"async\" sizes=\"(min-width:1180px) 639px, (min-width:720px) 56vw, 100vw\" srcset=\"https:\/\/gfx.nrk.no\/QIQi7CLCjmMCIzv6-RDztQwIEVTiVd7VPcT7MNAZFKHw.jpg 80w, https:\/\/gfx.nrk.no\/QIQi7CLCjmMCIzv6-RDztQ7IgZaE7XSuLcT7MNAZFKHw.jpg 160w, https:\/\/gfx.nrk.no\/QIQi7CLCjmMCIzv6-RDztQOpSU7oJRab3cT7MNAZFKHw.jpg 350w, https:\/\/gfx.nrk.no\/QIQi7CLCjmMCIzv6-RDztQuvUy1QBN9ITcT7MNAZFKHw.jpg 450w, https:\/\/gfx.nrk.no\/QIQi7CLCjmMCIzv6-RDztQ51BwpiNTbnncT7MNAZFKHw.jpg 650w, https:\/\/gfx.nrk.no\/QIQi7CLCjmMCIzv6-RDztQQyzr2ZJ85LTcT7MNAZFKHw.jpg 1000w, https:\/\/gfx.nrk.no\/QIQi7CLCjmMCIzv6-RDztQn4c2QwtP5f7cT7MNAZFKHw.jpg 1200w, https:\/\/gfx.nrk.no\/QIQi7CLCjmMCIzv6-RDztQpb7VpxqsZs_cT7MNAZFKHw.jpg 1600w, https:\/\/gfx.nrk.no\/QIQi7CLCjmMCIzv6-RDztQ4MoHiCZBllDcT7MNAZFKHw.jpg 2000w\" src=\"data:image\/gif;base64,R0lGODlhAQABAIAAAAAAAP\/\/\/yH5BAEAAAAALAAAAAABAAEAAAIBRAA7\" loading=\"eager\" alt=\"Unni Byberg Malmin politiinspekt\u00f8r\" title=\"Foto: Ingvild Stuedal Taranger \/ NRK\"\/><\/div><figcaption>\n<p class=\"\">Politiadvokat Unni Byberg Malmin.<\/p>\n<p><small>Foto: Ingvild Stuedal Taranger \/ NRK<\/small><br \/>\n<\/figcaption><\/figure>\n<p><!-- END: \/templates\/image\/image-rich.jsp -->\n<\/div>\n<p>De to guttene, begge 17 \u00e5r, er ogs\u00e5 tiltalt for \u00e5 ha fors\u00f8kt \u00e5 rekruttere flere andre unge gutter til \u00e5 foreta sprengningene.<\/p>\n<p>Blant annet det ha v\u00e6rt fors\u00f8kt rekruttert gutter helt ned i 14-\u00e5rsalderen i Troms i denne saken.<\/p>\n<p>Byberg Malmin sier til NRK at det er fors\u00f8kt rekruttert unge gutter helt ned i 12-\u00e5rsalderen, og at de er hjemmeh\u00f8rende ulike steder i landet.<\/p>\n<p>Statsadvokat Thale Thomseth \u00f8nsker ikke \u00e5 kommentere denne tiltalen p\u00e5 n\u00e5v\u00e6rende tidspunkt.<\/p>\n<div id=\"1.16666145.b41e7786\" class=\"g100 col fc s10 sl12 sl18 sg6 sg9 image-reference image-reference--F169\"><!-- include: \/serum\/render?id=1.16666145&size=10&perspective=RICH&alignment=CENTER&caption=Statsadvokat+Thale+Thomseth.+&type=image&aspect=F169&parentSize=10 --><!-- START: \/templates\/image\/image-rich.jsp --><\/p>\n<figure class=\"image widget rich\">\n<div class=\"responsive-img F169\"><img decoding=\"async\" sizes=\"(min-width:1180px) 639px, (min-width:720px) 56vw, 100vw\" srcset=\"https:\/\/gfx.nrk.no\/Er00rq9yv-bNWBGOW84tDQdyBrvENG1DGPoKgD2j2zjA.jpg 80w, https:\/\/gfx.nrk.no\/Er00rq9yv-bNWBGOW84tDQsJGNMRb9QOuPoKgD2j2zjA.jpg 160w, https:\/\/gfx.nrk.no\/Er00rq9yv-bNWBGOW84tDQf61Hyzr_9k2PoKgD2j2zjA.jpg 350w, https:\/\/gfx.nrk.no\/Er00rq9yv-bNWBGOW84tDQ2dZrAw4Vdw-PoKgD2j2zjA.jpg 450w, https:\/\/gfx.nrk.no\/Er00rq9yv-bNWBGOW84tDQlLMzaRhpYl-PoKgD2j2zjA.jpg 650w, https:\/\/gfx.nrk.no\/Er00rq9yv-bNWBGOW84tDQfHdp1bApvw6PoKgD2j2zjA.jpg 1000w, https:\/\/gfx.nrk.no\/Er00rq9yv-bNWBGOW84tDQCLvCMttNUtaPoKgD2j2zjA.jpg 1200w, https:\/\/gfx.nrk.no\/Er00rq9yv-bNWBGOW84tDQxsvG_JMhwbSPoKgD2j2zjA.jpg 1600w, https:\/\/gfx.nrk.no\/Er00rq9yv-bNWBGOW84tDQtOYGo_Rx82GPoKgD2j2zjA.jpg 2000w\" src=\"data:image\/gif;base64,R0lGODlhAQABAIAAAAAAAP\/\/\/yH5BAEAAAAALAAAAAABAAEAAAIBRAA7\" loading=\"eager\" alt=\"Statsadvokat Thale Thomseth\" title=\"Foto: Oystein Otterdal \/ NRK\"\/><\/div><figcaption>\n<p class=\"\">Statsadvokat Thale Thomseth. <\/p>\n<p><small>Foto: Oystein Otterdal \/ NRK<\/small><br \/>\n<\/figcaption><\/figure>\n<p><!-- END: \/templates\/image\/image-rich.jsp -->\n<\/div>\n<h2>Erkjent de faktiske forhold<\/h2>\n<p>Forsvareren til en av guttene, Hans Marius Danielsen Thorsn\u00e6s, sier til NRK at hans klient har erkjent de faktiske forholdene.<\/p>\n<p>\u2013 Han har forklart seg om sin rolle i politiavh\u00f8r, og vil ta stilling til sp\u00f8rsm\u00e5let om straffskyld under hovedforhandlingene, sier Thorsn\u00e6s til NRK.<\/p>\n<p>I Sandnes har det denne v\u00e5ren g\u00e5tt en rettssak mot en 17 \u00e5r gammel gutt som risikerer 14 \u00e5rs forvaring for flere drap og drapsfors\u00f8k.<\/p>\n<p>Denne gutten skal ha v\u00e6rt en rekrutterer for det svenske kriminelle nettverket Foxtrot.<\/p>\n<p><!-- include: \/serum\/render?id=1.16930046&size=18&perspective=RICH&alignment=AUTO --><!-- START: \/templates\/section\/section.jsp --><\/p>\n<p><!-- END: \/templates\/section\/section.jsp -->\n<\/div>\n<p>\n<span class=\"article-publish-date publish-date \"><br \/>\n<span class=\"article-dateline-annotation\">Publisert<\/span><br \/>\n<time class=\"datetime-absolute datePublished\" datetime=\"2026-04-27T13:03:50+02:00\"><br \/>\n27.04.2026, kl. 13.03<br \/>\n<\/time><br \/>\n<\/span>\n<\/p>\n<p><br \/>\n<br \/><a href=\"https:\/\/www.nrk.no\/rogaland\/tre-tenaringer-skal-ha-planlagt-a-sprenge-i-oslo-pa-oppdrag-fra-foxtrot-1.17862425\">Kildelink <\/a><\/p>\n","protected":false},"excerpt":{"rendered":"<p>Det kommer frem i en fersk tiltale tatt ut av statsadvokaten i Vest. If\u00f8lge tiltalen skal to 17-\u00e5ringer, gjennom appene Snapchat og Telegram, ha inng\u00e5tt avtale om at en 16-\u00e5ring skulle motta og ta med eksplosiver til et ukjent sted i Oslo sentrum i september i fjor. If\u00f8lge tiltalen skal dette ha v\u00e6rt et ledd [&hellip;]<\/p>\n","protected":false},"author":1,"featured_media":6441,"comment_status":"","ping_status":"","sticky":false,"template":"","format":"standard","meta":{"footnotes":""},"categories":[108],"tags":[],"tmauthors":[],"class_list":{"0":"post-6442","1":"post","2":"type-post","3":"status-publish","4":"format-standard","5":"has-post-thumbnail","7":"category-lokalnyheter"},"_links":{"self":[{"href":"https:\/\/radiostavanger.no\/index.php?rest_route=\/wp\/v2\/posts\/6442","targetHints":{"allow":["GET"]}}],"collection":[{"href":"https:\/\/radiostavanger.no\/index.php?rest_route=\/wp\/v2\/posts"}],"about":[{"href":"https:\/\/radiostavanger.no\/index.php?rest_route=\/wp\/v2\/types\/post"}],"author":[{"embeddable":true,"href":"https:\/\/radiostavanger.no\/index.php?rest_route=\/wp\/v2\/users\/1"}],"replies":[{"embeddable":true,"href":"https:\/\/radiostavanger.no\/index.php?rest_route=%2Fwp%2Fv2%2Fcomments&post=6442"}],"version-history":[{"count":0,"href":"https:\/\/radiostavanger.no\/index.php?rest_route=\/wp\/v2\/posts\/6442\/revisions"}],"wp:featuredmedia":[{"embeddable":true,"href":"https:\/\/radiostavanger.no\/index.php?rest_route=\/wp\/v2\/media\/6441"}],"wp:attachment":[{"href":"https:\/\/radiostavanger.no\/index.php?rest_route=%2Fwp%2Fv2%2Fmedia&parent=6442"}],"wp:term":[{"taxonomy":"category","embeddable":true,"href":"https:\/\/radiostavanger.no\/index.php?rest_route=%2Fwp%2Fv2%2Fcategories&post=6442"},{"taxonomy":"post_tag","embeddable":true,"href":"https:\/\/radiostavanger.no\/index.php?rest_route=%2Fwp%2Fv2%2Ftags&post=6442"},{"taxonomy":"tmauthors","embeddable":true,"href":"https:\/\/radiostavanger.no\/index.php?rest_route=%2Fwp%2Fv2%2Ftmauthors&post=6442"}],"curies":[{"name":"wp","href":"https:\/\/api.w.org\/{rel}","templated":true}]}}