{"id":6445,"date":"2026-04-28T07:27:41","date_gmt":"2026-04-28T07:27:41","guid":{"rendered":"https:\/\/radiostavanger.no\/?p=6445"},"modified":"2026-04-28T07:27:41","modified_gmt":"2026-04-28T07:27:41","slug":"na-er-et-nytt-bygg-klart-for-apning-nrk-rogaland-lokale-nyheter-tv-og-radio","status":"publish","type":"post","link":"https:\/\/radiostavanger.no\/?p=6445","title":{"rendered":"N\u00e5 er et nytt bygg klart for \u00e5pning \u2013 NRK Rogaland \u2013 Lokale nyheter, TV og radio"},"content":{"rendered":"<p><br \/>\n<\/p>\n<div data-main-content=\"\" data-ec-list=\"article_body\" data-ec-name=\"br\u00f8dtekst\">\n<p>I august 2022 veltet enorme mengder svart r\u00f8yk ut av renovasjonsselskapet Ivars splitter nye sorteringsanlegg for s\u00f8ppel p\u00e5 Forus i Sandnes.<\/p>\n<p>Bygget som hadde en prislapp p\u00e5 650 millioner kroner, og hadde v\u00e6rt i bruk i tre \u00e5r, ble totalskadd.<\/p>\n<p>N\u00e5 har selskapet brukt nye millioner p\u00e5 \u00e5 rehabilitere bygget, og 1. september starter pr\u00f8vekj\u00f8ringen av anlegget.<\/p>\n<p>G\u00e5r alt etter planen, kan det v\u00e6re i full drift neste sommer.<\/p>\n<p>\u2013 Mange sm\u00e5 enkelthendelser gjorde at det ble en stor katastrofe. Utgangspunktet er nok sannsynligvis at et batteri startet brannen, sier prosjektleder for gjenoppbyggingen, Robert Selseng, til NRK.<\/p>\n<div id=\"1.16046949.bfcef305\" class=\"g100 col fc s10 sl12 sl18 sg6 sg9 image-reference image-reference--F169\"><!-- include: \/serum\/render?id=1.16046949&size=10&perspective=RICH&alignment=CENTER&caption=Slik+s%C3%A5+taket+p%C3%A5+IVARs+ettersorteringsanlegg+i+august+2022.+&type=image&aspect=F169&parentSize=10 --><!-- START: \/templates\/image\/image-rich.jsp --><\/p>\n<figure class=\"image widget rich\">\n<div class=\"responsive-img F169\"><img decoding=\"async\" sizes=\"(min-width:1180px) 639px, (min-width:720px) 56vw, 100vw\" srcset=\"https:\/\/gfx.nrk.no\/ChUQX8xMa4axEIlfX1eJvwuu2-_IzJ3V6y6e5xg-_9KQ.jpg 80w, https:\/\/gfx.nrk.no\/ChUQX8xMa4axEIlfX1eJvwOdbynlnnaoiy6e5xg-_9KQ.jpg 160w, https:\/\/gfx.nrk.no\/ChUQX8xMa4axEIlfX1eJvwZ8izMcRfqEmy6e5xg-_9KQ.jpg 350w, https:\/\/gfx.nrk.no\/ChUQX8xMa4axEIlfX1eJvwUpU0fQicXmiy6e5xg-_9KQ.jpg 450w, https:\/\/gfx.nrk.no\/ChUQX8xMa4axEIlfX1eJvwoUTXjO43uEay6e5xg-_9KQ.jpg 650w, https:\/\/gfx.nrk.no\/ChUQX8xMa4axEIlfX1eJvwQySW5SQbnz2y6e5xg-_9KQ.jpg 1000w, https:\/\/gfx.nrk.no\/ChUQX8xMa4axEIlfX1eJvwxDli3Ux5zTSy6e5xg-_9KQ.jpg 1200w, https:\/\/gfx.nrk.no\/ChUQX8xMa4axEIlfX1eJvw22XWnEC576-y6e5xg-_9KQ.jpg 1600w, https:\/\/gfx.nrk.no\/ChUQX8xMa4axEIlfX1eJvw9D7EXN1mxouy6e5xg-_9KQ.jpg 2000w\" src=\"data:image\/gif;base64,R0lGODlhAQABAIAAAAAAAP\/\/\/yH5BAEAAAAALAAAAAABAAEAAAIBRAA7\" loading=\"eager\" alt=\"Taket p\u00e5 IVAR ettersorteringsanlegg Forus etter brannen\" title=\"Foto: Odd Rune Kyllingstad \/ NRK\"\/><\/div><figcaption>\n<p class=\"\">Slik s\u00e5 taket p\u00e5 IVARs ettersorteringsanlegg i august 2022. <\/p>\n<p><small>Foto: Odd Rune Kyllingstad \/ NRK<\/small><br \/>\n<\/figcaption><\/figure>\n<p><!-- END: \/templates\/image\/image-rich.jsp -->\n<\/div>\n<p>Uttrykket sier at brent barn skyr ilden. Det gj\u00f8r tydeligvis eierne av brente bygg ogs\u00e5.<\/p>\n<p>Ivar har nemlig gjort ting annerledes denne gangen. De ulike hallene er n\u00e5 adskilt med brannvegger, som beskytter hvert enkelt omr\u00e5de.<\/p>\n<p><strong>\u2013 F\u00f8r det kollapser kan det brenne p\u00e5 den ene siden av veggen i to timer, uten at det p\u00e5virker noe p\u00e5 den andre siden av veggen, sier Selseng.<\/strong><\/p>\n<div id=\"1.17863186.bc735948\" class=\"g100 col fc s10 sl12 sl18 sg6 sg9 image-reference image-reference--F169\"><!-- include: \/serum\/render?id=1.17863186&size=10&perspective=RICH&alignment=CENTER&caption=Robert+Selseng+er+prosjektleder+for+gjenoppbyggingen+av+sorteringsanlegget+til+IVAR+p%C3%A5+Forus.&type=image&aspect=F169&parentSize=10 --><!-- START: \/templates\/image\/image-rich.jsp --><\/p>\n<figure class=\"image widget rich\">\n<div class=\"responsive-img F169\"><img decoding=\"async\" sizes=\"(min-width:1180px) 639px, (min-width:720px) 56vw, 100vw\" srcset=\"https:\/\/gfx.nrk.no\/kWzWiwwqmxMZq-_tHv0YXQNK3gmwiH2CUMCbML6D-WIQ.jpg 80w, https:\/\/gfx.nrk.no\/kWzWiwwqmxMZq-_tHv0YXQ9rx542Rw1vgMCbML6D-WIQ.jpg 160w, https:\/\/gfx.nrk.no\/kWzWiwwqmxMZq-_tHv0YXQvvXyEwslQVMMCbML6D-WIQ.jpg 350w, https:\/\/gfx.nrk.no\/kWzWiwwqmxMZq-_tHv0YXQInqjONpk7M4MCbML6D-WIQ.jpg 450w, https:\/\/gfx.nrk.no\/kWzWiwwqmxMZq-_tHv0YXQKZQspJ52mA4MCbML6D-WIQ.jpg 650w, https:\/\/gfx.nrk.no\/kWzWiwwqmxMZq-_tHv0YXQ9VuB22TViScMCbML6D-WIQ.jpg 1000w, https:\/\/gfx.nrk.no\/kWzWiwwqmxMZq-_tHv0YXQwSQXxivb2TYMCbML6D-WIQ.jpg 1200w, https:\/\/gfx.nrk.no\/kWzWiwwqmxMZq-_tHv0YXQn_ayrQFwWoAMCbML6D-WIQ.jpg 1600w, https:\/\/gfx.nrk.no\/kWzWiwwqmxMZq-_tHv0YXQ2xYj1nhrOcoMCbML6D-WIQ.jpg 2000w\" src=\"data:image\/gif;base64,R0lGODlhAQABAIAAAAAAAP\/\/\/yH5BAEAAAAALAAAAAABAAEAAAIBRAA7\" loading=\"eager\" alt=\"Robert Selseng, prosjektleder IVAR\" title=\"Foto: Odd Rune Kyllingstad \/ NRK\"\/><\/div><figcaption>\n<p class=\"\">Robert Selseng er prosjektleder for gjenoppbyggingen av sorteringsanlegget til IVAR p\u00e5 Forus.<\/p>\n<p><small>Foto: Odd Rune Kyllingstad \/ NRK<\/small><br \/>\n<\/figcaption><\/figure>\n<p><!-- END: \/templates\/image\/image-rich.jsp -->\n<\/div>\n<h2>Flere branner i anlegg<\/h2>\n<p>Brannen i Sandnes er ikke unik. S\u00e5 sent som i forrige uke brant det i et gjennvinningsanlegg i Sandefjord.<\/p>\n<p>R\u00f8yken skal ha v\u00e6rt synlig p\u00e5 lang avstand. Det ble satt opp en sikkerhetssone p\u00e5 300 meter, og 600 tonn restavfall sto i brann.<\/p>\n<p><!-- \/\/ Reference Autonomous --><\/p>\n<p>I desember i fjor brant det ogs\u00e5 i et gjenvinningsanlegg for el-avfall i T\u00f8nsberg.<\/p>\n<div id=\"1.17686354.ca1a1e40\" class=\"g100 col fc s10 sl12 sl18 sg6 sg9 image-reference image-reference--F169\"><!-- include: \/serum\/render?id=1.17686354&size=10&perspective=RICH&alignment=CENTER&caption=Branner+i+gjenvinningsanlegg+skjer+med+jevne+mellomrom.+Her+fra+T%C3%B8nsberg+i+desember+2025.&type=image&aspect=F169&parentSize=10 --><!-- START: \/templates\/image\/image-rich.jsp --><\/p>\n<figure class=\"image widget rich\">\n<div class=\"responsive-img F169\"><img decoding=\"async\" sizes=\"(min-width:1180px) 639px, (min-width:720px) 56vw, 100vw\" srcset=\"https:\/\/gfx.nrk.no\/M_AeL_RO2xFYzEhnhfIa6QO71miiB84Zqrhl3SkLSmmA.jpg 80w, https:\/\/gfx.nrk.no\/M_AeL_RO2xFYzEhnhfIa6Qddy7jnAHpO-rhl3SkLSmmA.jpg 160w, https:\/\/gfx.nrk.no\/M_AeL_RO2xFYzEhnhfIa6Q6sVFA3lr0-Krhl3SkLSmmA.jpg 350w, https:\/\/gfx.nrk.no\/M_AeL_RO2xFYzEhnhfIa6QQR_cQ6klxFmrhl3SkLSmmA.jpg 450w, https:\/\/gfx.nrk.no\/M_AeL_RO2xFYzEhnhfIa6QWK4aDpmO9kGrhl3SkLSmmA.jpg 650w, https:\/\/gfx.nrk.no\/M_AeL_RO2xFYzEhnhfIa6QgKttV1SrQhWrhl3SkLSmmA.jpg 1000w, https:\/\/gfx.nrk.no\/M_AeL_RO2xFYzEhnhfIa6Q5ZgIN2DxEdWrhl3SkLSmmA.jpg 1200w, https:\/\/gfx.nrk.no\/M_AeL_RO2xFYzEhnhfIa6Qnmowidk0LeSrhl3SkLSmmA.jpg 1600w, https:\/\/gfx.nrk.no\/M_AeL_RO2xFYzEhnhfIa6Qv6qVkd3uHQOrhl3SkLSmmA.jpg 2000w\" src=\"data:image\/gif;base64,R0lGODlhAQABAIAAAAAAAP\/\/\/yH5BAEAAAAALAAAAAABAAEAAAIBRAA7\" loading=\"eager\" alt=\"Flammer og r\u00f8yk p\u00e5 et industriomr\u00e5de\" title=\"Foto: Guro Hatlo \/ NRK\"\/><\/div><figcaption>\n<p class=\"\">Branner i gjenvinningsanlegg skjer med jevne mellomrom. Her fra T\u00f8nsberg i desember 2025.<\/p>\n<p><small>Foto: Guro Hatlo \/ NRK<\/small><br \/>\n<\/figcaption><\/figure>\n<p><!-- END: \/templates\/image\/image-rich.jsp -->\n<\/div>\n<h2>Slukker gnister p\u00e5 sekunder<\/h2>\n<p>Det nye anlegget p\u00e5 Fous sorterer ut plast og metall fra restavfallet. Ivar hevder at sorteringen kan kutte klimagassutslipp tilsvarende 21.000 biler.<\/p>\n<p>Prosjektleder Selseng forteller at det nye anlegget er utstyrt med flere ulike typer slukkeutstyr og teknologi for \u00e5 oppdage brann.<\/p>\n<p>\u2013 I mottakssalen har vi vannkanoner, sprinkleranlegg og n\u00e6rslukkeanlegg som tar sm\u00e5 gnister og slukker dem i l\u00f8pet av sekunder, sier han.<\/p>\n<div id=\"1.16045932.c31c7541\" class=\"g100 col fln s10 sl12 sl18 sg6 sg9 video-reference\"><!-- include: \/serum\/render?id=1.16045932&size=10&perspective=RICH&alignment=AUTO&caption=Brann+i+gjenvinningsanlegg+p%C3%A5+Forus&variant=player&parentSize=10 --><\/p>\n<figure class=\"image nrkno-embed-initialize video widget rich\" id=\"video-f7f6c924-d4aa-4590-8b3d-94f00d5b1353\" nrkno-embed-type=\"nrkno-embed-nrkno-player\" data-video-id=\"f7f6c924-d4aa-4590-8b3d-94f00d5b1353\" data-video-source=\"POTION\" data-video-type=\"DEFAULT\" data-title=\"Brann i gjenvinningsanlegg p\u00e5 Forus\" data-ec-id=\"potion:f7f6c924-d4aa-4590-8b3d-94f00d5b1353\" data-ec-name=\"Brann i gjenvinningsanlegg p\u00e5 Forus\" data-audio-as-video=\"false\" data-player-mode=\"default\" data-canonical-url=\"https:\/\/www.nrk.no\/video\/f7f6c924-d4aa-4590-8b3d-94f00d5b1353\" data-autoplay=\"false\" data-ps-id=\"f7f6c924-d4aa-4590-8b3d-94f00d5b1353\" data-aspect-ratio=\"16x9\" data-type=\"DEFAULT\" data-lazy-autoplay=\"false\" data-video-offset=\"0\"><figcaption>\n<p>Brann i gjenvinningsanlegg p\u00e5 Forus<\/p>\n<\/figcaption><\/figure>\n<\/div>\n<p><strong>Gjenoppbyggingen etter brannen har v\u00e6rt alt annet enn gratis. Kostnaden vil passere en halv milliard kroner, men investeringen vil gi resultater, sier fagansvarlig for gjenvinning i Ivar, Audun Roalkvam.<\/strong><\/p>\n<p>\u2013 Vi regner med at vi omtrent vil halvere klimagassutslippet fra restavfallet.\n<\/p>\n<div id=\"1.17863198.be364968\" class=\"g100 col fc s10 sl12 sl18 sg6 sg9 image-reference image-reference--F169\"><!-- include: \/serum\/render?id=1.17863198&size=10&perspective=RICH&alignment=CENTER&caption=Mye+er+allerede+p%C3%A5+plass+i+det+store+anlegget+til+IVAR.&type=image&aspect=F169&parentSize=10 --><!-- START: \/templates\/image\/image-rich.jsp --><\/p>\n<figure class=\"image widget rich\">\n<div class=\"responsive-img F169\"><img decoding=\"async\" sizes=\"(min-width:1180px) 639px, (min-width:720px) 56vw, 100vw\" srcset=\"https:\/\/gfx.nrk.no\/CJjYiryFfrQ7uPONwK1MgQoN4F6o_SnRBit6feTHKKeA.jpg 80w, https:\/\/gfx.nrk.no\/CJjYiryFfrQ7uPONwK1MgQMZWnro48Ex9it6feTHKKeA.jpg 160w, https:\/\/gfx.nrk.no\/CJjYiryFfrQ7uPONwK1MgQ_M3SCZ1dHWRit6feTHKKeA.jpg 350w, https:\/\/gfx.nrk.no\/CJjYiryFfrQ7uPONwK1MgQcLnG31oXykhit6feTHKKeA.jpg 450w, https:\/\/gfx.nrk.no\/CJjYiryFfrQ7uPONwK1MgQqFJ_R4woiidit6feTHKKeA.jpg 650w, https:\/\/gfx.nrk.no\/CJjYiryFfrQ7uPONwK1MgQ2utHypenw85it6feTHKKeA.jpg 1000w, https:\/\/gfx.nrk.no\/CJjYiryFfrQ7uPONwK1MgQT0dSdu2QAtlit6feTHKKeA.jpg 1200w, https:\/\/gfx.nrk.no\/CJjYiryFfrQ7uPONwK1MgQFFIeM-2ORORit6feTHKKeA.jpg 1600w, https:\/\/gfx.nrk.no\/CJjYiryFfrQ7uPONwK1MgQDKsEFMc5Txdit6feTHKKeA.jpg 2000w\" src=\"data:image\/gif;base64,R0lGODlhAQABAIAAAAAAAP\/\/\/yH5BAEAAAAALAAAAAABAAEAAAIBRAA7\" loading=\"eager\" alt=\"Inspeksjon p\u00e5 IVARs sorteringsanlegg p\u00e5 Forus\" title=\"Foto: Odd Rune Kyllingstad \/ NRK\"\/><\/div><figcaption>\n<p class=\"\">Mye er allerede p\u00e5 plass i det store anlegget til IVAR.<\/p>\n<p><small>Foto: Odd Rune Kyllingstad \/ NRK<\/small><br \/>\n<\/figcaption><\/figure>\n<p><!-- END: \/templates\/image\/image-rich.jsp -->\n<\/div>\n<h2>Varaordf\u00f8rer: \u2013 H\u00e5per de slipper \u00e5 gj\u00f8re samme feil<\/h2>\n<p>Kristoffer Birkedal (Frp) varaordf\u00f8rer i Sandnes. De er en av eierkommunene til Ivar, og Birkedal sitter derfor i representantskapet til selskapet.<\/p>\n<p>Sandnes-politikeren gleder seg til sorteringsanlegget er i full drift.<\/p>\n<p>\u2013 Det var usikkerhetsmomenter rundt om vi kunne f\u00e5 det til, men n\u00e5 er det noe \u00e5 glede seg over. Det handler om \u00e5 ta lure grep for fremtiden. Vi vet at anlegget vil bli viktig, ti, femten og tjue \u00e5r frem i tid, sier Birkedal.<\/p>\n<div id=\"1.17298037.c015688a\" class=\"g100 col fc s10 sl12 sl18 sg6 sg9 image-reference image-reference--F169\"><!-- include: \/serum\/render?id=1.17298037&size=10&perspective=RICH&alignment=CENTER&caption=Kristoffer+Birkedal+er+varaordf%C3%B8rer+i+Sandnes.+Han+fikk+sjokk+da+beskjeden+om+brannen+i+IVARs+ettersorteringsanlegg+p%C3%A5+Forus+kom+for+snaue+fire+%C3%A5r+siden.&type=image&aspect=F169&parentSize=10 --><!-- START: \/templates\/image\/image-rich.jsp --><\/p>\n<figure class=\"image widget rich\">\n<div class=\"responsive-img F169\"><img decoding=\"async\" sizes=\"(min-width:1180px) 639px, (min-width:720px) 56vw, 100vw\" srcset=\"https:\/\/gfx.nrk.no\/Roe6BUPD0Pqo6plnPwzV_g1CDcEqqWbp2wodHHjocAqQ.jpg 80w, https:\/\/gfx.nrk.no\/Roe6BUPD0Pqo6plnPwzV_gZFP0AFLAR8KwodHHjocAqQ.jpg 160w, https:\/\/gfx.nrk.no\/Roe6BUPD0Pqo6plnPwzV_gNy4xEMnUF1uwodHHjocAqQ.jpg 350w, https:\/\/gfx.nrk.no\/Roe6BUPD0Pqo6plnPwzV_gLnPhAIf5UmqwodHHjocAqQ.jpg 450w, https:\/\/gfx.nrk.no\/Roe6BUPD0Pqo6plnPwzV_gYJ2oYDxSNyqwodHHjocAqQ.jpg 650w, https:\/\/gfx.nrk.no\/Roe6BUPD0Pqo6plnPwzV_gXf8hiEhTpBqwodHHjocAqQ.jpg 1000w, https:\/\/gfx.nrk.no\/Roe6BUPD0Pqo6plnPwzV_gTfyNOg1_3auwodHHjocAqQ.jpg 1200w, https:\/\/gfx.nrk.no\/Roe6BUPD0Pqo6plnPwzV_gmUmRpqk8qxuwodHHjocAqQ.jpg 1600w, https:\/\/gfx.nrk.no\/Roe6BUPD0Pqo6plnPwzV_gQT2uCqpwrk6wodHHjocAqQ.jpg 2000w\" src=\"data:image\/gif;base64,R0lGODlhAQABAIAAAAAAAP\/\/\/yH5BAEAAAAALAAAAAABAAEAAAIBRAA7\" loading=\"eager\" alt=\"Kristoffer Birkedal fra Frp blir varaordf\u00f8rer i Sandnes.\" title=\"Foto: Odd Rune Kyllingstad \/ NRK\"\/><\/div><figcaption>\n<p class=\"\">Kristoffer Birkedal er varaordf\u00f8rer i Sandnes. Han fikk sjokk da beskjeden om brannen i IVARs ettersorteringsanlegg p\u00e5 Forus kom for snaue fire \u00e5r siden.<\/p>\n<p><small>Foto: Odd Rune Kyllingstad \/ NRK<\/small><br \/>\n<\/figcaption><\/figure>\n<p><!-- END: \/templates\/image\/image-rich.jsp -->\n<\/div>\n<p>Birkedal gleder seg ogs\u00e5 over de nye beredskapstiltakene som er innf\u00f8rt i det nye anlegget, og h\u00e5per andre kommuner kan ta l\u00e6rdom av brannen p\u00e5 Forus.<\/p>\n<p>\u2013 Jeg h\u00e5per de slipper \u00e5 gj\u00f8re samme feil som vi gjorde, sier varaordf\u00f8reren avslutningsvis.<\/p>\n<div id=\"1.17863191.bcb9cecd\" class=\"g100 col fc s10 sl12 sl18 sg6 sg9 image-reference image-reference--F169\"><!-- include: \/serum\/render?id=1.17863191&size=10&perspective=RICH&alignment=CENTER&caption=Feilsortert+s%C3%B8ppel+gir+store%2C+un%C3%B8dvendige+klimagassutslipp.+Det+vil+IVAR+ha+en+slutt+p%C3%A5.+&type=image&aspect=F169&parentSize=10 --><!-- START: \/templates\/image\/image-rich.jsp --><\/p>\n<figure class=\"image widget rich\">\n<div class=\"responsive-img F169\"><img decoding=\"async\" sizes=\"(min-width:1180px) 639px, (min-width:720px) 56vw, 100vw\" srcset=\"https:\/\/gfx.nrk.no\/Yw2JXSiB84kxoV7Wq3ohnghK5GBbez5X7gAfRHa6_Z5g.jpg 80w, https:\/\/gfx.nrk.no\/Yw2JXSiB84kxoV7Wq3ohngfjIW95fxNa_gAfRHa6_Z5g.jpg 160w, https:\/\/gfx.nrk.no\/Yw2JXSiB84kxoV7Wq3ohngPegNGZvKGV_gAfRHa6_Z5g.jpg 350w, https:\/\/gfx.nrk.no\/Yw2JXSiB84kxoV7Wq3ohngY8LHgViPbongAfRHa6_Z5g.jpg 450w, https:\/\/gfx.nrk.no\/Yw2JXSiB84kxoV7Wq3ohngut1_9Ui7TrzgAfRHa6_Z5g.jpg 650w, https:\/\/gfx.nrk.no\/Yw2JXSiB84kxoV7Wq3ohngdYv8utYT3LjgAfRHa6_Z5g.jpg 1000w, https:\/\/gfx.nrk.no\/Yw2JXSiB84kxoV7Wq3ohngAZNBqlqYaDHgAfRHa6_Z5g.jpg 1200w, https:\/\/gfx.nrk.no\/Yw2JXSiB84kxoV7Wq3ohngv_xmjdDCLIzgAfRHa6_Z5g.jpg 1600w, https:\/\/gfx.nrk.no\/Yw2JXSiB84kxoV7Wq3ohngoo092Ooaoc7gAfRHa6_Z5g.jpg 2000w\" src=\"data:image\/gif;base64,R0lGODlhAQABAIAAAAAAAP\/\/\/yH5BAEAAAAALAAAAAABAAEAAAIBRAA7\" loading=\"eager\" alt=\"Inspeksjon p\u00e5 sorteringsanlegg til IVAR\" title=\"Foto: Odd Rune Kyllingstad \/ NRK\"\/><\/div><figcaption>\n<p class=\"\">Feilsortert s\u00f8ppel gir store, un\u00f8dvendige klimagassutslipp. Det vil IVAR ha en slutt p\u00e5. <\/p>\n<p><small>Foto: Odd Rune Kyllingstad \/ NRK<\/small><br \/>\n<\/figcaption><\/figure>\n<p><!-- END: \/templates\/image\/image-rich.jsp -->\n<\/div>\n<p><!-- include: \/serum\/render?id=1.16930046&size=18&perspective=RICH&alignment=AUTO --><!-- START: \/templates\/section\/section.jsp --><\/p>\n<p><!-- END: \/templates\/section\/section.jsp -->\n<\/div>\n<p>\n<span class=\"article-publish-date publish-date \"><br \/>\n<span class=\"article-dateline-annotation\">Publisert<\/span><br \/>\n<time class=\"datetime-absolute datePublished\" datetime=\"2026-04-28T09:24:17+02:00\"><br \/>\n28.04.2026, kl. 09.24<br \/>\n<\/time><br \/>\n<\/span>\n<\/p>\n<p><br \/>\n<br \/><a href=\"https:\/\/www.nrk.no\/rogaland\/gjenvinninganlegget-til-ivar-ble-totalskadd-i-brann_-na-er-et-nytt-bygg-klart-for-apning-1.17862979\">Kildelink <\/a><\/p>\n","protected":false},"excerpt":{"rendered":"<p>I august 2022 veltet enorme mengder svart r\u00f8yk ut av renovasjonsselskapet Ivars splitter nye sorteringsanlegg for s\u00f8ppel p\u00e5 Forus i Sandnes. Bygget som hadde en prislapp p\u00e5 650 millioner kroner, og hadde v\u00e6rt i bruk i tre \u00e5r, ble totalskadd. N\u00e5 har selskapet brukt nye millioner p\u00e5 \u00e5 rehabilitere bygget, og 1. september starter pr\u00f8vekj\u00f8ringen [&hellip;]<\/p>\n","protected":false},"author":1,"featured_media":6446,"comment_status":"","ping_status":"","sticky":false,"template":"","format":"standard","meta":{"footnotes":""},"categories":[108],"tags":[],"tmauthors":[],"class_list":{"0":"post-6445","1":"post","2":"type-post","3":"status-publish","4":"format-standard","5":"has-post-thumbnail","7":"category-lokalnyheter"},"_links":{"self":[{"href":"https:\/\/radiostavanger.no\/index.php?rest_route=\/wp\/v2\/posts\/6445","targetHints":{"allow":["GET"]}}],"collection":[{"href":"https:\/\/radiostavanger.no\/index.php?rest_route=\/wp\/v2\/posts"}],"about":[{"href":"https:\/\/radiostavanger.no\/index.php?rest_route=\/wp\/v2\/types\/post"}],"author":[{"embeddable":true,"href":"https:\/\/radiostavanger.no\/index.php?rest_route=\/wp\/v2\/users\/1"}],"replies":[{"embeddable":true,"href":"https:\/\/radiostavanger.no\/index.php?rest_route=%2Fwp%2Fv2%2Fcomments&post=6445"}],"version-history":[{"count":0,"href":"https:\/\/radiostavanger.no\/index.php?rest_route=\/wp\/v2\/posts\/6445\/revisions"}],"wp:featuredmedia":[{"embeddable":true,"href":"https:\/\/radiostavanger.no\/index.php?rest_route=\/wp\/v2\/media\/6446"}],"wp:attachment":[{"href":"https:\/\/radiostavanger.no\/index.php?rest_route=%2Fwp%2Fv2%2Fmedia&parent=6445"}],"wp:term":[{"taxonomy":"category","embeddable":true,"href":"https:\/\/radiostavanger.no\/index.php?rest_route=%2Fwp%2Fv2%2Fcategories&post=6445"},{"taxonomy":"post_tag","embeddable":true,"href":"https:\/\/radiostavanger.no\/index.php?rest_route=%2Fwp%2Fv2%2Ftags&post=6445"},{"taxonomy":"tmauthors","embeddable":true,"href":"https:\/\/radiostavanger.no\/index.php?rest_route=%2Fwp%2Fv2%2Ftmauthors&post=6445"}],"curies":[{"name":"wp","href":"https:\/\/api.w.org\/{rel}","templated":true}]}}