{"id":6447,"date":"2026-04-28T12:41:37","date_gmt":"2026-04-28T12:41:37","guid":{"rendered":"https:\/\/radiostavanger.no\/?p=6447"},"modified":"2026-04-28T12:41:37","modified_gmt":"2026-04-28T12:41:37","slug":"gjert-ingebrigtsen-fremmer-erstatningskrav-overfor-staten-etter-rettssaken-nrk-sport-sportsnyheter-resultater-og-sendeplan","status":"publish","type":"post","link":"https:\/\/radiostavanger.no\/?p=6447","title":{"rendered":"Gjert Ingebrigtsen fremmer erstatningskrav overfor staten etter rettssaken \u2013 NRK Sport \u2013 Sportsnyheter, resultater og sendeplan"},"content":{"rendered":"<p><br \/>\n<br \/><img decoding=\"async\" src=\"https:\/\/gfx.nrk.no\/351SEyK4DzfKNIYHiXRoYQEcffCCsl2Sv0lJL7SFFiEw.jpg\" \/><\/p>\n<div>\n<p>Gjert Ingebrigtsen mener han har krav p\u00e5 erstatning fra staten for uberettiget straffeforf\u00f8lgning etter at han i 2025 ble frifunnet for anklagene om mishandling i n\u00e6re relasjoner. Det kommer frem i en pressemelding.<\/p>\n<p>TV 2 hadde saken f\u00f8rst.<\/p>\n<p>\u00abDen langvarige straffeforf\u00f8lgningen har hatt betydelige konsekvenser for Ingebrigtsen, b\u00e5de personlig, famili\u00e6rt og \u00f8konomisk. Saken har v\u00e6rt sterkt belastende over tid, med omfattende offentlig eksponering og store omkostninger\u00bb. st\u00e5r det i pressemeldingen.<\/p>\n<p>\u2013 Etter v\u00e5rt syn bar saken fra et tidlig stadium preg av manglende objektivitet, og ressursbruken har st\u00e5tt i et \u00e5penbart misforhold til sakens faktiske grunnlag. I lys av frifinnelsen mener vi at tiltale aldri burde v\u00e6rt reist, sier advokat Heidi Reisvang i Elden Advokatfirma, i pressemeldingen.<\/p>\n<p>Videre st\u00e5r det:<\/p>\n<p>\u00abGjert Ingebrigtsen har derfor fremmet krav om erstatning for uberettiget straffeforf\u00f8lgning. Kravet omfatter b\u00e5de oppreisningserstatning og erstatning for dokumentert inntektstap, herunder fremtidig tap som f\u00f8lge av saken\u00bb.<\/p>\n<p>60-\u00e5rige Ingebrigtsen trente i flere \u00e5r s\u00f8nnene Jakob, Filip og Henrik Ingebrigtsen til verdenstoppen, men m\u00e5tte gi seg vinteren 2022.<\/p>\n<p>I fjor ble han frifunnet for mishandling i n\u00e6re relasjoner mot flere av sine barn, men ble d\u00f8mt til betinget fengsel i 15 dager for kroppskrenkelse mot datteren.<\/p>\n<p>I etterkant besluttet p\u00e5talenemnda i Norges idrettsforbund ikke \u00e5 p\u00e5tale Ingebrigtsen.<\/p>\n<p>Norges Friidrettsforbund har samtidig varslet at holdningen knyttet til \u00e5 nekte friidrettstreneren akkrediteringer til mesterskap er uendret. (NRK\/NTB)<\/p>\n<\/div>\n<p><br \/>\n<br \/><a href=\"https:\/\/www.nrk.no\/sport\/gjert-ingebrigtsen-fremmer-erstatningskrav-overfor-staten-etter-rettssaken-1.17864234\">Kildelink <\/a><\/p>\n","protected":false},"excerpt":{"rendered":"<p>Gjert Ingebrigtsen mener han har krav p\u00e5 erstatning fra staten for uberettiget straffeforf\u00f8lgning etter at han i 2025 ble frifunnet for anklagene om mishandling i n\u00e6re relasjoner. Det kommer frem i en pressemelding. TV 2 hadde saken f\u00f8rst. \u00abDen langvarige straffeforf\u00f8lgningen har hatt betydelige konsekvenser for Ingebrigtsen, b\u00e5de personlig, famili\u00e6rt og \u00f8konomisk. Saken har v\u00e6rt [&hellip;]<\/p>\n","protected":false},"author":1,"featured_media":6448,"comment_status":"","ping_status":"","sticky":false,"template":"","format":"standard","meta":{"footnotes":""},"categories":[108],"tags":[],"tmauthors":[],"class_list":{"0":"post-6447","1":"post","2":"type-post","3":"status-publish","4":"format-standard","5":"has-post-thumbnail","7":"category-lokalnyheter"},"_links":{"self":[{"href":"https:\/\/radiostavanger.no\/index.php?rest_route=\/wp\/v2\/posts\/6447","targetHints":{"allow":["GET"]}}],"collection":[{"href":"https:\/\/radiostavanger.no\/index.php?rest_route=\/wp\/v2\/posts"}],"about":[{"href":"https:\/\/radiostavanger.no\/index.php?rest_route=\/wp\/v2\/types\/post"}],"author":[{"embeddable":true,"href":"https:\/\/radiostavanger.no\/index.php?rest_route=\/wp\/v2\/users\/1"}],"replies":[{"embeddable":true,"href":"https:\/\/radiostavanger.no\/index.php?rest_route=%2Fwp%2Fv2%2Fcomments&post=6447"}],"version-history":[{"count":0,"href":"https:\/\/radiostavanger.no\/index.php?rest_route=\/wp\/v2\/posts\/6447\/revisions"}],"wp:featuredmedia":[{"embeddable":true,"href":"https:\/\/radiostavanger.no\/index.php?rest_route=\/wp\/v2\/media\/6448"}],"wp:attachment":[{"href":"https:\/\/radiostavanger.no\/index.php?rest_route=%2Fwp%2Fv2%2Fmedia&parent=6447"}],"wp:term":[{"taxonomy":"category","embeddable":true,"href":"https:\/\/radiostavanger.no\/index.php?rest_route=%2Fwp%2Fv2%2Fcategories&post=6447"},{"taxonomy":"post_tag","embeddable":true,"href":"https:\/\/radiostavanger.no\/index.php?rest_route=%2Fwp%2Fv2%2Ftags&post=6447"},{"taxonomy":"tmauthors","embeddable":true,"href":"https:\/\/radiostavanger.no\/index.php?rest_route=%2Fwp%2Fv2%2Ftmauthors&post=6447"}],"curies":[{"name":"wp","href":"https:\/\/api.w.org\/{rel}","templated":true}]}}