{"id":6451,"date":"2026-04-29T04:15:22","date_gmt":"2026-04-29T04:15:22","guid":{"rendered":"https:\/\/radiostavanger.no\/?p=6451"},"modified":"2026-04-29T04:15:22","modified_gmt":"2026-04-29T04:15:22","slug":"helikopter-tryggleiken-blei-endra-etter-ulykka-nrk-vestland","status":"publish","type":"post","link":"https:\/\/radiostavanger.no\/?p=6451","title":{"rendered":"Helikopter-tryggleiken blei endra etter ulykka \u2013 NRK Vestland"},"content":{"rendered":"<p><br \/>\n<\/p>\n<div data-main-content=\"\" data-ec-list=\"article_body\" data-ec-name=\"br\u00f8dtekst\">\n<p>\u2013 Det har aldri gitt heilt meining at ein propell og ein helikopterkropp skil lag.<\/p>\n<p>Lasse Vasstveit ser p\u00e5 eit innramma bilde av pappaen Otto Mikal Vasstveit. Han var ein lang mann, s\u00e5 kjeledressen er litt for kort.<\/p>\n<div id=\"1.17863784.5e9abc1f\" class=\"g100 col fc s10 sl12 sl18 sg6 sg9 image-reference image-reference--F169\"><!-- include: \/serum\/render?id=1.17863784&size=10&perspective=RICH&alignment=CENTER&caption=Otto+Mikal+Vasstveit+p%C3%A5+jobb+p%C3%A5+plattforma.&type=image&aspect=F169&parentSize=10 --><!-- START: \/templates\/image\/image-rich.jsp --><\/p>\n<figure class=\"image widget rich\">\n<div class=\"responsive-img F169\"><img decoding=\"async\" sizes=\"(min-width:1180px) 639px, (min-width:720px) 56vw, 100vw\" srcset=\"https:\/\/gfx.nrk.no\/orH0c3l6cVSdaPJRq9I08gEx3yHCO6cCBadg5UKCrDKQ.jpg 80w, https:\/\/gfx.nrk.no\/orH0c3l6cVSdaPJRq9I08gjpl4zkO9tcJadg5UKCrDKQ.jpg 160w, https:\/\/gfx.nrk.no\/orH0c3l6cVSdaPJRq9I08g9ptRtv49jrVadg5UKCrDKQ.jpg 350w, https:\/\/gfx.nrk.no\/orH0c3l6cVSdaPJRq9I08gdN1OnEME2cBadg5UKCrDKQ.jpg 450w, https:\/\/gfx.nrk.no\/orH0c3l6cVSdaPJRq9I08gBL2trOkmxBFadg5UKCrDKQ.jpg 650w, https:\/\/gfx.nrk.no\/orH0c3l6cVSdaPJRq9I08gTPse6indSIVadg5UKCrDKQ.jpg 1000w, https:\/\/gfx.nrk.no\/orH0c3l6cVSdaPJRq9I08gX7oFG3tPdf5adg5UKCrDKQ.jpg 1200w, https:\/\/gfx.nrk.no\/orH0c3l6cVSdaPJRq9I08gTpgC-y1vuUBadg5UKCrDKQ.jpg 1600w, https:\/\/gfx.nrk.no\/orH0c3l6cVSdaPJRq9I08gG7tjy1MMJwRadg5UKCrDKQ.jpg 2000w\" src=\"data:image\/gif;base64,R0lGODlhAQABAIAAAAAAAP\/\/\/yH5BAEAAAAALAAAAAABAAEAAAIBRAA7\" loading=\"eager\" alt=\"Eit innramma bilde av Otto Mikal Vasstveit i jobb-kjeledress p\u00e5 plattform. Vasstveit er lang, s\u00e5 kjeledressen er litt for kort.\" title=\"Foto: Tom Edvindsen \/ NRK\"\/><\/div><figcaption>\n<p class=\"\">Otto Mikal Vasstveit p\u00e5 jobb p\u00e5 plattforma.<\/p>\n<p><small>Foto: Tom Edvindsen \/ NRK<\/small><br \/>\n<\/figcaption><\/figure>\n<p><!-- END: \/templates\/image\/image-rich.jsp -->\n<\/div>\n<p>\u2013 Dressane var aldri lange nok, seier dottera Agate Vasstveit.<\/p>\n<p>Det er ti \u00e5r sidan ulykka som tok livet av tretten menneske rett vest for Bergen. Otto Mikael var ein av dei, p\u00e5 veg heim fr\u00e5 plattforma Gullfaks B.<\/p>\n<p>Den turen skulle ogs\u00e5 f\u00e5 betydning for helikoptertrafikken i heile verda.<\/p>\n<div id=\"1.17863674.675e6ce9\" class=\"g100 col fc s10 sl12 sl18 sg6 sg9 audio-reference\"><!-- include: \/serum\/render?id=1.17863674&size=10&perspective=RICH&alignment=CENTER&parentSize=10 --><\/p>\n<figure class=\"nrkno-embed-initialize audio widget rich\" nrkno-embed-type=\"nrkno-embed-radio-player\" data-audio-id=\"hele_historien\/l_d593bc52-c09d-4fe1-93bc-52c09d9fe158\" data-audio-type=\"PODCAST_EPISODE\" data-audio-offset=\"0\" data-radio-url=\"https:\/\/radio.nrk.no\/podkast\/hele_historien\/l_d593bc52-c09d-4fe1-93bc-52c09d9fe158\" itemscope=\"\" itemtype=\"http:\/\/schema.org\/AudioObject\" data-ec-id=\"podpush:podcastepisode:l_d593bc52-c09d-4fe1-93bc-52c09d9fe158\" data-ec-name=\"Helikopterstyrten\">\n<meta itemprop=\"description\" content=\"\"\/><br \/>\n<meta itemprop=\"name\" content=\"Helikopterstyrten\"\/><\/p>\n<p><noscript><\/p>\n<div class=\"alert description\">\n<p class=\"message\">Du trenger javascript for \u00e5 spille av lydklippet \u00abHelikopterstyrten\u00bb.<\/p>\n<\/div>\n<p><\/noscript><br \/>\n<\/figure>\n<\/div>\n<h2>Feil i girboksen<\/h2>\n<p>Havarikommisjonen var raskt p\u00e5 plass same dagen, men arbeidet med den endelege rapporten var ikkje ferdig f\u00f8r over to \u00e5r seinare.<\/p>\n<div id=\"1.17864405.59107ae5\" class=\"g100 col fc s10 sl12 sl18 sg6 sg9 image-reference image-reference--F169\"><!-- include: \/serum\/render?id=1.17864405&size=10&perspective=RICH&alignment=CENTER&caption=Delane+ligg+p%C3%A5+golvet+i+ein+stor+hall+p%C3%A5+Haakonsvern+i+Bergen.+Dette+er+berre+nokre+dagar+etter+at+Havarikommisjonen+har+starta+sitt+lange+arbeid.&type=image&aspect=F169&parentSize=10 --><!-- START: \/templates\/image\/image-rich.jsp --><\/p>\n<figure class=\"image widget rich\">\n<div class=\"responsive-img F169\"><img decoding=\"async\" sizes=\"(min-width:1180px) 639px, (min-width:720px) 56vw, 100vw\" srcset=\"https:\/\/gfx.nrk.no\/fJipwqNa9CjHfO8PTjSXlwY5nU3FLTCMV6wCqJk2LIqw.jpg 80w, https:\/\/gfx.nrk.no\/fJipwqNa9CjHfO8PTjSXlwopnh7qgUFat6wCqJk2LIqw.jpg 160w, https:\/\/gfx.nrk.no\/fJipwqNa9CjHfO8PTjSXlws-9Nib6nJq96wCqJk2LIqw.jpg 350w, https:\/\/gfx.nrk.no\/fJipwqNa9CjHfO8PTjSXlwV5Kgmli6Mkh6wCqJk2LIqw.jpg 450w, https:\/\/gfx.nrk.no\/fJipwqNa9CjHfO8PTjSXlwFnIgTv3R0kB6wCqJk2LIqw.jpg 650w, https:\/\/gfx.nrk.no\/fJipwqNa9CjHfO8PTjSXlw1l3-ajCA5jl6wCqJk2LIqw.jpg 1000w, https:\/\/gfx.nrk.no\/fJipwqNa9CjHfO8PTjSXlwExyxEZEumrx6wCqJk2LIqw.jpg 1200w, https:\/\/gfx.nrk.no\/fJipwqNa9CjHfO8PTjSXlw1ezcUlseqXF6wCqJk2LIqw.jpg 1600w, https:\/\/gfx.nrk.no\/fJipwqNa9CjHfO8PTjSXlw-BD5pzjqjGV6wCqJk2LIqw.jpg 2000w\" src=\"data:image\/gif;base64,R0lGODlhAQABAIAAAAAAAP\/\/\/yH5BAEAAAAALAAAAAABAAEAAAIBRAA7\" loading=\"eager\" alt=\"Helikopterdelane etter Tur\u00f8y-ulykka ligg str\u00f8dd utover ein stor hall p\u00e5 Haakonsvern.\" title=\"Foto: Mathiesen, Tor Erik H. \/ NTB,NTB\"\/><\/div><figcaption>\n<p class=\"\">Delane ligg p\u00e5 golvet i ein stor hall p\u00e5 Haakonsvern i Bergen. Dette er berre nokre dagar etter at Havarikommisjonen har starta sitt lange arbeid.<\/p>\n<p><small>Foto: Mathiesen, Tor Erik H. \/ NTB,NTB<\/small><br \/>\n<\/figcaption><\/figure>\n<p><!-- END: \/templates\/image\/image-rich.jsp -->\n<\/div>\n<p>K\u00e5re Halvorsen var den \u00f8vste ansvarlege for rapporten, og han hadde eitt m\u00e5l: Finne ut korleis det nesten uforst\u00e5elege kunne skje.<\/p>\n<p>Korleis kunne rotoren losne fr\u00e5 helikopterkroppen?<\/p>\n<p>\u2013 Den gongen girboksen blei laga, var krava slik at dei ikkje tok omsyn til moglege feil inni girboksen, seier Halvorsen.<\/p>\n<p>Det er no endra. Ingen helikopter har denne konstruksjonen lenger. Tur\u00f8y-ulykka s\u00f8rga for tryggare helikopterproduksjon verda over.<\/p>\n<div id=\"1.12978693.5e70759c\" class=\"g100 col fc s10 sl12 sl18 sg6 sg9 image-reference image-reference--F169\"><!-- include: \/serum\/render?id=1.12978693&size=10&perspective=RICH&alignment=CENTER&caption=Slik+s%C3%A5g+tannhjulet+p%C3%A5+ulykkeshelikopteret+ut.+Sprekken+i+midten+f%C3%B8rte+til+styrten.&type=image&aspect=F169&parentSize=10 --><!-- START: \/templates\/image\/image-rich.jsp --><\/p>\n<figure class=\"image widget rich\">\n<div class=\"responsive-img F169\"><img decoding=\"async\" sizes=\"(min-width:1180px) 639px, (min-width:720px) 56vw, 100vw\" srcset=\"https:\/\/gfx.nrk.no\/zs2FJHnuK-XiYH4YiBfIuQ5BOJG1hGmv0He8VcCN5f7g.jpg 80w, https:\/\/gfx.nrk.no\/zs2FJHnuK-XiYH4YiBfIuQpJHsE8l46E8He8VcCN5f7g.jpg 160w, https:\/\/gfx.nrk.no\/zs2FJHnuK-XiYH4YiBfIuQb6spcx6QRrYHe8VcCN5f7g.jpg 350w, https:\/\/gfx.nrk.no\/zs2FJHnuK-XiYH4YiBfIuQh-NEzgleqC8He8VcCN5f7g.jpg 450w, https:\/\/gfx.nrk.no\/zs2FJHnuK-XiYH4YiBfIuQCa4aiMLNUlcHe8VcCN5f7g.jpg 650w, https:\/\/gfx.nrk.no\/zs2FJHnuK-XiYH4YiBfIuQg5CPFxTj5kQHe8VcCN5f7g.jpg 1000w, https:\/\/gfx.nrk.no\/zs2FJHnuK-XiYH4YiBfIuQ6rLDkH0zgCQHe8VcCN5f7g.jpg 1200w, https:\/\/gfx.nrk.no\/zs2FJHnuK-XiYH4YiBfIuQsc3m3Am5hvkHe8VcCN5f7g.jpg 1600w, https:\/\/gfx.nrk.no\/zs2FJHnuK-XiYH4YiBfIuQbFflh1B6xJgHe8VcCN5f7g.jpg 2000w\" src=\"data:image\/gif;base64,R0lGODlhAQABAIAAAAAAAP\/\/\/yH5BAEAAAAALAAAAAABAAEAAAIBRAA7\" loading=\"eager\" alt=\"Gir-del\" title=\"Foto: Havarikommisjonen\"\/><\/div><figcaption>\n<p class=\"\">Slik s\u00e5g tannhjulet p\u00e5 ulykkeshelikopteret ut. Sprekken i midten f\u00f8rte til styrten.<\/p>\n<p><small>Foto: Havarikommisjonen<\/small><br \/>\n<\/figcaption><\/figure>\n<p><!-- END: \/templates\/image\/image-rich.jsp -->\n<\/div>\n<p>\u2013 I dag er det ikkje lov \u00e5 lage helikopter utan ein \u00abfail safe\u00bb-funksjon, seier Halvorsen.<\/p>\n<p>Det betyr at eit tilsvarande problem i girboksen ikkje skal f\u00f8re til at rotoren losnar.<\/p>\n<p>\u2013 Det har gjort ei stor forandring, vil eg seie.<\/p>\n<p>Han skildrar luftfarta som ein konservativ bransje, men at endringa p\u00e5 dette punktet har g\u00e5tt \u00abimponerande fort\u00bb.<\/p>\n<div id=\"1.17698921.6717f764\" class=\"g100 col fc s10 sl12 sl18 sg6 sg9 image-reference image-reference--F169\"><!-- include: \/serum\/render?id=1.17698921&size=10&perspective=RICH&alignment=CENTER&caption=K%C3%A5re+Halvorsen+jobbar+framleis+i+Havarikommisjonen.+Han+og+kollegaene+snevra+raskt+inn+arbeidet+mot+rotoren+og+drivsystemet.&type=image&aspect=F169&parentSize=10 --><!-- START: \/templates\/image\/image-rich.jsp --><\/p>\n<figure class=\"image widget rich\">\n<div class=\"responsive-img F169\"><img decoding=\"async\" sizes=\"(min-width:1180px) 639px, (min-width:720px) 56vw, 100vw\" srcset=\"https:\/\/gfx.nrk.no\/QRTV5J5u-OkscoKlz8-vhwsIMNserbq2wGQiUMjF4FQw.jpg 80w, https:\/\/gfx.nrk.no\/QRTV5J5u-OkscoKlz8-vhwHvIgRDpk-aQGQiUMjF4FQw.jpg 160w, https:\/\/gfx.nrk.no\/QRTV5J5u-OkscoKlz8-vhw4ZkY08lAL6YGQiUMjF4FQw.jpg 350w, https:\/\/gfx.nrk.no\/QRTV5J5u-OkscoKlz8-vhwDQiD-z_a4RUGQiUMjF4FQw.jpg 450w, https:\/\/gfx.nrk.no\/QRTV5J5u-OkscoKlz8-vhwSswX2HLFFNgGQiUMjF4FQw.jpg 650w, https:\/\/gfx.nrk.no\/QRTV5J5u-OkscoKlz8-vhw3qvRRmbhE_0GQiUMjF4FQw.jpg 1000w, https:\/\/gfx.nrk.no\/QRTV5J5u-OkscoKlz8-vhwjPD0XnWpGkwGQiUMjF4FQw.jpg 1200w, https:\/\/gfx.nrk.no\/QRTV5J5u-OkscoKlz8-vhw9KXao37EhAIGQiUMjF4FQw.jpg 1600w, https:\/\/gfx.nrk.no\/QRTV5J5u-OkscoKlz8-vhwO5lj_LtsZIEGQiUMjF4FQw.jpg 2000w\" src=\"data:image\/gif;base64,R0lGODlhAQABAIAAAAAAAP\/\/\/yH5BAEAAAAALAAAAAABAAEAAAIBRAA7\" loading=\"eager\" alt=\"K\u00e5re Halvorsen i Statens havarikommisjon\" title=\"Foto: Ksenia Novikova\"\/><\/div><figcaption>\n<p class=\"\">K\u00e5re Halvorsen jobbar framleis i Havarikommisjonen. Han og kollegaene snevra raskt inn arbeidet mot rotoren og drivsystemet.<\/p>\n<p><small>Foto: Ksenia Novikova<\/small><br \/>\n<\/figcaption><\/figure>\n<p><!-- END: \/templates\/image\/image-rich.jsp -->\n<\/div>\n<h2>\u00abKunden sitt val\u00bb<\/h2>\n<p>Ulykkeshelikopteret var av typen Airbus H225 Super Puma. Det fekk forbod mot \u00e5 fly i Noreg etter ulykka, men forbodet blei tatt vekk i juli 2017.<\/p>\n<p>Luftfartstilsynet sa dette til NRK den gongen:<\/p>\n<p>\u2013 Vi har heile tida st\u00e5tt fast p\u00e5 at vi skal oppheve flyforbodet n\u00e5r vi er sikre p\u00e5 at helikopteret er trygt \u00e5 fly med. Resten av verda oppheva flyforbodet i fjor. No har vi f\u00e5tt gjennomslag for v\u00e5re sikkerheitskrav hos det europeiske luftfartstilsynet, og no er det trygt \u00e5 fly igjen, sa luftfarsdirekt\u00f8r Lars Kobberstad.<\/p>\n<div id=\"1.12930059.606edb6b\" class=\"g100 col fc s10 sl12 sl18 sg6 sg9 image-reference image-reference--F169\"><!-- include: \/serum\/render?id=1.12930059&size=10&perspective=RICH&alignment=CENTER&caption=Bildet+er+tatt+nokre+veker+f%C3%B8r+helikopteret+styrta.&type=image&aspect=F169&parentSize=10 --><!-- START: \/templates\/image\/image-rich.jsp --><\/p>\n<figure class=\"image widget rich\">\n<div class=\"responsive-img F169\"><img decoding=\"async\" sizes=\"(min-width:1180px) 639px, (min-width:720px) 56vw, 100vw\" srcset=\"https:\/\/gfx.nrk.no\/Z5Kvgrm6bFwx0JDsF4RRUQb_8oVHlpDHGZf8Czg2W_Kg.png 80w, https:\/\/gfx.nrk.no\/Z5Kvgrm6bFwx0JDsF4RRUQ4YOCTyvUsOSZf8Czg2W_Kg.png 160w, https:\/\/gfx.nrk.no\/Z5Kvgrm6bFwx0JDsF4RRUQgtHT-X3aDx2Zf8Czg2W_Kg.png 350w, https:\/\/gfx.nrk.no\/Z5Kvgrm6bFwx0JDsF4RRUQMTuEWRaHQqWZf8Czg2W_Kg.png 450w, https:\/\/gfx.nrk.no\/Z5Kvgrm6bFwx0JDsF4RRUQdNwk0FwnavyZf8Czg2W_Kg.png 650w, https:\/\/gfx.nrk.no\/Z5Kvgrm6bFwx0JDsF4RRUQszuKG5nH2FyZf8Czg2W_Kg.png 1000w, https:\/\/gfx.nrk.no\/Z5Kvgrm6bFwx0JDsF4RRUQ4mwhGD1v7z6Zf8Czg2W_Kg.png 1200w, https:\/\/gfx.nrk.no\/Z5Kvgrm6bFwx0JDsF4RRUQLf8Zkyw23myZf8Czg2W_Kg.png 1600w, https:\/\/gfx.nrk.no\/Z5Kvgrm6bFwx0JDsF4RRUQC27d4bdtcLmZf8Czg2W_Kg.png 2000w\" src=\"data:image\/gif;base64,R0lGODlhAQABAIAAAAAAAP\/\/\/yH5BAEAAAAALAAAAAABAAEAAAIBRAA7\" loading=\"eager\" alt=\"Ulykkeshelikopteret Tur\u00f8y i lufta ein m\u00e5ned f\u00f8r ulykken\" title=\"Foto: Erik Westrum\"\/><\/div><figcaption>\n<p class=\"\">Bildet er tatt nokre veker f\u00f8r helikopteret styrta.<\/p>\n<p><small>Foto: Erik Westrum<\/small><br \/>\n<\/figcaption><\/figure>\n<p><!-- END: \/templates\/image\/image-rich.jsp -->\n<\/div>\n<p>Men ti \u00e5r etter Tur\u00f8y-ulykka flyr framleis ikkje Airbus sine helikopter i offshoren\u00e6ringa i Noreg.<\/p>\n<p>Airbus svarer slik om at helikoptera deira framleis ikkje flyr til norske plattformer:<\/p>\n<p>\u00abValet av helikopter som opererer offshore kor som helst i verda, er kunden sitt val, noko vi naturlegvis respekterer. Sj\u00f8lv om det ikkje er slik i Noreg, er det 20 H175-helikopter som flyg offshore i Nordsj\u00f8en, og det er 90 Airbus-helikopter som flyr andre oppdrag i Noreg.\u00bb<\/p>\n<h2>Eit umogleg syn<\/h2>\n<p>Agate og Lasse Vasstveit fekk reise til Gullfaks B etter ulykka.<\/p>\n<p>\u2013 Vi har tatt helikopter ut, og vi har tatt helikopter heim, og det gjekk fint. Det var for \u00e5 fullf\u00f8re turen, men det var ogs\u00e5 for andre ungar, for at dei ikkje skal vere redde.<\/p>\n<p>Dei reiser ogs\u00e5 til Tur\u00f8y utanfor Bergen i samband med ti\u00e5rsmarkeringa.<\/p>\n<p>P\u00e5 ein stein st\u00e5r namnet til pappa Otto Mikal Vasstveit, og opp\u00e5 steinen st\u00e5r eit lite hus med tretten lys i, eitt for kvar av dei som omkom.<\/p>\n<p>Lasse Vasstveit tenker ofte p\u00e5 ulykkesdagen, og rotoren.<\/p>\n<p>\u2013 Bildet av rotoren som ligg eit par hundre meter bortanfor. Det er eit bildet som har brent seg fast, for alltid. At propellen berre ligg der.<\/p>\n<p><strong>\u2013 Det skal jo ikkje skje.<\/strong><\/p>\n<div id=\"1.17864160.c8591b20\" class=\"g100 col fc s10 sl12 sl18 sg6 sg9 image-reference image-reference--F169\"><!-- include: \/serum\/render?id=1.17864160&size=10&perspective=RICH&alignment=CENTER&type=image&aspect=F169&parentSize=10 --><!-- START: \/templates\/image\/image-rich.jsp --><\/p>\n<figure class=\"image widget rich\">\n<div class=\"responsive-img F169\"><img decoding=\"async\" sizes=\"(min-width:1180px) 639px, (min-width:720px) 56vw, 100vw\" srcset=\"https:\/\/gfx.nrk.no\/9GVW1rsejh4aHeQixdxyMwEdNMVclIULIHrOxz3JA3aw.jpg 80w, https:\/\/gfx.nrk.no\/9GVW1rsejh4aHeQixdxyMws-bgmB8cAtwHrOxz3JA3aw.jpg 160w, https:\/\/gfx.nrk.no\/9GVW1rsejh4aHeQixdxyMw2YjPz5YVcBwHrOxz3JA3aw.jpg 350w, https:\/\/gfx.nrk.no\/9GVW1rsejh4aHeQixdxyMwgAgCI5DHHUcHrOxz3JA3aw.jpg 450w, https:\/\/gfx.nrk.no\/9GVW1rsejh4aHeQixdxyMwqrje7fcQQn8HrOxz3JA3aw.jpg 650w, https:\/\/gfx.nrk.no\/9GVW1rsejh4aHeQixdxyMw6LuHSn_mY3cHrOxz3JA3aw.jpg 1000w, https:\/\/gfx.nrk.no\/9GVW1rsejh4aHeQixdxyMwKrjxBCFgddMHrOxz3JA3aw.jpg 1200w, https:\/\/gfx.nrk.no\/9GVW1rsejh4aHeQixdxyMwDegc8CKQ31cHrOxz3JA3aw.jpg 1600w, https:\/\/gfx.nrk.no\/9GVW1rsejh4aHeQixdxyMww7qAo-fTzB0HrOxz3JA3aw.jpg 2000w\" src=\"data:image\/gif;base64,R0lGODlhAQABAIAAAAAAAP\/\/\/yH5BAEAAAAALAAAAAABAAEAAAIBRAA7\" loading=\"eager\" alt=\"Lasse Vasstveit og Agate Vasstveit ser p\u00e5 bilde av far sin, som omkom i Tur\u00f8y-ulykka\" title=\"Foto: Tom Edvindsen \/ NRK\"\/><\/div><figcaption>\n<small>Foto: Tom Edvindsen \/ NRK<\/small><br \/>\n<\/figcaption><\/figure>\n<p><!-- END: \/templates\/image\/image-rich.jsp -->\n<\/div>\n<div id=\"1.17849004.f812b503\" class=\"g100 col fc s10 sl12 sl18 sg6 sg9 fact-reference\"><!-- include: \/serum\/render?id=1.17849004&size=10&perspective=BRIEF&alignment=CENTER&variant=maximized&parentSize=10 --><\/p>\n<aside class=\" fact widget brief skin-background-50 darkmode-skin-background-900 skin-text-950 skin-anchor-child-700 skin-anchor-child-800--hover darkmode-skin-text-50 darkmode-skin-anchor-child-200 darkmode-skin-anchor-child-300--hover fact--full\" role=\"complementary\" data-id=\"1.17849004\" id=\"fact-1-17849004\" aria-labelledby=\"fact-1-17849004_title\" data-ec-id=\"pp:article:1.17849004\" data-ec-name=\"Etterspelet etter Tur\u00f8y-ulykka\" data-ec-category=\"fact--full\">\n<h3 class=\"fact__title title\" id=\"fact-1-17849004_title\">Etterspelet etter Tur\u00f8y-ulykka<\/h3>\n<p><button class=\"fact__expand\" data-k5a-pos=\"faktaboks\" data-factid=\"fact-1-17849004\"><\/p>\n<p><\/button><\/p>\n<div class=\"fact__body text-body skin-text-950 skin-anchor-child-700 skin-anchor-child-800--hover darkmode-skin-text-50 darkmode-skin-anchor-child-200 darkmode-skin-anchor-child-300--hover \" aria-hidden=\"false\">\n<ul>\n<li>I 2018 kjem Havarikommisjonen med sine konklusjonar.<\/li>\n<li>Avdelingsdirekt\u00f8r K\u00e5re Halvorsen uttalte dette: \u2013 Vi har funne ut at eit utmattingsbrot var direkte \u00e5rsak til ulykka. Eit overflates\u00e5r p\u00e5 innsida av giret som var heilt usynleg, fekk utvikle seg.<\/li>\n<li>Havarikommisjonen tilr\u00e5r helikopterprodusenten Airbus \u00e5 byte design p\u00e5 girboksen. Ingen helikopter blir i dag produsert slik som ulykkeshelikopteret.<\/li>\n<li>Som f\u00f8lge av Havarikommisjonen sin rapport blir pilotane og helikopteroperat\u00f8ren heilt frikjende fr\u00e5 skuld.<\/li>\n<li>Politiet og stadsadvokaten legg vekk saka hausten 2018. Dei konkluderer med \u00abintet straffbart forhold bevist\u00bb.<\/li>\n<li>I 2021 inng\u00e5r Airbus eit forlik med dei p\u00e5r\u00f8rande etter ulykka. Alle familiane fekk ein hemmeleg sum.<\/li>\n<\/ul>\n<\/div>\n<\/aside>\n<\/div>\n<\/div>\n<p>\n<span class=\"article-publish-date publish-date publish-date-with-update-date\"><br \/>\n<span class=\"article-dateline-annotation\">Publisert<\/span><br \/>\n<time class=\"datetime-absolute datePublished\" datetime=\"2026-04-29T05:23:48+02:00\"><br \/>\n29.04.2026, kl. 05.23<br \/>\n<\/time><br \/>\n<\/span><br \/>\n<span class=\"article-update-date update-date\"><span class=\"article-dateline-annotation\">Oppdatert<\/span><br \/>\n<time class=\"datetime-relative dateModified\" datetime=\"2026-04-29T06:07:48+02:00\"><br \/>\n29.04.2026, kl. 06.07<br \/>\n<\/time><\/span>\n<\/p>\n<p><br \/>\n<br \/><a href=\"https:\/\/www.nrk.no\/vestland\/ti-ar-etter-turoy-ulykka_-helikopter-tryggleiken-blei-endra-etter-ulykka-1.17858679\">Kildelink <\/a><\/p>\n","protected":false},"excerpt":{"rendered":"<p>\u2013 Det har aldri gitt heilt meining at ein propell og ein helikopterkropp skil lag. Lasse Vasstveit ser p\u00e5 eit innramma bilde av pappaen Otto Mikal Vasstveit. Han var ein lang mann, s\u00e5 kjeledressen er litt for kort. Otto Mikal Vasstveit p\u00e5 jobb p\u00e5 plattforma. Foto: Tom Edvindsen \/ NRK \u2013 Dressane var aldri lange [&hellip;]<\/p>\n","protected":false},"author":1,"featured_media":6452,"comment_status":"","ping_status":"","sticky":false,"template":"","format":"standard","meta":{"footnotes":""},"categories":[108],"tags":[],"tmauthors":[],"class_list":{"0":"post-6451","1":"post","2":"type-post","3":"status-publish","4":"format-standard","5":"has-post-thumbnail","7":"category-lokalnyheter"},"_links":{"self":[{"href":"https:\/\/radiostavanger.no\/index.php?rest_route=\/wp\/v2\/posts\/6451","targetHints":{"allow":["GET"]}}],"collection":[{"href":"https:\/\/radiostavanger.no\/index.php?rest_route=\/wp\/v2\/posts"}],"about":[{"href":"https:\/\/radiostavanger.no\/index.php?rest_route=\/wp\/v2\/types\/post"}],"author":[{"embeddable":true,"href":"https:\/\/radiostavanger.no\/index.php?rest_route=\/wp\/v2\/users\/1"}],"replies":[{"embeddable":true,"href":"https:\/\/radiostavanger.no\/index.php?rest_route=%2Fwp%2Fv2%2Fcomments&post=6451"}],"version-history":[{"count":0,"href":"https:\/\/radiostavanger.no\/index.php?rest_route=\/wp\/v2\/posts\/6451\/revisions"}],"wp:featuredmedia":[{"embeddable":true,"href":"https:\/\/radiostavanger.no\/index.php?rest_route=\/wp\/v2\/media\/6452"}],"wp:attachment":[{"href":"https:\/\/radiostavanger.no\/index.php?rest_route=%2Fwp%2Fv2%2Fmedia&parent=6451"}],"wp:term":[{"taxonomy":"category","embeddable":true,"href":"https:\/\/radiostavanger.no\/index.php?rest_route=%2Fwp%2Fv2%2Fcategories&post=6451"},{"taxonomy":"post_tag","embeddable":true,"href":"https:\/\/radiostavanger.no\/index.php?rest_route=%2Fwp%2Fv2%2Ftags&post=6451"},{"taxonomy":"tmauthors","embeddable":true,"href":"https:\/\/radiostavanger.no\/index.php?rest_route=%2Fwp%2Fv2%2Ftmauthors&post=6451"}],"curies":[{"name":"wp","href":"https:\/\/api.w.org\/{rel}","templated":true}]}}