{"id":6463,"date":"2026-04-30T11:13:36","date_gmt":"2026-04-30T11:13:36","guid":{"rendered":"https:\/\/radiostavanger.no\/?p=6463"},"modified":"2026-04-30T11:13:36","modified_gmt":"2026-04-30T11:13:36","slug":"eksperter-mener-den-hoye-oljeprisen-er-darlig-nytt-for-norge-nrk-rogaland-lokale-nyheter-tv-og-radio","status":"publish","type":"post","link":"https:\/\/radiostavanger.no\/?p=6463","title":{"rendered":"Eksperter mener den h\u00f8ye oljeprisen er d\u00e5rlig nytt for Norge \u2013 NRK Rogaland \u2013 Lokale nyheter, TV og radio"},"content":{"rendered":"<p><br \/>\n<\/p>\n<div data-main-content=\"\" data-ec-list=\"article_body\" data-ec-name=\"br\u00f8dtekst\">\n<p><strong>\u2013 F\u00f8rst og fremst s\u00e5 er det negativt for Norge og nordmenn at prisen p\u00e5 olje n\u00e5 er skyh\u00f8y.<\/strong><\/p>\n<p>Administrerende direkt\u00f8r i Rogaland sparebank, Tomas Nordb\u00f8 sier de h\u00f8ye oljeprisene f\u00f8rer til <strong>h\u00f8yere bensinpriser<\/strong> og <strong>h\u00f8yere renter<\/strong> for folk flest.<\/p>\n<p>Prisen p\u00e5 nordsj\u00f8olje med levering neste m\u00e5ned har i morgentimene v\u00e6rt over 126 dollar fatet.<\/p>\n<p>Det er den h\u00f8yeste oljeprisen p\u00e5 over fire \u00e5r.<\/p>\n<div id=\"1.17866852.350b3681\" class=\"g100 col fc s10 sl12 sl18 sg6 sg9 image-reference image-reference--ORIGINAL\"><!-- include: \/serum\/render?id=1.17866852&size=10&perspective=RICH&alignment=CENTER&caption=Tomas+Nordb%C3%B8+i+Rogaland+sparebank+er+tydelig+p%C3%A5+at+de+h%C3%B8ye+oljeprisene+er+negativt+for+Norge+og+befolkningen.+&type=image&aspect=ORIGINAL&parentSize=10 --><!-- START: \/templates\/image\/image-rich.jsp --><\/p>\n<figure class=\"image widget rich\">\n<div style=\"padding-bottom:66.69736%;\" class=\"responsive-img ORIGINAL\"><img decoding=\"async\" sizes=\"(min-width:1180px) 639px, (min-width:720px) 56vw, 100vw\" srcset=\"https:\/\/gfx.nrk.no\/7v_VqVjKxoZmKFDGs9pSCAjWjdFjB54BgPLjT3pii4Qw.jpg 80w, https:\/\/gfx.nrk.no\/7v_VqVjKxoZmKFDGs9pSCAUtVjzdZrYwMPLjT3pii4Qw.jpg 160w, https:\/\/gfx.nrk.no\/7v_VqVjKxoZmKFDGs9pSCA7c5G1p0q0TAPLjT3pii4Qw.jpg 350w, https:\/\/gfx.nrk.no\/7v_VqVjKxoZmKFDGs9pSCAHKhWYFCCdwUPLjT3pii4Qw.jpg 450w, https:\/\/gfx.nrk.no\/7v_VqVjKxoZmKFDGs9pSCAk4ZVqn7KjxwPLjT3pii4Qw.jpg 650w, https:\/\/gfx.nrk.no\/7v_VqVjKxoZmKFDGs9pSCA65e9IwlBELkPLjT3pii4Qw.jpg 1000w, https:\/\/gfx.nrk.no\/7v_VqVjKxoZmKFDGs9pSCAXhMFedUSSwQPLjT3pii4Qw.jpg 1200w, https:\/\/gfx.nrk.no\/7v_VqVjKxoZmKFDGs9pSCAgCE_EC703RgPLjT3pii4Qw.jpg 1600w, https:\/\/gfx.nrk.no\/7v_VqVjKxoZmKFDGs9pSCAAUzTFq9Knm4PLjT3pii4Qw.jpg 2000w\" src=\"data:image\/gif;base64,R0lGODlhAQABAIAAAAAAAP\/\/\/yH5BAEAAAAALAAAAAABAAEAAAIBRAA7\" loading=\"eager\" alt=\"Finansdirekt\u00f8r Tomas Nordb\u00f8 i Rogaland Sparebank\" title=\"Foto: Rogaland Sparebank\"\/><\/div><figcaption>\n<p class=\"\">Tomas Nordb\u00f8 i Rogaland sparebank er tydelig p\u00e5 at de h\u00f8ye oljeprisene er negativt for Norge og befolkningen. <\/p>\n<p><small>Foto: Rogaland Sparebank<\/small><br \/>\n<\/figcaption><\/figure>\n<p><!-- END: \/templates\/image\/image-rich.jsp -->\n<\/div>\n<h2>Renteheving i mai: \u2013 Langt fra usannsynlig<\/h2>\n<p><span>Sjef\u00f8konom Kjersti Haugland i DNB forventer at renta skal opp to ganger til f\u00f8r \u00e5ret er omme. Hun understreker at dette behovet eksisterte allerede f\u00f8r situasjonen i Midt\u00f8sten eskalerte.<\/span><\/p>\n<p>Men rentehevingen kan komme allerede n\u00e5. Det har sammenheng med at krigen fortsetter og at oljeprisen har steget mye den siste tida.<\/p>\n<p>\u2013 Det er langt ifra usannsynlig at vi f\u00e5r en renteheving n\u00e5. Norges Bank har nok hatt en plan A om \u00e5 heve i juni og en plan B for mai. At uroen har vedvart, kan bidra til at de velger plan B, sier hun.<\/p>\n<div id=\"1.17866955.6b6dec5d\" class=\"g100 col fc s10 sl12 sl18 sg6 sg9 image-reference image-reference--ORIGINAL\"><!-- include: \/serum\/render?id=1.17866955&size=10&perspective=RICH&alignment=CENTER&caption=Kjersti+Haugland+er+sjef%C3%B8konom+i+DNB.+Hun+tror+det+blir+to+rentehevinger+til+i+%C3%A5r.+Da+vil+styringsrenta+ende+opp+p%C3%A5+4%2C5+prosent.+&type=image&aspect=ORIGINAL&parentSize=10 --><!-- START: \/templates\/image\/image-rich.jsp --><\/p>\n<figure class=\"image widget rich\">\n<div style=\"padding-bottom:57.640053%;\" class=\"responsive-img ORIGINAL\"><img decoding=\"async\" sizes=\"(min-width:1180px) 639px, (min-width:720px) 56vw, 100vw\" srcset=\"https:\/\/gfx.nrk.no\/tUbN00WdmkYDWZr1O5AUNg1xqG-R2368yjE9OiT3ArLQ.jpg 80w, https:\/\/gfx.nrk.no\/tUbN00WdmkYDWZr1O5AUNg7zobjSD9ikyjE9OiT3ArLQ.jpg 160w, https:\/\/gfx.nrk.no\/tUbN00WdmkYDWZr1O5AUNgbAsOykgbHBOjE9OiT3ArLQ.jpg 350w, https:\/\/gfx.nrk.no\/tUbN00WdmkYDWZr1O5AUNgw8VvBoR_922jE9OiT3ArLQ.jpg 450w, https:\/\/gfx.nrk.no\/tUbN00WdmkYDWZr1O5AUNgaNnmYbgnZAqjE9OiT3ArLQ.jpg 650w, https:\/\/gfx.nrk.no\/tUbN00WdmkYDWZr1O5AUNgj8tME3qhyoijE9OiT3ArLQ.jpg 1000w, https:\/\/gfx.nrk.no\/tUbN00WdmkYDWZr1O5AUNgGGLugzVy7IijE9OiT3ArLQ.jpg 1200w, https:\/\/gfx.nrk.no\/tUbN00WdmkYDWZr1O5AUNgdRhi_8jc5aajE9OiT3ArLQ.jpg 1600w, https:\/\/gfx.nrk.no\/tUbN00WdmkYDWZr1O5AUNgobVmcPj2FUajE9OiT3ArLQ.jpg 2000w\" src=\"data:image\/gif;base64,R0lGODlhAQABAIAAAAAAAP\/\/\/yH5BAEAAAAALAAAAAABAAEAAAIBRAA7\" loading=\"eager\" alt=\"Kjersti Haugland, DNB, i intervju med sendedesken om dagens renteheving fra Norges Bank\" title=\"Foto: Tom Balgaard\/NRK\"\/><\/div><figcaption>\n<p class=\"\">Kjersti Haugland er sjef\u00f8konom i DNB. Hun tror det blir to rentehevinger til i \u00e5r. Da vil styringsrenta ende opp p\u00e5 4,5 prosent. <\/p>\n<p><small>Foto: Tom Balgaard\/NRK<\/small><br \/>\n<\/figcaption><\/figure>\n<p><!-- END: \/templates\/image\/image-rich.jsp -->\n<\/div>\n<p>Ved et ekstremt scenario, med en oljepris p\u00e5 200 dollar, kan effekten bli den motsatte, if\u00f8lge Haugland.<\/p>\n<p>Det vil kunne strupe aktiviteten i verdens\u00f8konomien og f\u00f8re til \u00f8kt arbeidsledighet. I et slikt tilfelle kan sentralbankene se seg n\u00f8dt til \u00e5 kutte rentene for \u00e5 motvirke en dyp nedtur.<\/p>\n<p>\u2013 Det blir en situasjon hvor det ikke er nok olje til alle for \u00e5 opprettholde aktiviteten, og da g\u00e5r ettersp\u00f8rselen ned. Folk og bedrifter begynner \u00e5 spare og blir mer tilbakeholdne. Da vil det bli flere arbeidsledige, og prisveksten vil etter hvert flate ut, sier hun.<\/p>\n<p><!-- \/\/ Reference Autonomous --><\/p>\n<h2>\u2013 Lite positivt<\/h2>\n<p>Sjef\u00f8konom Kyrre Knudsen i Sparebank 1 S\u00f8r-Norge sier inflasjonen vil \u00f8ke i takt med prisen p\u00e5 olje.<\/p>\n<p>\u2013 H\u00f8y oljepris f\u00f8rer til h\u00f8yere inflasjon i Norge, og en del varer som vi importerer eller lager selv blir dyrere, sier han.<\/p>\n<p>Kunstgj\u00f8dsel til landbruket er et typisk eksempel.<\/p>\n<p>\u2013 Kunstgj\u00f8dsel er i all hovedsak naturgass, og naturgassprisen sammen med oljeprisen har omtrent dobla seg i forhold til der vi var f\u00f8r krigen starta, sier Knudsen.<\/p>\n<p><strong>Omtrent 50 prosent av verdens matproduksjon er avhengig av kunstgj\u00f8dsel, og Hormuzstredet, som n\u00e5 er stengt, er en kritisk flaskehals for frakt av ammoniakk og gj\u00f8dsel.<\/strong><\/p>\n<div id=\"1.17866834.31855641\" class=\"g100 col fc s10 sl12 sl18 sg6 sg9 image-reference image-reference--ORIGINAL\"><!-- include: \/serum\/render?id=1.17866834&size=10&perspective=RICH&alignment=CENTER&caption=Stengingen+av+Hormuzstredet+truer+en+betydelig+del+av+verdens+kunstgj%C3%B8dselforsyninger%2C+noe+som+presser+prisene+opp+og+%C3%B8ker+faren+for+global+matmangel.&type=image&aspect=ORIGINAL&parentSize=10 --><!-- START: \/templates\/image\/image-rich.jsp --><\/p>\n<figure class=\"image widget rich\">\n<div style=\"padding-bottom:66.675%;\" class=\"responsive-img ORIGINAL\"><img decoding=\"async\" sizes=\"(min-width:1180px) 639px, (min-width:720px) 56vw, 100vw\" srcset=\"https:\/\/gfx.nrk.no\/Ux2KATMtiIaioOUaUynjLQ_P1OBh2w6PGS5cxEgrYVbg.jpg 80w, https:\/\/gfx.nrk.no\/Ux2KATMtiIaioOUaUynjLQrQoJAWtF836S5cxEgrYVbg.jpg 160w, https:\/\/gfx.nrk.no\/Ux2KATMtiIaioOUaUynjLQ38xkPqVPqoeS5cxEgrYVbg.jpg 350w, https:\/\/gfx.nrk.no\/Ux2KATMtiIaioOUaUynjLQ9IqprW7O05aS5cxEgrYVbg.jpg 450w, https:\/\/gfx.nrk.no\/Ux2KATMtiIaioOUaUynjLQ97-4bmSCeL6S5cxEgrYVbg.jpg 650w, https:\/\/gfx.nrk.no\/Ux2KATMtiIaioOUaUynjLQQ9PJhxxVLSmS5cxEgrYVbg.jpg 1000w, https:\/\/gfx.nrk.no\/Ux2KATMtiIaioOUaUynjLQfY86MnwK_hSS5cxEgrYVbg.jpg 1200w, https:\/\/gfx.nrk.no\/Ux2KATMtiIaioOUaUynjLQARr6R0LZ4hCS5cxEgrYVbg.jpg 1600w, https:\/\/gfx.nrk.no\/Ux2KATMtiIaioOUaUynjLQsaJ7OptHdQ2S5cxEgrYVbg.jpg 2000w\" src=\"data:image\/gif;base64,R0lGODlhAQABAIAAAAAAAP\/\/\/yH5BAEAAAAALAAAAAABAAEAAAIBRAA7\" loading=\"eager\" alt=\"En mann med briller st\u00e5r foran en skjerm som viser en graf. Grafen viser &quot;Fortsatt oppgang eller nedgang i oljebransjen?&quot;. Mannen gnir seg i hodet. En gruppe mennesker er uskarpe i forgrunnen. (Bildebeskrivelsen er laget av en KI-tjeneste)\" title=\"Foto: \u00d8ystein Otterdal \/ NRK\"\/><\/div><figcaption>\n<p class=\"\">Stengingen av Hormuzstredet truer en betydelig del av verdens kunstgj\u00f8dselforsyninger, noe som presser prisene opp og \u00f8ker faren for global matmangel.<\/p>\n<p><small>Foto: \u00d8ystein Otterdal \/ NRK<\/small><br \/>\n<\/figcaption><\/figure>\n<p><!-- END: \/templates\/image\/image-rich.jsp -->\n<\/div>\n<p>Det er lite positivt \u00e5 finne med at oljeprisen n\u00e5 blir omsatt til en pris p\u00e5 over 126 dollar, mener han.<\/p>\n<p>\u2013 Men konsekvensen kan v\u00e6re at en god del pr\u00f8ver \u00e5 bruke mindre olje. Og vi ser at det er flere land som n\u00e5 pr\u00f8ver \u00e5 gj\u00f8re seg mer uavhengige av olje og gass, sier han.<\/p>\n<h2>Langvarige effekter<\/h2>\n<p>If\u00f8lge analysesjef Per Magnus Nysveen i Rystad Energy vil oljeprisen p\u00e5virkes i lang tid framover.<\/p>\n<p>Det skjer ogs\u00e5 dersom Hormuzstredet \u00e5pner og det blir en avtale mellom USA og Iran.<\/p>\n<p>\u2013 Det kommer til \u00e5 v\u00e6re en vedvarende effekt langt ut i 2027, sier han.<\/p>\n<p>Nysveen peker p\u00e5 to hovedpoeng:<\/p>\n<ul>\n<li>Transporten av olje gjennom Hormuzstredet har s\u00e5 \u00e5 si stoppet opp, og det har v\u00e6rt en kraftig reduksjon i oljeproduksjonen i Midt\u00f8sten. Selv om transporten kommer i gang igjen, vil det ta lengre tid f\u00f8r oljeproduksjonen kommer tilbake p\u00e5 et normalt niv\u00e5.<\/li>\n<li>Oljelagrene er p\u00e5 et lavt niv\u00e5. Dette vil f\u00f8re til h\u00f8ye oljepriser helt fram til lagrene er p\u00e5 et normalt niv\u00e5 igjen. Konflikten de siste m\u00e5nedene har vist hvor s\u00e5rbar oljetilgangen er for mange land. Det kan f\u00f8re til at flere vil \u00f8ke niv\u00e5et for hva som regnes for normal oljereserve.<\/li>\n<\/ul>\n<div id=\"1.14464085.cb35ad29\" class=\"g100 col fc s10 sl12 sl18 sg6 sg9 image-reference image-reference--F169\"><!-- include: \/serum\/render?id=1.14464085&size=10&perspective=RICH&alignment=CENTER&caption=Per+Magnus+Nysveen+er+analysesjef+i+Rystad+Energy.&type=image&aspect=F169&parentSize=10 --><!-- START: \/templates\/image\/image-rich.jsp --><\/p>\n<figure class=\"image widget rich\">\n<div class=\"responsive-img F169\"><img decoding=\"async\" sizes=\"(min-width:1180px) 639px, (min-width:720px) 56vw, 100vw\" srcset=\"https:\/\/gfx.nrk.no\/5KABc7QkRjfbARvUBaxWwgMUV8ZgXEzPJW0d79r6w2tw.jpg 80w, https:\/\/gfx.nrk.no\/5KABc7QkRjfbARvUBaxWwg-7aIA1U9gWZW0d79r6w2tw.jpg 160w, https:\/\/gfx.nrk.no\/5KABc7QkRjfbARvUBaxWwg-TIH0lm7ewJW0d79r6w2tw.jpg 350w, https:\/\/gfx.nrk.no\/5KABc7QkRjfbARvUBaxWwgbQGW60JDrWxW0d79r6w2tw.jpg 450w, https:\/\/gfx.nrk.no\/5KABc7QkRjfbARvUBaxWwgYzoRQnjh7NNW0d79r6w2tw.jpg 650w, https:\/\/gfx.nrk.no\/5KABc7QkRjfbARvUBaxWwgXrNx2nVQBw9W0d79r6w2tw.jpg 1000w, https:\/\/gfx.nrk.no\/5KABc7QkRjfbARvUBaxWwg7Xgm884Yu3lW0d79r6w2tw.jpg 1200w, https:\/\/gfx.nrk.no\/5KABc7QkRjfbARvUBaxWwghLYRTBNJxR5W0d79r6w2tw.jpg 1600w, https:\/\/gfx.nrk.no\/5KABc7QkRjfbARvUBaxWwg01FQxmS-EmdW0d79r6w2tw.jpg 2000w\" src=\"data:image\/gif;base64,R0lGODlhAQABAIAAAAAAAP\/\/\/yH5BAEAAAAALAAAAAABAAEAAAIBRAA7\" loading=\"eager\" alt=\"Per Magnus Nysveen, analysesjef Rystad Energy\" title=\"Foto: Jon Skille Amundsen\"\/><\/div><figcaption>\n<p class=\"\">Per Magnus Nysveen er analysesjef i Rystad Energy.<\/p>\n<p><small>Foto: Jon Skille Amundsen<\/small><br \/>\n<\/figcaption><\/figure>\n<p><!-- END: \/templates\/image\/image-rich.jsp -->\n<\/div>\n<h2>Tror matprisene vil stige mest rundt oss<\/h2>\n<p>St\u00e5le Hustoft er leder i Rogaland Bondelag. Han er bekymret, f\u00f8rst og fremst for verden.<\/p>\n<p>Han sier de h\u00f8ye oljeprisene og stengingen av Hormuzstredet vil f\u00e5 store konsekvenser for den globale matproduksjonen.<\/p>\n<p><strong>\u2013 Det vil drive prisene s\u00e5 h\u00f8yt at mange ikke f\u00e5r r\u00e5d. I Norge er ikke dette s\u00e5 bekymringsfullt, men vi vil merke det vi ogs\u00e5, sier han.<\/strong><\/p>\n<p><!-- \/\/ Reference Autonomous --><\/p>\n<p>S\u00e6rlig vil vi se at importerte varer blir dyrere, if\u00f8lge Hustoft.<\/p>\n<p>\u2013 Vi er heldige i Norge som har et system med jordbruksoppgj\u00f8r og en offentlig stat som satser p\u00e5 norsk matproduksjon, sier han.<\/p>\n<div id=\"1.17866855.35439485\" class=\"g100 col fc s10 sl12 sl18 sg6 sg9 image-reference image-reference--ORIGINAL\"><!-- include: \/serum\/render?id=1.17866855&size=10&perspective=RICH&alignment=CENTER&caption=Bondelagsleder+i+Rogaland%2C+St%C3%A5le+Hustoft%2C+frykter+f%C3%B8rst+og+fremst+for+matsituasjonen+i+verden%2C+men+sier+vi+ogs%C3%A5+vil+merke+h%C3%B8yere+priser+og+mindre+tilgang+i+Norge.+&type=image&aspect=ORIGINAL&parentSize=10 --><!-- START: \/templates\/image\/image-rich.jsp --><\/p>\n<figure class=\"image widget rich\">\n<div style=\"padding-bottom:66.66667%;\" class=\"responsive-img ORIGINAL\"><img decoding=\"async\" sizes=\"(min-width:1180px) 639px, (min-width:720px) 56vw, 100vw\" srcset=\"https:\/\/gfx.nrk.no\/qGpvEORNdJ6n1QOEFMsWvgeyPIpk7vDI8XF7ZHWDhikA.png 80w, https:\/\/gfx.nrk.no\/qGpvEORNdJ6n1QOEFMsWvg-y-0Y6MKvsUXF7ZHWDhikA.png 160w, https:\/\/gfx.nrk.no\/qGpvEORNdJ6n1QOEFMsWvgyiHCK-K3HBEXF7ZHWDhikA.png 350w, https:\/\/gfx.nrk.no\/qGpvEORNdJ6n1QOEFMsWvgyPOVCPKpSsIXF7ZHWDhikA.png 450w, https:\/\/gfx.nrk.no\/qGpvEORNdJ6n1QOEFMsWvgkv8YyKKGXWMXF7ZHWDhikA.png 650w, https:\/\/gfx.nrk.no\/qGpvEORNdJ6n1QOEFMsWvghtXOxNt0WzkXF7ZHWDhikA.png 1000w, https:\/\/gfx.nrk.no\/qGpvEORNdJ6n1QOEFMsWvgVHWZ8CkEYuMXF7ZHWDhikA.png 1200w, https:\/\/gfx.nrk.no\/qGpvEORNdJ6n1QOEFMsWvgY6mj7dIJ8MAXF7ZHWDhikA.png 1600w, https:\/\/gfx.nrk.no\/qGpvEORNdJ6n1QOEFMsWvg8Vfy0jMXsFAXF7ZHWDhikA.png 2000w\" src=\"data:image\/gif;base64,R0lGODlhAQABAIAAAAAAAP\/\/\/yH5BAEAAAAALAAAAAABAAEAAAIBRAA7\" loading=\"eager\" alt=\"&#10;Bondelagsleder i Rogaland St\u00e5le Hustoft.\" title=\"Grafikk: Marthe Synn\u00f8ve Johannessen \/ Marthe Synn\u00f8ve Johannessen\"\/><\/div><figcaption>\n<p class=\"\">Bondelagsleder i Rogaland, St\u00e5le Hustoft, frykter f\u00f8rst og fremst for matsituasjonen i verden, men sier vi ogs\u00e5 vil merke h\u00f8yere priser og mindre tilgang i Norge. <\/p>\n<p><small>Grafikk: Marthe Synn\u00f8ve Johannessen \/ Marthe Synn\u00f8ve Johannessen<\/small><br \/>\n<\/figcaption><\/figure>\n<p><!-- END: \/templates\/image\/image-rich.jsp -->\n<\/div>\n<p>Hustoft tror det likevel vil bli dyrere i butikkene framover.<\/p>\n<p>\u2013 H\u00f8ye oljepriser og mangelen p\u00e5 mineralgj\u00f8dsel vil bli en stor driver for prisutviklingen framover. B\u00e5de p\u00e5 de norske varene, men f\u00f8rst og fremst p\u00e5 de importerte varene, sier han.<\/p>\n<p>Norge er i stor grad selvforsynt av melk, kj\u00f8tt, egg og korn. Men frukt og gr\u00f8nt importeres det mye av &#8211; s\u00e6rlig p\u00e5 vinteren.<\/p>\n<p><!-- \/\/ Reference Autonomous --><\/p>\n<p><!-- include: \/serum\/render?id=1.16930046&size=18&perspective=RICH&alignment=AUTO --><!-- START: \/templates\/section\/section.jsp --><\/p>\n<p><!-- END: \/templates\/section\/section.jsp -->\n<\/div>\n<p>\n<span class=\"article-publish-date publish-date \"><br \/>\n<span class=\"article-dateline-annotation\">Publisert<\/span><br \/>\n<time class=\"datetime-absolute datePublished\" datetime=\"2026-04-30T12:48:55+02:00\"><br \/>\n30.04.2026, kl. 12.48<br \/>\n<\/time><br \/>\n<\/span>\n<\/p>\n<p><br \/>\n<br \/><a href=\"https:\/\/www.nrk.no\/rogaland\/eksperter-mener-den-hoye-oljeprisen-er-darlig-nytt-for-norge-1.17866702\">Kildelink <\/a><\/p>\n","protected":false},"excerpt":{"rendered":"<p>\u2013 F\u00f8rst og fremst s\u00e5 er det negativt for Norge og nordmenn at prisen p\u00e5 olje n\u00e5 er skyh\u00f8y. Administrerende direkt\u00f8r i Rogaland sparebank, Tomas Nordb\u00f8 sier de h\u00f8ye oljeprisene f\u00f8rer til h\u00f8yere bensinpriser og h\u00f8yere renter for folk flest. Prisen p\u00e5 nordsj\u00f8olje med levering neste m\u00e5ned har i morgentimene v\u00e6rt over 126 dollar fatet. [&hellip;]<\/p>\n","protected":false},"author":1,"featured_media":6464,"comment_status":"","ping_status":"","sticky":false,"template":"","format":"standard","meta":{"footnotes":""},"categories":[108],"tags":[],"tmauthors":[],"class_list":{"0":"post-6463","1":"post","2":"type-post","3":"status-publish","4":"format-standard","5":"has-post-thumbnail","7":"category-lokalnyheter"},"_links":{"self":[{"href":"https:\/\/radiostavanger.no\/index.php?rest_route=\/wp\/v2\/posts\/6463","targetHints":{"allow":["GET"]}}],"collection":[{"href":"https:\/\/radiostavanger.no\/index.php?rest_route=\/wp\/v2\/posts"}],"about":[{"href":"https:\/\/radiostavanger.no\/index.php?rest_route=\/wp\/v2\/types\/post"}],"author":[{"embeddable":true,"href":"https:\/\/radiostavanger.no\/index.php?rest_route=\/wp\/v2\/users\/1"}],"replies":[{"embeddable":true,"href":"https:\/\/radiostavanger.no\/index.php?rest_route=%2Fwp%2Fv2%2Fcomments&post=6463"}],"version-history":[{"count":0,"href":"https:\/\/radiostavanger.no\/index.php?rest_route=\/wp\/v2\/posts\/6463\/revisions"}],"wp:featuredmedia":[{"embeddable":true,"href":"https:\/\/radiostavanger.no\/index.php?rest_route=\/wp\/v2\/media\/6464"}],"wp:attachment":[{"href":"https:\/\/radiostavanger.no\/index.php?rest_route=%2Fwp%2Fv2%2Fmedia&parent=6463"}],"wp:term":[{"taxonomy":"category","embeddable":true,"href":"https:\/\/radiostavanger.no\/index.php?rest_route=%2Fwp%2Fv2%2Fcategories&post=6463"},{"taxonomy":"post_tag","embeddable":true,"href":"https:\/\/radiostavanger.no\/index.php?rest_route=%2Fwp%2Fv2%2Ftags&post=6463"},{"taxonomy":"tmauthors","embeddable":true,"href":"https:\/\/radiostavanger.no\/index.php?rest_route=%2Fwp%2Fv2%2Ftmauthors&post=6463"}],"curies":[{"name":"wp","href":"https:\/\/api.w.org\/{rel}","templated":true}]}}