{"id":6465,"date":"2026-04-30T17:01:42","date_gmt":"2026-04-30T17:01:42","guid":{"rendered":"https:\/\/radiostavanger.no\/?p=6465"},"modified":"2026-04-30T17:01:42","modified_gmt":"2026-04-30T17:01:42","slug":"hrs-og-luftforsvaret-uenige-om-ny-avtale-for-bruk-av-sar-queen-nrk-nordland","status":"publish","type":"post","link":"https:\/\/radiostavanger.no\/?p=6465","title":{"rendered":"HRS og Luftforsvaret uenige om ny avtale for bruk av SAR Queen \u2013 NRK Nordland"},"content":{"rendered":"<p><br \/>\n<\/p>\n<div data-main-content=\"\" data-ec-list=\"article_body\" data-ec-name=\"br\u00f8dtekst\">\n<div id=\"1.17867525.fc4c7afa\" class=\"g100 col fc s10 sl12 sl18 sg6 sg9 fact-reference\"><!-- include: \/serum\/render?id=1.17867525&size=10&perspective=BRIEF&alignment=CENTER&variant=minimized&parentSize=10 --><\/p>\n<aside class=\" fact widget brief skin-background-50 darkmode-skin-background-900 skin-text-950 skin-anchor-child-700 skin-anchor-child-800--hover darkmode-skin-text-50 darkmode-skin-anchor-child-200 darkmode-skin-anchor-child-300--hover \" role=\"complementary\" data-id=\"1.17867525\" id=\"fact-1-17867525\" aria-labelledby=\"fact-1-17867525_title\" data-ec-id=\"pp:article:1.17867525\" data-ec-name=\"Saken kort oppsummert: \" data-ec-category=\"fact-minimized\">\n<h3 class=\"fact__title title\" id=\"fact-1-17867525_title\">Saken kort oppsummert: <\/h3>\n<p><button class=\"fact__expand\" data-k5a-pos=\"faktaboks\" data-factid=\"fact-1-17867525\"><\/p>\n<p><\/button><\/p>\n<div class=\"fact__body text-body skin-text-950 skin-anchor-child-700 skin-anchor-child-800--hover darkmode-skin-text-50 darkmode-skin-anchor-child-200 darkmode-skin-anchor-child-300--hover \" aria-hidden=\"true\">\n<p>&#8211; Det er uenighet mellom Luftforsvaret og Hovedredningssentralen om bruken av SAR Queen-helikoptrene.<br \/>&#8211; Hovedredningssentralen har foresl\u00e5tt nye planer for helikoptrenes bruk, noe som har skapt reaksjoner i Forsvaret etter det NRK erfarer. <br \/>&#8211; Diskusjonen dreier seg om hvordan helikoptrene kan brukes til b\u00e5de sivile og milit\u00e6re oppgaver uten \u00e5 miste beskyttelse under krigens folkerett.<br \/>&#8211; Hovedredningssentralen og Forsvaret er i dialog om en ny avtale, men er uenige om enkelte prosedyrer.<br \/>&#8211; Juridiske eksperter advarer om at blandet bruk kan gj\u00f8re helikoptrene til legitime m\u00e5l i krig.<\/p>\n<\/div>\n<\/aside>\n<\/div>\n<p>\u2013 Da gj\u00f8r vi en \u00abwalk around\u00bb f\u00f8r vi skal ut \u00e5 fly et treningsoppdrag.<\/p>\n<p>Major og pilot Remi Olsen gj\u00f8r en siste sjekk av helikopteret p\u00e5 basen i Bod\u00f8. I dag skal mannskapet \u00f8ve p\u00e5 hente opp ei dukke i gul flytevest fra havet.<\/p>\n<p>\u2013 Vi skal ogs\u00e5 s\u00f8ke etter en n\u00f8dpeilesender, forklarer Olsen.<\/p>\n<div id=\"1.17864133.c3104ac0\" class=\"g50 col fr s5 sl6 sl9 sl12 sl18 image-reference image-reference--F169\"><!-- include: \/serum\/render?id=1.17864133&size=5&perspective=RICH&alignment=RIGHT&caption=Remi+Olsen+er+major+og+avdelingsleder+ved+basen+i+Bod%C3%B8.+Han+%C3%B8nsker+ikke+%C3%A5+uttale+seg+om+konflikten.+&type=image&aspect=F169&parentSize=10 --><!-- START: \/templates\/image\/image-rich.jsp --><\/p>\n<figure class=\"image widget rich\">\n<div class=\"responsive-img F169\"><img decoding=\"async\" sizes=\"(min-width:1180px) 319px, (min-width:720px) 28vw, 50vw\" srcset=\"https:\/\/gfx.nrk.no\/2vW6erKTpFq62o4fcI7JIwLVoJwLitCBooDesZYGOxcQ.jpg 80w, https:\/\/gfx.nrk.no\/2vW6erKTpFq62o4fcI7JIwfkSBVmbFc5UoDesZYGOxcQ.jpg 160w, https:\/\/gfx.nrk.no\/2vW6erKTpFq62o4fcI7JIwxyN25qs7-AUoDesZYGOxcQ.jpg 350w, https:\/\/gfx.nrk.no\/2vW6erKTpFq62o4fcI7JIwbxmPQKJmPpQoDesZYGOxcQ.jpg 450w, https:\/\/gfx.nrk.no\/2vW6erKTpFq62o4fcI7JIwYa2NdA6_9XEoDesZYGOxcQ.jpg 650w, https:\/\/gfx.nrk.no\/2vW6erKTpFq62o4fcI7JIwLrPr6xEhCgQoDesZYGOxcQ.jpg 1000w, https:\/\/gfx.nrk.no\/2vW6erKTpFq62o4fcI7JIwPXF8KjZ4DiMoDesZYGOxcQ.jpg 1200w, https:\/\/gfx.nrk.no\/2vW6erKTpFq62o4fcI7JIwh8yHwbgTsAkoDesZYGOxcQ.jpg 1600w, https:\/\/gfx.nrk.no\/2vW6erKTpFq62o4fcI7JIwV0tFnGdovTkoDesZYGOxcQ.jpg 2000w\" src=\"data:image\/gif;base64,R0lGODlhAQABAIAAAAAAAP\/\/\/yH5BAEAAAAALAAAAAABAAEAAAIBRAA7\" loading=\"eager\" alt=\"Remi Olsen, major 330 skvadronen (SAR Queen) \" title=\"Foto: Adrian Dahl Johansen \/ NRK\"\/><\/div><figcaption>\n<p class=\"\">Remi Olsen er major og avdelingsleder ved basen i Bod\u00f8. Han \u00f8nsker ikke \u00e5 uttale seg om konflikten. <\/p>\n<p><small>Foto: Adrian Dahl Johansen \/ NRK<\/small><br \/>\n<\/figcaption><\/figure>\n<p><!-- END: \/templates\/image\/image-rich.jsp -->\n<\/div>\n<p>Et normalt \u00absivilt\u00bb treningsoppdrag for mannskapet som er ansatt i Luftforsvaret.<\/p>\n<p><strong>I fjor utf\u00f8rte de 16 redningshelikoptrene over 2000 oppdrag fra seks baser i Norge. <\/strong><\/p>\n<p>Men hvem som skal bestemme bruken av helikoptrene i fremtiden er det n\u00e5 uenighet om.<\/p>\n<div id=\"1.17865157.c32e66c2\" class=\"g100 col fc s10 sl12 sl18 sg6 sg9 fact-reference\"><!-- include: \/serum\/render?id=1.17865157&size=10&perspective=BRIEF&alignment=CENTER&variant=minimized&parentSize=10 --><\/p>\n<aside class=\" fact widget brief skin-background-50 darkmode-skin-background-900 skin-text-950 skin-anchor-child-700 skin-anchor-child-800--hover darkmode-skin-text-50 darkmode-skin-anchor-child-200 darkmode-skin-anchor-child-300--hover \" role=\"complementary\" data-id=\"1.17865157\" id=\"fact-1-17865157\" aria-labelledby=\"fact-1-17865157_title\" data-ec-id=\"pp:article:1.17865157\" data-ec-name=\"Fakta om SAR Queen\" data-ec-category=\"fact-minimized\">\n<h3 class=\"fact__title title\" id=\"fact-1-17865157_title\">Fakta om SAR Queen<\/h3>\n<p><button class=\"fact__expand\" data-k5a-pos=\"faktaboks\" data-factid=\"fact-1-17865157\"><\/p>\n<p><\/button><\/p>\n<div class=\"fact__body text-body skin-text-950 skin-anchor-child-700 skin-anchor-child-800--hover darkmode-skin-text-50 darkmode-skin-anchor-child-200 darkmode-skin-anchor-child-300--hover \" aria-hidden=\"true\">\n<p>Produsent: Leonardo Helicopters\/ AgustaWestland<\/p>\n<p>Antall helikoptre: 16<\/p>\n<ul>\n<li>De nye helikoptrene kan fly lenger, raskere og har bedre evne til \u00e5 operere i d\u00e5rlige v\u00e6r enn de gamle Sea King-maskinene.<\/li>\n<li>I 2024 brukte mannskapet i gjennomsnitt rett under 12 minutter fra alarmen gikk til helikopteret var i lufta.<\/li>\n<li>330-skvadronen gjennomf\u00f8rte totalt 2\u202f068 oppdrag, hvorav 801 var s\u00f8k- og redningsaksjoner, 1\u202f041 var luftambulanseoppdrag, og 375 var utrykninger med bil i basens umiddelbare n\u00e6romr\u00e5de. Samlet flytid for \u00e5ret var 4\u202f305 timer.<\/li>\n<li>De nye helikoptrene eies av staten ved Justis- og beredskapsdepartementet, opereres av Luftforsvaret og styres operativt av Hovedredningssentralen. Det er HRS som har ansvaret for \u00e5 forvalte redningshelikoptertjenesten i Norge p\u00e5 vegne av Justis- og beredskapsdepartementet.<\/li>\n<li>Helikoptrene brukes til s\u00f8k og redning, men ogs\u00e5 til helse- og politibistand, og er tilgjengelige hele d\u00f8gnet \u2013 \u00e5ret rundt. De 16 nye helikoptrene flyr ut fra basene p\u00e5 Rygge, Sola, Flor\u00f8, \u00d8rland, Bod\u00f8 og Banak.<\/li>\n<\/ul>\n<p>(kilde: regjeringen.no)<\/p>\n<\/div>\n<\/aside>\n<\/div>\n<h2>Omstridt utredning<\/h2>\n<p>For samme \u00e5r som regjeringen markerer totalforsvars\u00e5ret, har det etter det NRK erfarer brutt ut uenighet mellom Luftforsvaret og Hovedredningssentralen (HRS) sin ledelse.<\/p>\n<p>NRK har sett utdrag fra en forel\u00f8pig rapport HRS har skrevet til Justisdepartementet.<\/p>\n<div id=\"1.17867492.fc84d8fe\" class=\"g50 col fr s5 sl6 sl9 sl12 sl18 image-reference image-reference--F34\"><!-- include: \/serum\/render?id=1.17867492&size=5&perspective=RICH&alignment=RIGHT&caption=Omstridt+utredning+som+er+oversendt+Justisdepartementet.+&type=image&aspect=F34&parentSize=10 --><!-- START: \/templates\/image\/image-rich.jsp --><\/p>\n<figure class=\"image widget rich\">\n<div class=\"responsive-img F34\"><img decoding=\"async\" sizes=\"(min-width:1180px) 319px, (min-width:720px) 28vw, 50vw\" srcset=\"https:\/\/gfx.nrk.no\/KSqqK1y0GqcFzZSOlvDsCg8wf0MLAYEPWvJs44krKmUg.png 80w, https:\/\/gfx.nrk.no\/KSqqK1y0GqcFzZSOlvDsCgoMArREvOOdevJs44krKmUg.png 160w, https:\/\/gfx.nrk.no\/KSqqK1y0GqcFzZSOlvDsCg9gZq7k80z_CvJs44krKmUg.png 350w, https:\/\/gfx.nrk.no\/KSqqK1y0GqcFzZSOlvDsCg764cQ4e5yuyvJs44krKmUg.png 450w, https:\/\/gfx.nrk.no\/KSqqK1y0GqcFzZSOlvDsCgp8SHY-44Hm-vJs44krKmUg.png 650w, https:\/\/gfx.nrk.no\/KSqqK1y0GqcFzZSOlvDsCgb492nnikpuyvJs44krKmUg.png 1000w, https:\/\/gfx.nrk.no\/KSqqK1y0GqcFzZSOlvDsCgXxfaKUEUt1mvJs44krKmUg.png 1200w, https:\/\/gfx.nrk.no\/KSqqK1y0GqcFzZSOlvDsCgK5_unouWp3CvJs44krKmUg.png 1600w, https:\/\/gfx.nrk.no\/KSqqK1y0GqcFzZSOlvDsCg64xYY36O8RKvJs44krKmUg.png 2000w\" src=\"data:image\/gif;base64,R0lGODlhAQABAIAAAAAAAP\/\/\/yH5BAEAAAAALAAAAAABAAEAAAIBRAA7\" loading=\"eager\" alt=\"Utredning HRS\" title=\"Faksimile: privat\"\/><\/div><figcaption>\n<p class=\"\">Omstridt utredning som er oversendt Justisdepartementet. <\/p>\n<p><small>Faksimile: privat<\/small><br \/>\n<\/figcaption><\/figure>\n<p><!-- END: \/templates\/image\/image-rich.jsp -->\n<\/div>\n<p>Utredningen er ikke gjort offentlig, og har ikke involvert Forsvaret.<\/p>\n<p>Der skriver HRS at det er behov for nye planer n\u00e5r det gjelder milit\u00e6r bruk av de 16 redningshelikoptrene, kalt SAR Queen.<\/p>\n<p>Blant annet fordi man frykter at redningstjenestens helikoptre kan bli angrepet i en eventuell krig.<\/p>\n<p>\u00abRedningstjenesten er i dag en sivil funksjon som ikke kan utf\u00f8re oppgaver med milit\u00e6re form\u00e5l, uten \u00e5 miste sin beskyttelse etter krigens folkerett\u00bb, fastl\u00e5s det i utredningen.<\/p>\n<p><strong>Deler av innholdet i utredningen har etter det NRK erfarer skapt sterke reaksjoner internt i Forsvaret.<\/strong><\/p>\n<p>Bod\u00f8 Nu omtalte saken f\u00f8rst.<\/p>\n<div id=\"1.17864101.bc835dc9\" class=\"g100 col fc s10 sl12 sl18 sg6 sg9 image-reference image-reference--F169\"><!-- include: \/serum\/render?id=1.17864101&size=10&perspective=RICH&alignment=CENTER&caption=SAR+Queen+%28AgustaWestland+AW101%29+er+Norges+nye%2C+avanserte+redningshelikopter+som+erstattet+Sea+King.&type=image&aspect=F169&parentSize=10 --><!-- START: \/templates\/image\/image-rich.jsp --><\/p>\n<figure class=\"image widget rich\">\n<div class=\"responsive-img F169\"><img decoding=\"async\" sizes=\"(min-width:1180px) 639px, (min-width:720px) 56vw, 100vw\" srcset=\"https:\/\/gfx.nrk.no\/DDZly87hwdRKuhyzaTPV9gXjpsoRw02rADZLfkv-d4vA.jpg 80w, https:\/\/gfx.nrk.no\/DDZly87hwdRKuhyzaTPV9gKQ8BPno5L9EDZLfkv-d4vA.jpg 160w, https:\/\/gfx.nrk.no\/DDZly87hwdRKuhyzaTPV9grGcpnGen9oMDZLfkv-d4vA.jpg 350w, https:\/\/gfx.nrk.no\/DDZly87hwdRKuhyzaTPV9gKDdaF1bJUAUDZLfkv-d4vA.jpg 450w, https:\/\/gfx.nrk.no\/DDZly87hwdRKuhyzaTPV9gNom2q3NW-TkDZLfkv-d4vA.jpg 650w, https:\/\/gfx.nrk.no\/DDZly87hwdRKuhyzaTPV9gLV_I-X9v6LADZLfkv-d4vA.jpg 1000w, https:\/\/gfx.nrk.no\/DDZly87hwdRKuhyzaTPV9gOhUWQLH3zLsDZLfkv-d4vA.jpg 1200w, https:\/\/gfx.nrk.no\/DDZly87hwdRKuhyzaTPV9gicTmiRb5YH8DZLfkv-d4vA.jpg 1600w, https:\/\/gfx.nrk.no\/DDZly87hwdRKuhyzaTPV9g2gELD0ET2-IDZLfkv-d4vA.jpg 2000w\" src=\"data:image\/gif;base64,R0lGODlhAQABAIAAAAAAAP\/\/\/yH5BAEAAAAALAAAAAABAAEAAAIBRAA7\" loading=\"eager\" alt=\"SAR QUEEN, 330 skvadron i Bod\u00f8\" title=\"Foto: Adrian Dahl Johansen \/ NRK\"\/><\/div><figcaption>\n<p class=\"\">SAR Queen (AgustaWestland AW101) er Norges nye, avanserte redningshelikopter som erstattet Sea King.<\/p>\n<p><small>Foto: Adrian Dahl Johansen \/ NRK<\/small><br \/>\n<\/figcaption><\/figure>\n<p><!-- END: \/templates\/image\/image-rich.jsp -->\n<\/div>\n<h2>Bekrefter uenighet<\/h2>\n<p>Sjef for 330-skvadronen bekrefter n\u00e5 til NRK at det er en \u00abfaglig uenighet\u00bb mellom dem og Hovedredningssentralen.<\/p>\n<p><strong>\u2013 Jeg kan bekrefte at vi har et faglig ulikt syn p\u00e5 saken, sier skvadronsjef Frank Kigen<\/strong>.<\/p>\n<p>Det er uvanlig at Forsvaret g\u00e5r \u00e5pent ut p\u00e5 denne m\u00e5ten.<\/p>\n<p>Diskusjonene dreier seg om hvordan redningshelikoptrene som ikke er i st\u00e5ende beredskap, ogs\u00e5 skal kunne disponeres til milit\u00e6re oppgaver, bekrefter Kigen.<\/p>\n<div id=\"1.17865146.c2af9339\" class=\"g50 col fr s5 sl6 sl9 sl12 sl18 image-reference image-reference--F169\"><!-- include: \/serum\/render?id=1.17865146&size=5&perspective=RICH&alignment=RIGHT&caption=Frank+Kigen+er+sjef+for+330-skvadronen+som+drifter+redningshelikoptrene.+&type=image&aspect=F169&parentSize=10 --><!-- START: \/templates\/image\/image-rich.jsp --><\/p>\n<figure class=\"image widget rich\">\n<div class=\"responsive-img F169\"><img decoding=\"async\" sizes=\"(min-width:1180px) 319px, (min-width:720px) 28vw, 50vw\" srcset=\"https:\/\/gfx.nrk.no\/rIppzRfCgnoEo9fBApTsyQDZ1AQC3fgrkgC_g2z9VrMQ.jpg 80w, https:\/\/gfx.nrk.no\/rIppzRfCgnoEo9fBApTsyQpLhf_IRFVCIgC_g2z9VrMQ.jpg 160w, https:\/\/gfx.nrk.no\/rIppzRfCgnoEo9fBApTsyQOLXcK2DWSxcgC_g2z9VrMQ.jpg 350w, https:\/\/gfx.nrk.no\/rIppzRfCgnoEo9fBApTsyQkHE2t-X43uwgC_g2z9VrMQ.jpg 450w, https:\/\/gfx.nrk.no\/rIppzRfCgnoEo9fBApTsyQ-pGyoOUMoBEgC_g2z9VrMQ.jpg 650w, https:\/\/gfx.nrk.no\/rIppzRfCgnoEo9fBApTsyQUmHPMIUFc4EgC_g2z9VrMQ.jpg 1000w, https:\/\/gfx.nrk.no\/rIppzRfCgnoEo9fBApTsyQ3SqhNXERERggC_g2z9VrMQ.jpg 1200w, https:\/\/gfx.nrk.no\/rIppzRfCgnoEo9fBApTsyQzxfokmn0eHkgC_g2z9VrMQ.jpg 1600w, https:\/\/gfx.nrk.no\/rIppzRfCgnoEo9fBApTsyQKwXC5XOjjn8gC_g2z9VrMQ.jpg 2000w\" src=\"data:image\/gif;base64,R0lGODlhAQABAIAAAAAAAP\/\/\/yH5BAEAAAAALAAAAAABAAEAAAIBRAA7\" loading=\"eager\" alt=\"Frank Kigen, sjef 330-skvadronen\" title=\"Foto: Hallgeir Aunan \/ NRK\"\/><\/div><figcaption>\n<p class=\"\">Frank Kigen er sjef for 330-skvadronen som drifter redningshelikoptrene. <\/p>\n<p><small>Foto: Hallgeir Aunan \/ NRK<\/small><br \/>\n<\/figcaption><\/figure>\n<p><!-- END: \/templates\/image\/image-rich.jsp -->\n<\/div>\n<p>Bekymringen til Luftforsvaret skal v\u00e6re at man f\u00e5r redusert tilgang til milit\u00e6re oppgaver.<\/p>\n<p>\u2013 I en krig eller krisesituasjon s\u00e5 har vi behov for \u00e5 drive med milit\u00e6rt s\u00f8k og redning, medisinsk evakuering og transport av personell. Derfor er SAR Queen en viktig ressurs for oss, forklarer Kigen i Luftforsvaret.<\/p>\n<p><em>\u2013 Kan ikke redningstjenesten miste sin beskyttelse i folkeretten om den defineres for milit\u00e6rt?<\/em><\/p>\n<p>\u2013 Det er et legitimt sp\u00f8rsm\u00e5l. Det er viktig \u00e5 skille p\u00e5 det sivile redningsoppdraget og milit\u00e6r bruk av milit\u00e6re kapasiteter.<\/p>\n<p>Kigen sier det derfor er viktig at en avtale og planverk med tilh\u00f8rende juridiske vurderinger m\u00e5 komme p\u00e5 plass raskt.<\/p>\n<p><!-- \/\/ Reference Autonomous --><\/p>\n<h2>Avviser<\/h2>\n<p>Det er Hovedredningssentralen som organiserer og leder alle sivile redningsoppdrag i Norge med SAR Queen-helikoptrene.<\/p>\n<p>De har f\u00e5tt i oppdrag \u00e5 utforme en ny avtale med Forsvaret om bruken av de nye helikoptrene.<\/p>\n<p>Direkt\u00f8r Jon Halvorsen avviser at de vil nekte Forsvaret bruk av helikoptrene, men innr\u00f8mmer at de ikke er enige om premissene i en ny avtale.<\/p>\n<div id=\"1.17865918.cce76e1d\" class=\"g50 col fr s5 sl6 sl9 sl12 sl18 image-reference image-reference--F11\"><!-- include: \/serum\/render?id=1.17865918&size=5&perspective=RICH&alignment=RIGHT&caption=Jon+Halvorsen+er+sjef+for+Hovedredningssentralene+i+Norge.+&type=image&aspect=F11&parentSize=10 --><!-- START: \/templates\/image\/image-rich.jsp --><\/p>\n<figure class=\"image widget rich\">\n<div class=\"responsive-img F11\"><img decoding=\"async\" sizes=\"(min-width:1180px) 319px, (min-width:720px) 28vw, 50vw\" srcset=\"https:\/\/gfx.nrk.no\/Ida6KzQXB66hGqRJNW8yQgJfWvZf6uf_KxDUZr0Osmuw.jpg 80w, https:\/\/gfx.nrk.no\/Ida6KzQXB66hGqRJNW8yQgEUeHqaeVDcyxDUZr0Osmuw.jpg 160w, https:\/\/gfx.nrk.no\/Ida6KzQXB66hGqRJNW8yQgfU-S03qfPLSxDUZr0Osmuw.jpg 350w, https:\/\/gfx.nrk.no\/Ida6KzQXB66hGqRJNW8yQgmLcsXTcwd8-xDUZr0Osmuw.jpg 450w, https:\/\/gfx.nrk.no\/Ida6KzQXB66hGqRJNW8yQg8td7uQF4Rp-xDUZr0Osmuw.jpg 650w, https:\/\/gfx.nrk.no\/Ida6KzQXB66hGqRJNW8yQgWnhq4y28cFyxDUZr0Osmuw.jpg 1000w, https:\/\/gfx.nrk.no\/Ida6KzQXB66hGqRJNW8yQg_xqJkpYbTh2xDUZr0Osmuw.jpg 1200w, https:\/\/gfx.nrk.no\/Ida6KzQXB66hGqRJNW8yQgLKevnhaReHCxDUZr0Osmuw.jpg 1600w, https:\/\/gfx.nrk.no\/Ida6KzQXB66hGqRJNW8yQgYwlKLvT4SX-xDUZr0Osmuw.jpg 2000w\" src=\"data:image\/gif;base64,R0lGODlhAQABAIAAAAAAAP\/\/\/yH5BAEAAAAALAAAAAABAAEAAAIBRAA7\" loading=\"eager\" alt=\"Jon Halvorsen, sjef Hovedredningssentralen (HRS)\" title=\"Foto: Fride Audunsdotter Westvik \/ NRK\"\/><\/div><figcaption>\n<p class=\"\">Jon Halvorsen er sjef for Hovedredningssentralene i Norge. <\/p>\n<p><small>Foto: Fride Audunsdotter Westvik \/ NRK<\/small><br \/>\n<\/figcaption><\/figure>\n<p><!-- END: \/templates\/image\/image-rich.jsp -->\n<\/div>\n<p>\u2013 <strong>Vi har sendt over et utkast til en ny driftsavtale, og der er vi uenige med Forsvaret om noen prosedyrer.<\/strong><\/p>\n<p>Halvorsen understreker at det daglige samarbeidet med 330-skvadronen er godt, og at praksisen med sivil og milit\u00e6r ligger bruk ligger fast.<\/p>\n<p>\u2013 Dette er helikoptre som alle er helt enige om at redningstjenesten er det prim\u00e6re, men det har ogs\u00e5 flere andre bruksomr\u00e5der, sier direkt\u00f8r i HRS, Jon Halvorsen.<\/p>\n<h2>\u2013 Er bombem\u00e5l<\/h2>\n<p>Tobias K\u00f6hler, sjefjurist for internasjonal humanit\u00e6rrett i Norges R\u00f8de Kors, er tydelig p\u00e5 at dagens modell med b\u00e5de sivil og milit\u00e6r bruk er krevende.<\/p>\n<p><strong>\u2013 Etter min vurdering kan de bli lovlige m\u00e5l og kan bli angrepet, sier K\u00f6hler til NRK.<\/strong><\/p>\n<div id=\"1.16602230.2e8a740b\" class=\"g50 col fr s5 sl6 sl9 sl12 sl18 image-reference image-reference--F11\"><!-- include: \/serum\/render?id=1.16602230&size=5&perspective=RICH&alignment=RIGHT&caption=Tobias+K%C3%B6hler+er+jurist+i+Norges+R%C3%B8de+Kors+og+mener+dagens+organisering+gj%C3%B8r+helikoptrene+til+lovlige+bombem%C3%A5l.&type=image&aspect=F11&parentSize=10 --><!-- START: \/templates\/image\/image-rich.jsp --><\/p>\n<figure class=\"image widget rich\">\n<div class=\"responsive-img F11\"><img decoding=\"async\" sizes=\"(min-width:1180px) 319px, (min-width:720px) 28vw, 50vw\" srcset=\"https:\/\/gfx.nrk.no\/pqTw7Sh_xPeTbFSA7LdGxQNDh86-P2TN5iczdkLZQd_A.jpg 80w, https:\/\/gfx.nrk.no\/pqTw7Sh_xPeTbFSA7LdGxQ2UJ5XsTS6ARiczdkLZQd_A.jpg 160w, https:\/\/gfx.nrk.no\/pqTw7Sh_xPeTbFSA7LdGxQXuTZpMnyZcNiczdkLZQd_A.jpg 350w, https:\/\/gfx.nrk.no\/pqTw7Sh_xPeTbFSA7LdGxQ4NoZxTr2D9hiczdkLZQd_A.jpg 450w, https:\/\/gfx.nrk.no\/pqTw7Sh_xPeTbFSA7LdGxQOiktYtcN1p5iczdkLZQd_A.jpg 650w, https:\/\/gfx.nrk.no\/pqTw7Sh_xPeTbFSA7LdGxQDyF81_RqpzRiczdkLZQd_A.jpg 1000w, https:\/\/gfx.nrk.no\/pqTw7Sh_xPeTbFSA7LdGxQ2APepHrirppiczdkLZQd_A.jpg 1200w, https:\/\/gfx.nrk.no\/pqTw7Sh_xPeTbFSA7LdGxQ8M7U46TEQ_9iczdkLZQd_A.jpg 1600w, https:\/\/gfx.nrk.no\/pqTw7Sh_xPeTbFSA7LdGxQJ67Ma_giXDZiczdkLZQd_A.jpg 2000w\" src=\"data:image\/gif;base64,R0lGODlhAQABAIAAAAAAAP\/\/\/yH5BAEAAAAALAAAAAABAAEAAAIBRAA7\" loading=\"eager\" alt=\"Tobias K\u00f6hler, jurist i R\u00f8de Kors\" title=\"\"\/><\/div><figcaption>\n<p class=\"no-credit\">Tobias K\u00f6hler er jurist i Norges R\u00f8de Kors og mener dagens organisering gj\u00f8r helikoptrene til lovlige bombem\u00e5l.<\/p>\n<\/figcaption><\/figure>\n<p><!-- END: \/templates\/image\/image-rich.jsp -->\n<\/div>\n<p><em>\u2013 Kan man definere seg vekk fra dette i et planverk?<\/em><\/p>\n<p>\u2013 Det eneste som kan gj\u00f8res for \u00e5 oppn\u00e5 sivil beskyttelse mot angrep er at objektet utelukkende brukes til humanit\u00e6re og sivile redningsoppdrag, mener K\u00f6hler og legger til;<\/p>\n<p>\u2013 Det er mulig at de fortsatt kan opereres av milit\u00e6rt personell, men ikke brukes til milit\u00e6re form\u00e5l.<\/p>\n<p>K\u00f6hler viser til at Danmark og Sverige har valgt \u00e5 definere sin helikopter-redningstjeneste som henholdsvis enten rent milit\u00e6rt eller rent sivilt.<\/p>\n<p>HRS-direkt\u00f8r Halvorsen bekrefter dette er problemstillinger de jobber med.<\/p>\n<p><strong>\u2013 Dette er sp\u00f8rsm\u00e5l vi m\u00e5 vurdere, men det er for tidlig for oss \u00e5 si noe klokkerent om det n\u00e5, sier Halvorsen.<\/strong><\/p>\n<p><!-- include: \/serum\/render?id=1.16930046&size=18&perspective=RICH&alignment=AUTO --><!-- START: \/templates\/section\/section.jsp --><\/p>\n<p><!-- END: \/templates\/section\/section.jsp -->\n<\/div>\n<p>\n<span class=\"article-publish-date publish-date \"><br \/>\n<span class=\"article-dateline-annotation\">Publisert<\/span><br \/>\n<time class=\"datetime-absolute datePublished\" datetime=\"2026-04-30T18:09:25+02:00\"><br \/>\n30.04.2026, kl. 18.09<br \/>\n<\/time><br \/>\n<\/span>\n<\/p>\n<p><br \/>\n<br \/><a href=\"https:\/\/www.nrk.no\/nordland\/hrs-og-luftforsvaret-uenige-om-ny-avtale-for-bruk-av-sar-queen-1.17864059\">Kildelink <\/a><\/p>\n","protected":false},"excerpt":{"rendered":"<p>Saken kort oppsummert: &#8211; Det er uenighet mellom Luftforsvaret og Hovedredningssentralen om bruken av SAR Queen-helikoptrene.&#8211; Hovedredningssentralen har foresl\u00e5tt nye planer for helikoptrenes bruk, noe som har skapt reaksjoner i Forsvaret etter det NRK erfarer. &#8211; Diskusjonen dreier seg om hvordan helikoptrene kan brukes til b\u00e5de sivile og milit\u00e6re oppgaver uten \u00e5 miste beskyttelse under [&hellip;]<\/p>\n","protected":false},"author":1,"featured_media":6466,"comment_status":"","ping_status":"","sticky":false,"template":"","format":"standard","meta":{"footnotes":""},"categories":[108],"tags":[],"tmauthors":[],"class_list":{"0":"post-6465","1":"post","2":"type-post","3":"status-publish","4":"format-standard","5":"has-post-thumbnail","7":"category-lokalnyheter"},"_links":{"self":[{"href":"https:\/\/radiostavanger.no\/index.php?rest_route=\/wp\/v2\/posts\/6465","targetHints":{"allow":["GET"]}}],"collection":[{"href":"https:\/\/radiostavanger.no\/index.php?rest_route=\/wp\/v2\/posts"}],"about":[{"href":"https:\/\/radiostavanger.no\/index.php?rest_route=\/wp\/v2\/types\/post"}],"author":[{"embeddable":true,"href":"https:\/\/radiostavanger.no\/index.php?rest_route=\/wp\/v2\/users\/1"}],"replies":[{"embeddable":true,"href":"https:\/\/radiostavanger.no\/index.php?rest_route=%2Fwp%2Fv2%2Fcomments&post=6465"}],"version-history":[{"count":0,"href":"https:\/\/radiostavanger.no\/index.php?rest_route=\/wp\/v2\/posts\/6465\/revisions"}],"wp:featuredmedia":[{"embeddable":true,"href":"https:\/\/radiostavanger.no\/index.php?rest_route=\/wp\/v2\/media\/6466"}],"wp:attachment":[{"href":"https:\/\/radiostavanger.no\/index.php?rest_route=%2Fwp%2Fv2%2Fmedia&parent=6465"}],"wp:term":[{"taxonomy":"category","embeddable":true,"href":"https:\/\/radiostavanger.no\/index.php?rest_route=%2Fwp%2Fv2%2Fcategories&post=6465"},{"taxonomy":"post_tag","embeddable":true,"href":"https:\/\/radiostavanger.no\/index.php?rest_route=%2Fwp%2Fv2%2Ftags&post=6465"},{"taxonomy":"tmauthors","embeddable":true,"href":"https:\/\/radiostavanger.no\/index.php?rest_route=%2Fwp%2Fv2%2Ftmauthors&post=6465"}],"curies":[{"name":"wp","href":"https:\/\/api.w.org\/{rel}","templated":true}]}}