{"id":6467,"date":"2026-04-30T17:34:22","date_gmt":"2026-04-30T17:34:22","guid":{"rendered":"https:\/\/radiostavanger.no\/?p=6467"},"modified":"2026-04-30T17:34:22","modified_gmt":"2026-04-30T17:34:22","slug":"kritisk-til-schibsteds-nye-betal-eller-samtykk-modell-nrk-rogaland-lokale-nyheter-tv-og-radio","status":"publish","type":"post","link":"https:\/\/radiostavanger.no\/?p=6467","title":{"rendered":"Kritisk til Schibsteds nye \u00abbetal eller samtykk\u00bb-modell \u2013 NRK Rogaland \u2013 Lokale nyheter, TV og radio"},"content":{"rendered":"<p><br \/>\n<\/p>\n<div data-main-content=\"\" data-ec-list=\"article_body\" data-ec-name=\"br\u00f8dtekst\">\n<p>\u2013 Eg vurderer rett og slett \u00e5 seie opp heile abonnementet, seier \u00d8ystein Kristiansen fr\u00e5 Stavanger.<\/p>\n<p>Han er ein av mange som no reagerer p\u00e5 den nye annonsemodellen til mediekonsernet Schibsted.<\/p>\n<p>Fr\u00e5 og med slutten av mai innf\u00f8rer konsernet \u00abSchibsted annonseval\u00bb. Det betyr at viss du vil lese nyheiter utan at dataene dine blir brukte til persontilpassa reklame, s\u00e5 m\u00e5 du betale ein fast sum i m\u00e5naden.<\/p>\n<p>Schibsted kallar det \u00abein liten sum\u00bb p\u00e5 39 kroner. Kristiansen er ueinig.<\/p>\n<div id=\"1.17866252.5c6feea2\" class=\"g100 col fc s10 sl12 sl18 sg6 sg9 image-reference image-reference--F11\"><!-- include: \/serum\/render?id=1.17866252&size=10&perspective=RICH&alignment=CENTER&caption=%E2%80%93+For+meg+verkar+det+litt+i+gr%C3%A5sona+om+dei+har+lov+%C3%A5+gjere+dette+i+det+heile+tatt%2C+seier+%C3%98ystein+Kristiansen.+&type=image&aspect=F11&parentSize=10 --><!-- START: \/templates\/image\/image-rich.jsp --><\/p>\n<figure class=\"image widget rich\">\n<div class=\"responsive-img F11\"><img decoding=\"async\" sizes=\"(min-width:1180px) 639px, (min-width:720px) 56vw, 100vw\" srcset=\"https:\/\/gfx.nrk.no\/OCYgUhbTiCSWaYcAPP-G0APyyNLhxMlj7ktrUP5yuHDA.jpg 80w, https:\/\/gfx.nrk.no\/OCYgUhbTiCSWaYcAPP-G0AbKCSO3-RRuDktrUP5yuHDA.jpg 160w, https:\/\/gfx.nrk.no\/OCYgUhbTiCSWaYcAPP-G0AvfmMx3Mqpq7ktrUP5yuHDA.jpg 350w, https:\/\/gfx.nrk.no\/OCYgUhbTiCSWaYcAPP-G0AZqljTUh4sY3ktrUP5yuHDA.jpg 450w, https:\/\/gfx.nrk.no\/OCYgUhbTiCSWaYcAPP-G0AD3v_MHIaimfktrUP5yuHDA.jpg 650w, https:\/\/gfx.nrk.no\/OCYgUhbTiCSWaYcAPP-G0AyEFAD5pLlxjktrUP5yuHDA.jpg 1000w, https:\/\/gfx.nrk.no\/OCYgUhbTiCSWaYcAPP-G0A52FNIHPUb_jktrUP5yuHDA.jpg 1200w, https:\/\/gfx.nrk.no\/OCYgUhbTiCSWaYcAPP-G0A2BUgcjaQ847ktrUP5yuHDA.jpg 1600w, https:\/\/gfx.nrk.no\/OCYgUhbTiCSWaYcAPP-G0ANfAgGv-SjFzktrUP5yuHDA.jpg 2000w\" src=\"data:image\/gif;base64,R0lGODlhAQABAIAAAAAAAP\/\/\/yH5BAEAAAAALAAAAAABAAEAAAIBRAA7\" loading=\"eager\" alt=\"\u00d8ystein Kristiansen er kritisk til Schibsted sin nye annonsemodell. \" title=\"Foto: \u00d8ystein Kristiansen\"\/><\/div><figcaption>\n<p class=\"\">\u2013 For meg verkar det litt i gr\u00e5sona om dei har lov \u00e5 gjere dette i det heile tatt, seier \u00d8ystein Kristiansen. <\/p>\n<p><small>Foto: \u00d8ystein Kristiansen<\/small><br \/>\n<\/figcaption><\/figure>\n<p><!-- END: \/templates\/image\/image-rich.jsp -->\n<\/div>\n<p>\u2013 Eg betaler jo allereie et abonnement, og har det dyraste abonnementet, seier Kristiansen, som abonnerer p\u00e5 Stavanger Aftenblad.<\/p>\n<p>\u2013 Eg synest det er feil m\u00e5te \u00e5 tvinge kunden over p\u00e5 noko som i utgangspunktet burde vere gratis, held han fram.<\/p>\n<h2>Milliardfall i inntekter<\/h2>\n<p>Grepet blir gjort fordi ein no tolkar personvernreglane p\u00e5 ein strengare m\u00e5te. Dette gjer det vanskelegare \u00e5 tene pengar p\u00e5 m\u00e5lretta reklame slik mediehus har gjort f\u00f8r.<\/p>\n<p>Og for Schibsted st\u00e5r det om store pengar.<\/p>\n<p>Konsernet ansl\u00e5r at dei strengare krava kan f\u00f8re til eit \u00e5rleg inntektsfall p\u00e5 mellom 400 og 500 millionar kroner i Noreg og Sverige.<\/p>\n<div id=\"1.17866875.5e29cbec\" class=\"g100 col fc s10 sl12 sl18 sg6 sg9 image-reference image-reference--F169\"><!-- include: \/serum\/render?id=1.17866875&size=10&perspective=RICH&alignment=CENTER&caption=Denne+e-posten+blei+sendt+ut+til+Schibsted-kundar.+&type=image&aspect=F169&parentSize=10 --><!-- START: \/templates\/image\/image-rich.jsp --><\/p>\n<figure class=\"image widget rich\">\n<div class=\"responsive-img F169\"><img decoding=\"async\" sizes=\"(min-width:1180px) 639px, (min-width:720px) 56vw, 100vw\" srcset=\"https:\/\/gfx.nrk.no\/B7mxMe8dKWKXamFWUDFviwO0Tvp3VskOt--Rlc7thcoA.jpg 80w, https:\/\/gfx.nrk.no\/B7mxMe8dKWKXamFWUDFviwEBB5qaCPx-l--Rlc7thcoA.jpg 160w, https:\/\/gfx.nrk.no\/B7mxMe8dKWKXamFWUDFviwkkEQ5BWDq2d--Rlc7thcoA.jpg 350w, https:\/\/gfx.nrk.no\/B7mxMe8dKWKXamFWUDFviwzyFKq-NQp_B--Rlc7thcoA.jpg 450w, https:\/\/gfx.nrk.no\/B7mxMe8dKWKXamFWUDFviwNF0O5XWu4RN--Rlc7thcoA.jpg 650w, https:\/\/gfx.nrk.no\/B7mxMe8dKWKXamFWUDFviwU8ROXmYAtrV--Rlc7thcoA.jpg 1000w, https:\/\/gfx.nrk.no\/B7mxMe8dKWKXamFWUDFviwfCtnbgyTEwJ--Rlc7thcoA.jpg 1200w, https:\/\/gfx.nrk.no\/B7mxMe8dKWKXamFWUDFviwSdCV-9uj_ph--Rlc7thcoA.jpg 1600w, https:\/\/gfx.nrk.no\/B7mxMe8dKWKXamFWUDFviwcDl6-Ptl0ph--Rlc7thcoA.jpg 2000w\" src=\"data:image\/gif;base64,R0lGODlhAQABAIAAAAAAAP\/\/\/yH5BAEAAAAALAAAAAABAAEAAAIBRAA7\" loading=\"eager\" alt=\"Screenshot Schibsted\" title=\"Faksimile: Skjermdump\"\/><\/div><figcaption>\n<p class=\"\">Denne e-posten blei sendt ut til Schibsted-kundar. <\/p>\n<p><small>Faksimile: Skjermdump<\/small><br \/>\n<\/figcaption><\/figure>\n<p><!-- END: \/templates\/image\/image-rich.jsp -->\n<\/div>\n<p>\u2013 Vi har forst\u00e5ing for at brukarar kan reagere p\u00e5 dette. Samtidig meiner vi det er viktig \u00e5 vere opne om korleis journalistikken blir finansiert, seier kommunikasjonssjef i Schibsted, Bj\u00f8rn-Martin Bache Nordby.<\/p>\n<p>\u2013 Abonnementsinntekter \u00e5leine dekkjer ikkje kostnadene ved journalistikken vi produserer, held han fram.<\/p>\n<p>Schibsted st\u00e5r mellom anna bak VG, Aftenposten, Bergens Tidende, Stavanger Aftenblad, og svenske Aftonbladet.<\/p>\n<p>Bache Nordby seier at datainnsamlinga i praksis blir som f\u00f8r.<\/p>\n<p>\u2013 Det er dei same typane data som f\u00f8r, knytt til bruk av v\u00e5re eigne tenester \u2013 til d\u00f8mes kva typar saker som blir lesne, kor lenge ein er inne i ein artikkel og korleis ein navigerer p\u00e5 nettstadene v\u00e5re. Det som endrar seg, er korleis samtykket blir innhenta og synleggjort for brukarane, seier han.<\/p>\n<h2>Personvern er ein menneskerett<\/h2>\n<p>Datatilsynet ser med stor uro p\u00e5 utviklinga.<\/p>\n<p>Dei har f\u00e5tt mange f\u00f8respurnader fr\u00e5 folk som reagerer negativt p\u00e5 at dei m\u00e5 betale for at personopplysningane deira ikkje skal brukast til \u00e5 persontilpasse reklame.<\/p>\n<p>\u2013 Personvern er ein menneskerett som ein ikkje skal betale for, seier direkt\u00f8r i Datatilsynet, Line Coll.<\/p>\n<p>\u2013 <span class=\"note\" data-content=\"&lt;p&gt;Personvernforordninga er ei lov\u00a0som har som form\u00e5l \u00e5 s\u00f8rgje for eit godt vern av personopplysningar.\u00a0Bakgrunnen for forordninga er eit \u00f8nske om \u00e5 betre enkeltpersonars moglegheit for \u00e5 kontrollere opplysningar som blir registrerte om dei.\u00a0&lt;\/p&gt; \" data-term=\"Personvernforordninga\">Personvernforordninga<\/span> krev at verksemder innhentar samtykke som skal givast frivillig. Datatilsynet set sp\u00f8rsm\u00e5lsteikn ved om samtykket er reelt sett frivillig dersom alternativet er \u00e5 betale, held ho fram.<\/p>\n<div id=\"1.16685500.9ef3dc05\" class=\"g100 col fc s10 sl12 sl18 sg6 sg9 image-reference image-reference--F169\"><!-- include: \/serum\/render?id=1.16685500&size=10&perspective=RICH&alignment=CENTER&caption=Datatilsynet+ser+med+stor+uro+p%C3%A5+utviklinga%2C+seier+direkt%C3%B8r+Line+Coll.+&type=image&aspect=F169&parentSize=10 --><!-- START: \/templates\/image\/image-rich.jsp --><\/p>\n<figure class=\"image widget rich\">\n<div class=\"responsive-img F169\"><img decoding=\"async\" sizes=\"(min-width:1180px) 639px, (min-width:720px) 56vw, 100vw\" srcset=\"https:\/\/gfx.nrk.no\/azzrcOE3KL8udbTAad4lAQdfeCN1zEMOuRyAXWC3qI-Q.jpg 80w, https:\/\/gfx.nrk.no\/azzrcOE3KL8udbTAad4lAQt78Sc3y5z0SRyAXWC3qI-Q.jpg 160w, https:\/\/gfx.nrk.no\/azzrcOE3KL8udbTAad4lAQWKVxaGYVr1qRyAXWC3qI-Q.jpg 350w, https:\/\/gfx.nrk.no\/azzrcOE3KL8udbTAad4lAQwFyO9NG420KRyAXWC3qI-Q.jpg 450w, https:\/\/gfx.nrk.no\/azzrcOE3KL8udbTAad4lAQL9xgqoS-y0yRyAXWC3qI-Q.jpg 650w, https:\/\/gfx.nrk.no\/azzrcOE3KL8udbTAad4lAQV-ccK7PEBa6RyAXWC3qI-Q.jpg 1000w, https:\/\/gfx.nrk.no\/azzrcOE3KL8udbTAad4lAQBZZzzuAwXT-RyAXWC3qI-Q.jpg 1200w, https:\/\/gfx.nrk.no\/azzrcOE3KL8udbTAad4lAQaktJ25cvvI-RyAXWC3qI-Q.jpg 1600w, https:\/\/gfx.nrk.no\/azzrcOE3KL8udbTAad4lAQkuF3lHFpYsiRyAXWC3qI-Q.jpg 2000w\" src=\"data:image\/gif;base64,R0lGODlhAQABAIAAAAAAAP\/\/\/yH5BAEAAAAALAAAAAABAAEAAAIBRAA7\" loading=\"eager\" alt=\"Line Direkt\u00f8r i Datatilsynet Line Coll \" title=\"Foto: Martin Gundersen \/ NRK\"\/><\/div><figcaption>\n<p class=\"\">Datatilsynet ser med stor uro p\u00e5 utviklinga, seier direkt\u00f8r Line Coll. <\/p>\n<p><small>Foto: Martin Gundersen \/ NRK<\/small><br \/>\n<\/figcaption><\/figure>\n<p><!-- END: \/templates\/image\/image-rich.jsp -->\n<\/div>\n<p>Ho fryktar kva som skjer dersom alle nettstader og appar f\u00f8lgjer etter, og peiker s\u00e6rleg p\u00e5 kva dette har \u00e5 seie for s\u00e5rbare grupper.<\/p>\n<p>\u2013 Datatilsynet er bekymra for at personvern p\u00e5 internett skal bli reservert for dei rike. Personvernet til andre grupper kan ogs\u00e5 bli pressa av denne typen l\u00f8ysingar, til d\u00f8mes barn og unge, eller andre s\u00e5rbare gruppe som ikkje har h\u00f8ve til \u00e5 betale eller finne personvernvennlege alternativ, seier Coll.<\/p>\n<p>Datatilsynet har vore i dialog med Schibsted om saka, og har bedt dei om \u00e5 vente p\u00e5 ei felles europeisk avklaring som er under arbeid.<\/p>\n<p>Schibsted har likevel valt \u00e5 g\u00e5 vidare med lanseringsdatoen 27. mai.<\/p>\n<h2>Meta har tatt i bruk liknande modell<\/h2>\n<p><span>Selskapet sende denne veka ut ein e-post til fleire av kundane sine.<\/span><\/p>\n<p><span>Forbrukarr\u00e5det seier at ogs\u00e5 dei har f\u00e5tt fleire meldingar fr\u00e5 folk er misforn\u00f8gde med l\u00f8ysinga.<\/span><\/p>\n<p>\u2013 Vi har f\u00e5tt mange f\u00f8respurnader fr\u00e5 oppr\u00f8rte forbrukarar. Her burde Schibsted sjekka lovlegheita med Datatilsynet f\u00f8r dei lanserte l\u00f8ysinga, seier fagdirekt\u00f8r Finn Myrstad i Forbrukarr\u00e5det.<\/p>\n<p>Schibsted er ikkje \u00e5leine om denne modellen. Store europeiske mediehus som tyske Der Spiegel, franske Le Monde og britiske The Guardian har allereie innf\u00f8rt liknande l\u00f8ysingar.<\/p>\n<div id=\"1.11316893.a0623f1f\" class=\"g100 col fc s10 sl12 sl18 sg6 sg9 image-reference image-reference--F169\"><!-- include: \/serum\/render?id=1.11316893&size=10&perspective=RICH&alignment=CENTER&caption=Tyske+Der+Spiegel+er+blant+avisene+som+no+har+tatt+i+bruk+den+nye+mo&type=image&aspect=F169&parentSize=10 --><!-- START: \/templates\/image\/image-rich.jsp --><\/p>\n<figure class=\"image widget rich\">\n<div class=\"responsive-img F169\"><img decoding=\"async\" sizes=\"(min-width:1180px) 639px, (min-width:720px) 56vw, 100vw\" srcset=\"https:\/\/gfx.nrk.no\/dPzTBFqmkImUIcD_2dVomQ2-YLIktckFJY2mQ4cmYHIg.jpg 80w, https:\/\/gfx.nrk.no\/dPzTBFqmkImUIcD_2dVomQRElR0BYCQGJY2mQ4cmYHIg.jpg 160w, https:\/\/gfx.nrk.no\/dPzTBFqmkImUIcD_2dVomQyRoGjlrL1V1Y2mQ4cmYHIg.jpg 350w, https:\/\/gfx.nrk.no\/dPzTBFqmkImUIcD_2dVomQ8EHput8HGMFY2mQ4cmYHIg.jpg 450w, https:\/\/gfx.nrk.no\/dPzTBFqmkImUIcD_2dVomQh-gTvnLOC1FY2mQ4cmYHIg.jpg 650w, https:\/\/gfx.nrk.no\/dPzTBFqmkImUIcD_2dVomQCJpKWl_Jv2dY2mQ4cmYHIg.jpg 1000w, https:\/\/gfx.nrk.no\/dPzTBFqmkImUIcD_2dVomQZda2u4lSZP1Y2mQ4cmYHIg.jpg 1200w, https:\/\/gfx.nrk.no\/dPzTBFqmkImUIcD_2dVomQuwuEpmzVUCNY2mQ4cmYHIg.jpg 1600w, https:\/\/gfx.nrk.no\/dPzTBFqmkImUIcD_2dVomQSEe-78zwgAxY2mQ4cmYHIg.jpg 2000w\" src=\"data:image\/gif;base64,R0lGODlhAQABAIAAAAAAAP\/\/\/yH5BAEAAAAALAAAAAABAAEAAAIBRAA7\" loading=\"eager\" alt=\"Der Spiegel\" title=\"Foto: Arnt Stefansen \/ NRK\"\/><\/div><figcaption>\n<p class=\"\">Tyske Der Spiegel er blant avisene som no har tatt i bruk den nye mo<\/p>\n<p><small>Foto: Arnt Stefansen \/ NRK<\/small><br \/>\n<\/figcaption><\/figure>\n<p><!-- END: \/templates\/image\/image-rich.jsp -->\n<\/div>\n<p>Ein liknande modell er ogs\u00e5 tatt i bruk av det amerikanske teknologiselskapet Meta, noko som har m\u00f8tt kritikk.<\/p>\n<p><!-- \/\/ Reference Autonomous --><\/p>\n<p>\u2013 Etter v\u00e5rt syn er denne typen l\u00f8ysingar i strid med krava i personopplysningslova. Dette er ogs\u00e5 bakgrunnen for at vi tidlegare har klaga inn Metas \u00abPay or OK\u00bb-l\u00f8ysing. Saka ligg framleis til behandling hos det irske datatilsynet, seier Myrstad i Forbrukarr\u00e5det.<\/p>\n<p>\u2013 <em><span><span><span><span><span><span><span><span><span><span><span><span><span><span><span><span><span><span>Fryktar de at fleire nettstader og appar vil bruke same modell?<\/span><\/span><\/span><\/span><\/span><\/span><\/span><\/span><\/span><\/span><\/span><\/span><\/span><\/span><\/span><\/span><\/span><\/span><\/em><\/p>\n<p><span><span><span><span><span><span><span><span><span><span><span><span><span><span><span><span><span><span>\u2013Ja, dette vil bidra til \u00e5 sette standarden for andre nettstader. Dei som \u00f8nskjer \u00e5 verne om personvernet sitt m\u00e5 betale titusenvis av kroner i m\u00e5naden for \u00e5 sleppe \u00e5 bli spora og utsett for personifisert reklame.<\/span><\/span><\/span><\/span><\/span><\/span><\/span><\/span><\/span><\/span><\/span><\/span><\/span><\/span><\/span><\/span><\/span><\/span><\/p>\n<div id=\"1.17541123.9f01f386\" class=\"g100 col fc s10 sl12 sl18 sg6 sg9 image-reference image-reference--F169\"><!-- include: \/serum\/render?id=1.17541123&size=10&perspective=RICH&alignment=CENTER&caption=Finn+Myrstad+er+fagdirekt%C3%B8r+i+Forbrukarr%C3%A5det&type=image&aspect=F169&parentSize=10 --><!-- START: \/templates\/image\/image-rich.jsp --><\/p>\n<figure class=\"image widget rich\">\n<div class=\"responsive-img F169\"><img decoding=\"async\" sizes=\"(min-width:1180px) 639px, (min-width:720px) 56vw, 100vw\" srcset=\"https:\/\/gfx.nrk.no\/-coEm_B4mfI6P5B9diilzAstiDMOBJk1ClKQVinug2Rg.jpg 80w, https:\/\/gfx.nrk.no\/-coEm_B4mfI6P5B9diilzAZMNlaa-VIJKlKQVinug2Rg.jpg 160w, https:\/\/gfx.nrk.no\/-coEm_B4mfI6P5B9diilzAvkC7a7DOPsqlKQVinug2Rg.jpg 350w, https:\/\/gfx.nrk.no\/-coEm_B4mfI6P5B9diilzADwIT1p-ozIGlKQVinug2Rg.jpg 450w, https:\/\/gfx.nrk.no\/-coEm_B4mfI6P5B9diilzAca1Q0p6ZaUalKQVinug2Rg.jpg 650w, https:\/\/gfx.nrk.no\/-coEm_B4mfI6P5B9diilzAwj2NI9UIrAalKQVinug2Rg.jpg 1000w, https:\/\/gfx.nrk.no\/-coEm_B4mfI6P5B9diilzAIkxV4hZLBXalKQVinug2Rg.jpg 1200w, https:\/\/gfx.nrk.no\/-coEm_B4mfI6P5B9diilzAtcUlXD4YX7WlKQVinug2Rg.jpg 1600w, https:\/\/gfx.nrk.no\/-coEm_B4mfI6P5B9diilzAtehDb5bn7E6lKQVinug2Rg.jpg 2000w\" src=\"data:image\/gif;base64,R0lGODlhAQABAIAAAAAAAP\/\/\/yH5BAEAAAAALAAAAAABAAEAAAIBRAA7\" loading=\"eager\" alt=\"en mann med hendene i ansiktet\" title=\"Foto: Stina Karin Haugen \/ NRK\"\/><\/div><figcaption>\n<p class=\"\">Finn Myrstad er fagdirekt\u00f8r i Forbrukarr\u00e5det<\/p>\n<p><small>Foto: Stina Karin Haugen \/ NRK<\/small><br \/>\n<\/figcaption><\/figure>\n<p><!-- END: \/templates\/image\/image-rich.jsp -->\n<\/div>\n<h2>Vi ser oss n\u00f8ydde til det<\/h2>\n<p>\u2013 <em>Korleis stiller de dykk til Datatilsynets tvil om eit samtykke er reelt frivillig n\u00e5r alternativet er betaling?<\/em><\/p>\n<p>\u2013 Vi er usamde i den premissen. Vi meiner dette gir brukarane eit reelt val: anten samtykke til bruk av data til persontilpassa annonsar, eller betale for \u00e5 unng\u00e5 dette. L\u00f8ysinga er utvikla etter grundige juridiske vurderingar og innanfor det handlingsrommet som i dag finst i Europa, svarar Bache Nordby i Schibsted.<\/p>\n<p><em>\u2013 Kvifor blir modellen innf\u00f8rt no, trass i oppmodingar om \u00e5 vente p\u00e5 ei felles europeisk avklaring?<\/em><\/p>\n<p>\u2013 Vi er kjende med arbeidet som g\u00e5r f\u00f8re seg i EU, og f\u00f8lgjer dette tett. Samtidig er dette ikkje eit grep vi tar fordi vi \u00f8nskjer det, men fordi vi ser oss n\u00f8ydde til det. N\u00e5r f\u00f8resetnadene for annonsefinansiert journalistikk blir endra, m\u00e5 ogs\u00e5 vi tilpasse oss for \u00e5 kunne halde oppe ein berekraftig modell for uavhengig journalistikk, svarar han vidare.<\/p>\n<p>\u00d8ystein Kristiansen er framleis i tenkeboksen om han skal seie opp abonnement sitt p\u00e5 Stavanger Aftenblad. Han seier han er uroa for korleis personopplysningane hans blir handterte.<\/p>\n<p>\u2013 Eg betaler jo ein gong i \u00e5ret. N\u00e5r dette g\u00e5r ut, s\u00e5 m\u00e5 eg vurdere det.<\/p>\n<\/div>\n<p>\n<span class=\"article-publish-date publish-date \"><br \/>\n<span class=\"article-dateline-annotation\">Publisert<\/span><br \/>\n<time class=\"datetime-absolute datePublished\" datetime=\"2026-04-30T17:40:51+02:00\"><br \/>\n30.04.2026, kl. 17.40<br \/>\n<\/time><br \/>\n<\/span>\n<\/p>\n<p><br \/>\n<br \/><a href=\"https:\/\/www.nrk.no\/rogaland\/kritisk-til-schibsteds-nye-_betal-eller-samtykk_-modell-1.17866076\">Kildelink <\/a><\/p>\n","protected":false},"excerpt":{"rendered":"<p>\u2013 Eg vurderer rett og slett \u00e5 seie opp heile abonnementet, seier \u00d8ystein Kristiansen fr\u00e5 Stavanger. Han er ein av mange som no reagerer p\u00e5 den nye annonsemodellen til mediekonsernet Schibsted. Fr\u00e5 og med slutten av mai innf\u00f8rer konsernet \u00abSchibsted annonseval\u00bb. Det betyr at viss du vil lese nyheiter utan at dataene dine blir brukte [&hellip;]<\/p>\n","protected":false},"author":1,"featured_media":6468,"comment_status":"","ping_status":"","sticky":false,"template":"","format":"standard","meta":{"footnotes":""},"categories":[108],"tags":[],"tmauthors":[],"class_list":{"0":"post-6467","1":"post","2":"type-post","3":"status-publish","4":"format-standard","5":"has-post-thumbnail","7":"category-lokalnyheter"},"_links":{"self":[{"href":"https:\/\/radiostavanger.no\/index.php?rest_route=\/wp\/v2\/posts\/6467","targetHints":{"allow":["GET"]}}],"collection":[{"href":"https:\/\/radiostavanger.no\/index.php?rest_route=\/wp\/v2\/posts"}],"about":[{"href":"https:\/\/radiostavanger.no\/index.php?rest_route=\/wp\/v2\/types\/post"}],"author":[{"embeddable":true,"href":"https:\/\/radiostavanger.no\/index.php?rest_route=\/wp\/v2\/users\/1"}],"replies":[{"embeddable":true,"href":"https:\/\/radiostavanger.no\/index.php?rest_route=%2Fwp%2Fv2%2Fcomments&post=6467"}],"version-history":[{"count":0,"href":"https:\/\/radiostavanger.no\/index.php?rest_route=\/wp\/v2\/posts\/6467\/revisions"}],"wp:featuredmedia":[{"embeddable":true,"href":"https:\/\/radiostavanger.no\/index.php?rest_route=\/wp\/v2\/media\/6468"}],"wp:attachment":[{"href":"https:\/\/radiostavanger.no\/index.php?rest_route=%2Fwp%2Fv2%2Fmedia&parent=6467"}],"wp:term":[{"taxonomy":"category","embeddable":true,"href":"https:\/\/radiostavanger.no\/index.php?rest_route=%2Fwp%2Fv2%2Fcategories&post=6467"},{"taxonomy":"post_tag","embeddable":true,"href":"https:\/\/radiostavanger.no\/index.php?rest_route=%2Fwp%2Fv2%2Ftags&post=6467"},{"taxonomy":"tmauthors","embeddable":true,"href":"https:\/\/radiostavanger.no\/index.php?rest_route=%2Fwp%2Fv2%2Ftmauthors&post=6467"}],"curies":[{"name":"wp","href":"https:\/\/api.w.org\/{rel}","templated":true}]}}