{"id":6469,"date":"2026-04-30T18:36:32","date_gmt":"2026-04-30T18:36:32","guid":{"rendered":"https:\/\/radiostavanger.no\/?p=6469"},"modified":"2026-04-30T18:36:32","modified_gmt":"2026-04-30T18:36:32","slug":"pensjonsalderen-pavirker-brannvesenet-nrk-rogaland-lokale-nyheter-tv-og-radio","status":"publish","type":"post","link":"https:\/\/radiostavanger.no\/?p=6469","title":{"rendered":"Pensjonsalderen p\u00e5virker brannvesenet \u2013 NRK Rogaland \u2013 Lokale nyheter, TV og radio"},"content":{"rendered":"<p><br \/>\n<\/p>\n<div data-main-content=\"\" data-ec-list=\"article_body\" data-ec-name=\"br\u00f8dtekst\">\n<p>Alarmen g\u00e5r.<\/p>\n<p>Kravene er de samme, uansett alder.<\/p>\n<p>I l\u00f8pet av ett minutt skal Steffen St\u00f8rseth (51) v\u00e6re klar til innsats i fullt utstyr.<\/p>\n<p><strong>\u2013 N\u00e5r jeg ligger og sover her oppe i tredje etasje, skal jeg kunne v\u00e6re klar til \u00e5 rykke ut p\u00e5 ett minutt. Og det vet jeg ikke om jeg kan n\u00e5r jeg blir 61 eller 62, forteller 51-\u00e5ringen.<\/strong><\/p>\n<p>Steffen St\u00f8rseth er underbrannmester i Rogaland brann- og redning, ved Varmen brannstasjon i Stavanger.<\/p>\n<div id=\"1.17866866.3858b8bd\" class=\"g100 col fc s10 sl12 sl18 sg6 sg9 image-reference image-reference--F169\"><!-- include: \/serum\/render?id=1.17866866&size=10&perspective=RICH&alignment=CENTER&caption=St%C3%B8rseth+har+jobbet+i+brannvesenet+i+25+%C3%A5r.&type=image&aspect=F169&parentSize=10 --><!-- START: \/templates\/image\/image-rich.jsp --><\/p>\n<figure class=\"image widget rich\">\n<div class=\"responsive-img F169\"><img decoding=\"async\" sizes=\"(min-width:1180px) 639px, (min-width:720px) 56vw, 100vw\" srcset=\"https:\/\/gfx.nrk.no\/avyQP-eh1QAECPiuMuV6WgzgZXrMgfi9SlrKpD4I2beg.jpg 80w, https:\/\/gfx.nrk.no\/avyQP-eh1QAECPiuMuV6WgueMRzbiKSP-lrKpD4I2beg.jpg 160w, https:\/\/gfx.nrk.no\/avyQP-eh1QAECPiuMuV6WgG1H_V1xdfy-lrKpD4I2beg.jpg 350w, https:\/\/gfx.nrk.no\/avyQP-eh1QAECPiuMuV6WgkkTQNZIrse-lrKpD4I2beg.jpg 450w, https:\/\/gfx.nrk.no\/avyQP-eh1QAECPiuMuV6WgfZ2VHwasAdmlrKpD4I2beg.jpg 650w, https:\/\/gfx.nrk.no\/avyQP-eh1QAECPiuMuV6WgTcGbg8m3cp6lrKpD4I2beg.jpg 1000w, https:\/\/gfx.nrk.no\/avyQP-eh1QAECPiuMuV6WgX4DwGsQG65KlrKpD4I2beg.jpg 1200w, https:\/\/gfx.nrk.no\/avyQP-eh1QAECPiuMuV6Wgp8V-vv6OiL2lrKpD4I2beg.jpg 1600w, https:\/\/gfx.nrk.no\/avyQP-eh1QAECPiuMuV6Wg-IVZh5guzl2lrKpD4I2beg.jpg 2000w\" src=\"data:image\/gif;base64,R0lGODlhAQABAIAAAAAAAP\/\/\/yH5BAEAAAAALAAAAAABAAEAAAIBRAA7\" loading=\"eager\" alt=\"Brannkonstabel foran en r\u00f8d brannbil\" title=\"Foto: Gina J\u00f8ers \/ NRK\"\/><\/div><figcaption>\n<p class=\"\">St\u00f8rseth har jobbet i brannvesenet i 25 \u00e5r.<\/p>\n<p><small>Foto: Gina J\u00f8ers \/ NRK<\/small><br \/>\n<\/figcaption><\/figure>\n<p><!-- END: \/templates\/image\/image-rich.jsp -->\n<\/div>\n<p>Han er bekymret for konsekvensene en potensiell hevet <span class=\"note\" data-content=\"&lt;p&gt;S\u00e6raldersgrense gjelder for bestemte yrkesgrupper som har spesielt fysiske- eller psykiske belastninger i jobben. Dette kan typisk v\u00e6re yrker som helsepersonell, renholdere, brannvesen eller andre stillinger hvor det er vurdert n\u00f8dvendig \u00e5 kunne fratre tidligere enn alminnelig pensjonsalder, i f\u00f8lge kommunal landspensjonskasse (KLP)&lt;\/p&gt; \" data-term=\"s\u00e6raldersgrense\">s\u00e6raldersgrense<\/span> vil f\u00e5 for brannyrket.<\/p>\n<p>S\u00e6raldersgrensen er 60 \u00e5r for brannkonstabler. Da har de rett til \u00e5 g\u00e5 av med pensjon, men ingen plikt til \u00e5 g\u00e5 av.<\/p>\n<p>De kan derimot velge \u00e5 st\u00e5 i jobb til de er 72 dersom de \u00f8nsker det.<\/p>\n<p>S\u00e6raldersgrensen gjelder brann- og redning, helse- og omsorg, politi, forsvar og renholdere.<\/p>\n<div id=\"1.17866780.29194a28\" class=\"g100 col fc s10 sl12 sl18 sg6 sg9 fact-reference\"><!-- include: \/serum\/render?id=1.17866780&size=10&perspective=BRIEF&alignment=CENTER&variant=maximized&parentSize=10 --><\/p>\n<aside class=\" fact widget brief skin-background-50 darkmode-skin-background-900 skin-text-950 skin-anchor-child-700 skin-anchor-child-800--hover darkmode-skin-text-50 darkmode-skin-anchor-child-200 darkmode-skin-anchor-child-300--hover fact--full\" role=\"complementary\" data-id=\"1.17866780\" id=\"fact-1-17866780\" aria-labelledby=\"fact-1-17866780_title\" data-ec-id=\"pp:article:1.17866780\" data-ec-name=\"Hovedpunkter i lovendringene om nye pensjonsregler for s\u00e6raldersgrense:\" data-ec-category=\"fact--full\">\n<h3 class=\"fact__title title\" id=\"fact-1-17866780_title\">Hovedpunkter i lovendringene om nye pensjonsregler for s\u00e6raldersgrense:<\/h3>\n<p><button class=\"fact__expand\" data-k5a-pos=\"faktaboks\" data-factid=\"fact-1-17866780\"><\/p>\n<p><\/button><\/p>\n<div class=\"fact__body text-body skin-text-950 skin-anchor-child-700 skin-anchor-child-800--hover darkmode-skin-text-50 darkmode-skin-anchor-child-200 darkmode-skin-anchor-child-300--hover \" aria-hidden=\"false\">\n<ul>\n<li>Det innf\u00f8res et livsvarig tillegg i alderspensjonen, s\u00e5kalt s\u00e6raldersp\u00e5slag.<\/li>\n<li><strong>S\u00e6raldersgrensene skal \u00f8ke i takt med \u00f8kningen i den vanlige pensjonsalderen i folketrygden.<\/strong><\/li>\n<li>Tidligpensjon som i dag gjelder for de som er f\u00f8dt i 1962 og tidligere, blir videref\u00f8rt for de eldste \u00e5rskullene.<\/li>\n<li>Det blir innf\u00f8rt en ny tidligpensjon for de som har s\u00e6raldersgrense 60 \u00e5r, og som er f\u00f8dt i 1970 og senere.<\/li>\n<li>Uf\u00f8re med s\u00e6raldersgrense skal beholde uf\u00f8repensjonen frem til 67 \u00e5r, eller til det tidspunktet man f\u00e5r en ubetinget rett til alderspensjon fra folketrygden.<\/li>\n<\/ul>\n<p><em>Kilde: KLP (Kommunal landspensjonskasse)<\/em><\/p>\n<\/div>\n<\/aside>\n<\/div>\n<p>Et av hovedpunktene i lovendringene er at s\u00e6raldersgrensene skal \u00f8ke i takt med \u00f8kningen i den vanlige pensjonsalderen i folketrygden. Noe som vil si at den skal ha en gradvis \u00f8kning med \u00e5rene, i samsvar med at vi lever lengre, if\u00f8lge Kommunal Landspensjonskasse (KLP).<\/p>\n<p>Konsekvensene er at brannkonstabler blir st\u00e5ende lengre i jobb enn i dag.<\/p>\n<p><strong>Derfor velger Rogaland brann- og redning i \u00e5r \u00e5 g\u00e5 i 1. mai tog i Stavanger for f\u00f8rste gang p\u00e5 50 \u00e5r.<\/strong><\/p>\n<div id=\"1.17866861.36ce26a1\" class=\"g100 col fc s10 sl12 sl18 sg6 sg9 image-reference image-reference--F169\"><!-- include: \/serum\/render?id=1.17866861&size=10&perspective=RICH&alignment=CENTER&caption=Steffen+St%C3%B8rseth+og+Kenneth+Sola+%28tillitsvalgt+i+Rogaland+brannkorpsforening%29+g%C3%A5r+sammen+med+de+%C3%B8vrige+fagforeningene+i+1.+mai-toget+i+Stavanger.&type=image&aspect=F169&parentSize=10 --><!-- START: \/templates\/image\/image-rich.jsp --><\/p>\n<figure class=\"image widget rich\">\n<div class=\"responsive-img F169\"><img decoding=\"async\" sizes=\"(min-width:1180px) 639px, (min-width:720px) 56vw, 100vw\" srcset=\"https:\/\/gfx.nrk.no\/7zUV7nnONIN7K03TarQdwQovu-rLamYO-0Vdk9SVlsnw.jpg 80w, https:\/\/gfx.nrk.no\/7zUV7nnONIN7K03TarQdwQH5ILQ_kmfmm0Vdk9SVlsnw.jpg 160w, https:\/\/gfx.nrk.no\/7zUV7nnONIN7K03TarQdwQzPB9CyEiFSK0Vdk9SVlsnw.jpg 350w, https:\/\/gfx.nrk.no\/7zUV7nnONIN7K03TarQdwQPjNpvmS3pXy0Vdk9SVlsnw.jpg 450w, https:\/\/gfx.nrk.no\/7zUV7nnONIN7K03TarQdwQtR_v1VY4e_u0Vdk9SVlsnw.jpg 650w, https:\/\/gfx.nrk.no\/7zUV7nnONIN7K03TarQdwQYM3iMsvLu4u0Vdk9SVlsnw.jpg 1000w, https:\/\/gfx.nrk.no\/7zUV7nnONIN7K03TarQdwQOf3nySd-YwK0Vdk9SVlsnw.jpg 1200w, https:\/\/gfx.nrk.no\/7zUV7nnONIN7K03TarQdwQbuZi0L80OEC0Vdk9SVlsnw.jpg 1600w, https:\/\/gfx.nrk.no\/7zUV7nnONIN7K03TarQdwQ1GNUoZdIhpe0Vdk9SVlsnw.jpg 2000w\" src=\"data:image\/gif;base64,R0lGODlhAQABAIAAAAAAAP\/\/\/yH5BAEAAAAALAAAAAABAAEAAAIBRAA7\" loading=\"eager\" alt=\"To brannkonstabler utenfor en brannstasjon. \" title=\"Foto: Gina J\u00f8ers \/ NRK\"\/><\/div><figcaption>\n<p class=\"\">Steffen St\u00f8rseth og Kenneth Sola (tillitsvalgt i Rogaland brannkorpsforening) g\u00e5r sammen med de \u00f8vrige fagforeningene i 1. mai-toget i Stavanger.<\/p>\n<p><small>Foto: Gina J\u00f8ers \/ NRK<\/small><br \/>\n<\/figcaption><\/figure>\n<p><!-- END: \/templates\/image\/image-rich.jsp -->\n<\/div>\n<p>St\u00f8rseth er initiativtaker til toget i Stavanger.<\/p>\n<p>\u00d8nsket er \u00e5 sette lys p\u00e5 de nye pensjonsreglene som tredde i kraft 1. januar 2026.<\/p>\n<p>B\u00e5de i Bergen og Oslo skal brannvesenet g\u00e5 under samme parole i toget.<\/p>\n<p><strong>\u2013 Jeg er bekymret for mine kollegaers fremtid og innbyggernes trygghet. Men selvf\u00f8lgelig ogs\u00e5 for min egen del, dette handler om alle oss som er satt her for \u00e5 hjelpe.<\/strong><\/p>\n<h2><span>\u2013 Ikke greit<\/span><\/h2>\n<p>Til tross for endringene i pensjonsreglene opplever St\u00f8rseth at det har v\u00e6rt ganske stille fra brannkonstabler i Rogaland.<\/p>\n<p><strong>\u2013 Vi sitter her og vi godtar ting. Jeg synes ikke det er greit \u00e5 kutte v\u00e5r pensjonsalder. De kutter p\u00e5 helsen v\u00e5r og p\u00e5 samfunnet.<\/strong><\/p>\n<p>\u2013 Jeg tror at det er mange unge her som tenker at pensjonsalderen er langt frem, forteller St\u00f8rseth.<\/p>\n<div id=\"1.17867318.8be50000\" class=\"g100 col fc s10 sl12 sl18 sg6 sg9 image-reference image-reference--F169\"><!-- include: \/serum\/render?id=1.17867318&size=10&perspective=RICH&alignment=CENTER&caption=Selv+er+St%C3%B8rseth+51+%C3%A5r%2C+og+kunne+ha+g%C3%A5tt+av+om+seks+%C3%A5r+i+forhold+til+den+eldre+pensjonsordningen.&type=image&aspect=F169&parentSize=10 --><!-- START: \/templates\/image\/image-rich.jsp --><\/p>\n<figure class=\"image widget rich\">\n<div class=\"responsive-img F169\"><img decoding=\"async\" sizes=\"(min-width:1180px) 639px, (min-width:720px) 56vw, 100vw\" srcset=\"https:\/\/gfx.nrk.no\/Id4098NfP4yZcCjv3Wt5qgnyfLlBcjxoaheuM7uZ1nwA.jpg 80w, https:\/\/gfx.nrk.no\/Id4098NfP4yZcCjv3Wt5qgkhH26pgYYauheuM7uZ1nwA.jpg 160w, https:\/\/gfx.nrk.no\/Id4098NfP4yZcCjv3Wt5qgTrNEiBZA-KOheuM7uZ1nwA.jpg 350w, https:\/\/gfx.nrk.no\/Id4098NfP4yZcCjv3Wt5qgAZ9gyQZ9TdCheuM7uZ1nwA.jpg 450w, https:\/\/gfx.nrk.no\/Id4098NfP4yZcCjv3Wt5qgkXzxg-dD_3mheuM7uZ1nwA.jpg 650w, https:\/\/gfx.nrk.no\/Id4098NfP4yZcCjv3Wt5qgVoeOIkpkl9WheuM7uZ1nwA.jpg 1000w, https:\/\/gfx.nrk.no\/Id4098NfP4yZcCjv3Wt5qgfV1sNiIXts-heuM7uZ1nwA.jpg 1200w, https:\/\/gfx.nrk.no\/Id4098NfP4yZcCjv3Wt5qg7DdGa9_7K5qheuM7uZ1nwA.jpg 1600w, https:\/\/gfx.nrk.no\/Id4098NfP4yZcCjv3Wt5qgu_srFPpNRxqheuM7uZ1nwA.jpg 2000w\" src=\"data:image\/gif;base64,R0lGODlhAQABAIAAAAAAAP\/\/\/yH5BAEAAAAALAAAAAABAAEAAAIBRAA7\" loading=\"eager\" alt=\"Steffen St\u00f8rseth brann konstabel\" title=\"Foto: Gina J\u00f8ers \/ NRK\"\/><\/div><figcaption>\n<p class=\"\">Selv er St\u00f8rseth 51 \u00e5r, og kunne ha g\u00e5tt av om seks \u00e5r i forhold til den eldre pensjonsordningen.<\/p>\n<p><small>Foto: Gina J\u00f8ers \/ NRK<\/small><br \/>\n<\/figcaption><\/figure>\n<p><!-- END: \/templates\/image\/image-rich.jsp -->\n<\/div>\n<p>N\u00e5 m\u00e5 han jobbe til han er 60 \u00e5r, men for generasjoner etter han kan de risikere \u00e5 vente lengre f\u00f8r de g\u00e5r av med pensjon.<\/p>\n<p>Regjeringen forsvarer endringene med at befolkningen lever lengre og har bedre helse.<\/p>\n<p>\u2013 Selv om ansatte i brannyrket, som alle \u00f8vrige deler av arbeidslivet, over tid m\u00e5 st\u00e5 noe lenger i arbeid ivaretar de nye pensjonsreglene hensynet til \u00e5 sikre pensjonen til de som slutter tidlig, sier statssekret\u00e6r i Arbeids- og inkluderingsdepartementet, Edvin S\u00f8vik (H).<\/p>\n<div id=\"1.17867226.586d27d9\" class=\"g100 col fc s10 sl12 sl18 sg6 sg9 image-reference image-reference--F11\"><!-- include: \/serum\/render?id=1.17867226&size=10&perspective=RICH&alignment=CENTER&caption=I+tillegg+til+at+bedre+helse+og+mer+forebygging+treffer+bredt%2C+ogs%C3%A5+i+brannyrket%2C+skriver+statssekret%C3%A6ren.&type=image&aspect=F11&parentSize=10 --><!-- START: \/templates\/image\/image-rich.jsp --><\/p>\n<figure class=\"image widget rich\">\n<div class=\"responsive-img F11\"><img decoding=\"async\" sizes=\"(min-width:1180px) 639px, (min-width:720px) 56vw, 100vw\" srcset=\"https:\/\/gfx.nrk.no\/vXdZtpFgbklfcVLVODhyQAxY8xylw_w0anylY5AGiFuQ.jpg 80w, https:\/\/gfx.nrk.no\/vXdZtpFgbklfcVLVODhyQAC2GjyZ0vHRKnylY5AGiFuQ.jpg 160w, https:\/\/gfx.nrk.no\/vXdZtpFgbklfcVLVODhyQAJIbKw8CxYSSnylY5AGiFuQ.jpg 350w, https:\/\/gfx.nrk.no\/vXdZtpFgbklfcVLVODhyQAHKe9um5rUianylY5AGiFuQ.jpg 450w, https:\/\/gfx.nrk.no\/vXdZtpFgbklfcVLVODhyQAC_n6DC0pcASnylY5AGiFuQ.jpg 650w, https:\/\/gfx.nrk.no\/vXdZtpFgbklfcVLVODhyQAAouPrqqZBAOnylY5AGiFuQ.jpg 1000w, https:\/\/gfx.nrk.no\/vXdZtpFgbklfcVLVODhyQAdMxweLWTzC6nylY5AGiFuQ.jpg 1200w, https:\/\/gfx.nrk.no\/vXdZtpFgbklfcVLVODhyQA1YTVkicEIJ-nylY5AGiFuQ.jpg 1600w, https:\/\/gfx.nrk.no\/vXdZtpFgbklfcVLVODhyQAbIr_PFeOqBGnylY5AGiFuQ.jpg 2000w\" src=\"data:image\/gif;base64,R0lGODlhAQABAIAAAAAAAP\/\/\/yH5BAEAAAAALAAAAAABAAEAAAIBRAA7\" loading=\"eager\" alt=\"Fylkesr\u00e5d for finans i Viken, Edvin S\u00f8vik\" title=\"Foto: NTB\"\/><\/div><figcaption>\n<p class=\"\">I tillegg til at bedre helse og mer forebygging treffer bredt, ogs\u00e5 i brannyrket, skriver statssekret\u00e6ren.<\/p>\n<p><small>Foto: NTB<\/small><br \/>\n<\/figcaption><\/figure>\n<p><!-- END: \/templates\/image\/image-rich.jsp -->\n<\/div>\n<p><strong>\u2013 Jeg mener at tjenesten vi gir til innbyggerne i denne byen og rundt omkring i landet vil bli d\u00e5rligere n\u00e5r pensjonsalderen g\u00e5r opp, og vi m\u00e5 st\u00e5 lengre i jobb, sier underbrannmester <\/strong><strong>St\u00f8rseth.<\/strong><\/p>\n<p>St\u00f8rseth har v\u00e6rt i bransjen i 25 \u00e5r, og begynner \u00e5 kjenne det p\u00e5 kroppen. Han legger heller ikke skjul p\u00e5 at yrket ikke er ufarlig og er usikker p\u00e5 om han klarer \u00e5 gjennomf\u00f8re jobben like bra n\u00e5r han bikker 60 \u00e5r.<\/p>\n<p>\u2013 Ting skjer jo selv om du tar vare p\u00e5 kroppen din. Vi trener her daglig og de fleste brannmenn er i ganske grei form. Men det kommer til et punkt der ikke bare trening hjelper heller.<\/p>\n<h2><span>Ingen sikkerhetsnett<\/span><\/h2>\n<p>Brannkonstabler m\u00e5 best\u00e5 fysiske og medisinske tester.<\/p>\n<p>Fra fylte 50 \u00e5r blir de medisinske sjekkene hyppigere.<\/p>\n<p>Selv om ansatte f\u00e5r tett oppf\u00f8lging, tid til opptrening og ny test dersom de stryker, skaper den \u00f8kte s\u00e6raldersgrensen bekymring.<\/p>\n<div id=\"1.17867423.c5a34f99\" class=\"g100 col fc s10 sl12 sl18 sg6 sg9 image-reference image-reference--F169\"><!-- include: \/serum\/render?id=1.17867423&size=10&perspective=RICH&alignment=CENTER&caption=Brannsjef+i+Rogaland+brann-+og+redning%2C+Razmus+Viggen%2C+peker+p%C3%A5+en+utfordring+ved+at+konstablene+m%C3%A5+st%C3%A5+lengre+i+jobb+de+kommende+%C3%A5rene.&type=image&aspect=F169&parentSize=10 --><!-- START: \/templates\/image\/image-rich.jsp --><\/p>\n<figure class=\"image widget rich\">\n<div class=\"responsive-img F169\"><img decoding=\"async\" sizes=\"(min-width:1180px) 639px, (min-width:720px) 56vw, 100vw\" srcset=\"https:\/\/gfx.nrk.no\/gf45qxdKh07Z2Rlgy0PVcgmncTSz1luy8JQs7MjAQ0Yg.jpg 80w, https:\/\/gfx.nrk.no\/gf45qxdKh07Z2Rlgy0PVcgh5_zuuf8Q7UJQs7MjAQ0Yg.jpg 160w, https:\/\/gfx.nrk.no\/gf45qxdKh07Z2Rlgy0PVcgky1e-klfBDsJQs7MjAQ0Yg.jpg 350w, https:\/\/gfx.nrk.no\/gf45qxdKh07Z2Rlgy0PVcgl8RTh6c4v2AJQs7MjAQ0Yg.jpg 450w, https:\/\/gfx.nrk.no\/gf45qxdKh07Z2Rlgy0PVcgyfRF_TacxxoJQs7MjAQ0Yg.jpg 650w, https:\/\/gfx.nrk.no\/gf45qxdKh07Z2Rlgy0PVcgV8NF37D16eYJQs7MjAQ0Yg.jpg 1000w, https:\/\/gfx.nrk.no\/gf45qxdKh07Z2Rlgy0PVcgttkhIL8hEQoJQs7MjAQ0Yg.jpg 1200w, https:\/\/gfx.nrk.no\/gf45qxdKh07Z2Rlgy0PVcgA18ufHhccgUJQs7MjAQ0Yg.jpg 1600w, https:\/\/gfx.nrk.no\/gf45qxdKh07Z2Rlgy0PVcgz6L_Erj7HPgJQs7MjAQ0Yg.jpg 2000w\" src=\"data:image\/gif;base64,R0lGODlhAQABAIAAAAAAAP\/\/\/yH5BAEAAAAALAAAAAABAAEAAAIBRAA7\" loading=\"eager\" alt=\"Brannsjef Rogaland Razmus Viggen\" title=\"Foto: Kari Synn\u00f8ve Vigre, Rogaland brann og redning. \/ Rogaland brann og redning.\"\/><\/div><figcaption>\n<p class=\"\">Brannsjef i Rogaland brann- og redning, Razmus Viggen, peker p\u00e5 en utfordring ved at konstablene m\u00e5 st\u00e5 lengre i jobb de kommende \u00e5rene.<\/p>\n<p><small>Foto: Kari Synn\u00f8ve Vigre, Rogaland brann og redning. \/ Rogaland brann og redning.<\/small><br \/>\n<\/figcaption><\/figure>\n<p><!-- END: \/templates\/image\/image-rich.jsp -->\n<\/div>\n<p>\u2013 En utfordring for oss som arbeidsgiver er dersom vi m\u00e5 tilrettelegge for flere enn vi har anledning for. Til slutt vil det ikke v\u00e6re behov eller stillinger som man kan tilrettelegge for, forteller Viggen.<\/p>\n<p>St\u00f8rre brannvesen som i Rogaland har mer rom for tilrettelegging enn de sm\u00e5, men problemet vedvarer.<\/p>\n<p><strong>\u2013 Det finnes ikke nok alternative stillinger til alle som ikke lengre kan st\u00e5 i operativt arbeid, sier brannsjefen.<\/strong><\/p>\n<p>I politiet derimot er det st\u00f8rre rom for \u00e5 overf\u00f8re ansatte til mindre krevende fysiske stillinger.<\/p>\n<div id=\"1.17866842.333a2ee0\" class=\"g100 col fc s10 sl12 sl18 sg6 sg9 image-reference image-reference--F169\"><!-- include: \/serum\/render?id=1.17866842&size=10&perspective=RICH&alignment=CENTER&caption=St%C3%B8rseth+uttrykker+bekymring+rundt+at+han+ikke+har+noe+%C3%A5+falle+tilbake+p%C3%A5+dersom+han+om+noen+%C3%A5r+ikke+er+skikket+til+%C3%A5+v%C3%A6re+r%C3%B8yk-+og+vanndykker.&type=image&aspect=F169&parentSize=10 --><!-- START: \/templates\/image\/image-rich.jsp --><\/p>\n<figure class=\"image widget rich\">\n<div class=\"responsive-img F169\"><img decoding=\"async\" sizes=\"(min-width:1180px) 639px, (min-width:720px) 56vw, 100vw\" srcset=\"https:\/\/gfx.nrk.no\/lEf5jxTkgGT27tdY-TJsOgXep-qP0LicktBgCwoOWBEQ.jpg 80w, https:\/\/gfx.nrk.no\/lEf5jxTkgGT27tdY-TJsOg_tN8YhjgdgItBgCwoOWBEQ.jpg 160w, https:\/\/gfx.nrk.no\/lEf5jxTkgGT27tdY-TJsOgjzMLkWL7f4MtBgCwoOWBEQ.jpg 350w, https:\/\/gfx.nrk.no\/lEf5jxTkgGT27tdY-TJsOgVvOsvCtvtugtBgCwoOWBEQ.jpg 450w, https:\/\/gfx.nrk.no\/lEf5jxTkgGT27tdY-TJsOgQuNbNSIxkIotBgCwoOWBEQ.jpg 650w, https:\/\/gfx.nrk.no\/lEf5jxTkgGT27tdY-TJsOgf715OapE30stBgCwoOWBEQ.jpg 1000w, https:\/\/gfx.nrk.no\/lEf5jxTkgGT27tdY-TJsOgS2cL09GP7GgtBgCwoOWBEQ.jpg 1200w, https:\/\/gfx.nrk.no\/lEf5jxTkgGT27tdY-TJsOgPzImIxAlM2UtBgCwoOWBEQ.jpg 1600w, https:\/\/gfx.nrk.no\/lEf5jxTkgGT27tdY-TJsOgvVBXls2_VBotBgCwoOWBEQ.jpg 2000w\" src=\"data:image\/gif;base64,R0lGODlhAQABAIAAAAAAAP\/\/\/yH5BAEAAAAALAAAAAABAAEAAAIBRAA7\" loading=\"eager\" alt=\"Brannkonstabel i sort uniform fremfor en brannbil.\" title=\"Foto: Gina J\u00f8ers \/ NRK\"\/><\/div><figcaption>\n<p class=\"\">St\u00f8rseth uttrykker bekymring rundt at han ikke har noe \u00e5 falle tilbake p\u00e5 dersom han om noen \u00e5r ikke er skikket til \u00e5 v\u00e6re r\u00f8yk- og vanndykker.<\/p>\n<p><small>Foto: Gina J\u00f8ers \/ NRK<\/small><br \/>\n<\/figcaption><\/figure>\n<p><!-- END: \/templates\/image\/image-rich.jsp -->\n<\/div>\n<p>\u2013 Det er ikke noe sikkerhetsnett for oss. I politiet kan man gjerne veksle mellom kontor og gate, men vi har ikke noe slikt. Hvis man ikke best\u00e5r de fysiske testene, f\u00e5r man ikke sitte i bilen lenger, sier han.<\/p>\n<p><strong>Dermed kan det f\u00f8re til at brannkonstabler m\u00e5 g\u00e5 av i jobb f\u00f8r de selv \u00f8nsker.<\/strong><\/p>\n<p>Statssekret\u00e6ren har likevel tro p\u00e5 at kommunene m\u00e5 finne l\u00f8sninger for \u00e5 bruke kompetansen til erfarne brannfolk.<\/p>\n<p>\u2013 Vi \u00f8nsker ikke en pliktig fratredelsesalder p\u00e5 60 \u00e5r. Det tar ikke hensyn til at helse og arbeidsevne kan variere betydelig. Brannkonstabler som \u00f8nsker \u00e5 jobbe lenger enn 60 \u00e5r b\u00f8r f\u00e5 muligheten til det, skriver S\u00f8vik.<\/p>\n<\/div>\n<p>\n<span class=\"article-publish-date publish-date \"><br \/>\n<span class=\"article-dateline-annotation\">Publisert<\/span><br \/>\n<time class=\"datetime-absolute datePublished\" datetime=\"2026-04-30T20:24:30+02:00\"><br \/>\n30.04.2026, kl. 20.24<br \/>\n<\/time><br \/>\n<\/span>\n<\/p>\n<p><br \/>\n<br \/><a href=\"https:\/\/www.nrk.no\/rogaland\/pensjonsalderen-pavirker-brannvesenet-1.17863996\">Kildelink <\/a><\/p>\n","protected":false},"excerpt":{"rendered":"<p>Alarmen g\u00e5r. Kravene er de samme, uansett alder. I l\u00f8pet av ett minutt skal Steffen St\u00f8rseth (51) v\u00e6re klar til innsats i fullt utstyr. \u2013 N\u00e5r jeg ligger og sover her oppe i tredje etasje, skal jeg kunne v\u00e6re klar til \u00e5 rykke ut p\u00e5 ett minutt. Og det vet jeg ikke om jeg kan [&hellip;]<\/p>\n","protected":false},"author":1,"featured_media":6470,"comment_status":"","ping_status":"","sticky":false,"template":"","format":"standard","meta":{"footnotes":""},"categories":[108],"tags":[],"tmauthors":[],"class_list":{"0":"post-6469","1":"post","2":"type-post","3":"status-publish","4":"format-standard","5":"has-post-thumbnail","7":"category-lokalnyheter"},"_links":{"self":[{"href":"https:\/\/radiostavanger.no\/index.php?rest_route=\/wp\/v2\/posts\/6469","targetHints":{"allow":["GET"]}}],"collection":[{"href":"https:\/\/radiostavanger.no\/index.php?rest_route=\/wp\/v2\/posts"}],"about":[{"href":"https:\/\/radiostavanger.no\/index.php?rest_route=\/wp\/v2\/types\/post"}],"author":[{"embeddable":true,"href":"https:\/\/radiostavanger.no\/index.php?rest_route=\/wp\/v2\/users\/1"}],"replies":[{"embeddable":true,"href":"https:\/\/radiostavanger.no\/index.php?rest_route=%2Fwp%2Fv2%2Fcomments&post=6469"}],"version-history":[{"count":0,"href":"https:\/\/radiostavanger.no\/index.php?rest_route=\/wp\/v2\/posts\/6469\/revisions"}],"wp:featuredmedia":[{"embeddable":true,"href":"https:\/\/radiostavanger.no\/index.php?rest_route=\/wp\/v2\/media\/6470"}],"wp:attachment":[{"href":"https:\/\/radiostavanger.no\/index.php?rest_route=%2Fwp%2Fv2%2Fmedia&parent=6469"}],"wp:term":[{"taxonomy":"category","embeddable":true,"href":"https:\/\/radiostavanger.no\/index.php?rest_route=%2Fwp%2Fv2%2Fcategories&post=6469"},{"taxonomy":"post_tag","embeddable":true,"href":"https:\/\/radiostavanger.no\/index.php?rest_route=%2Fwp%2Fv2%2Ftags&post=6469"},{"taxonomy":"tmauthors","embeddable":true,"href":"https:\/\/radiostavanger.no\/index.php?rest_route=%2Fwp%2Fv2%2Ftmauthors&post=6469"}],"curies":[{"name":"wp","href":"https:\/\/api.w.org\/{rel}","templated":true}]}}